{"id":6032,"date":"2011-05-02T09:49:23","date_gmt":"2011-05-02T09:49:23","guid":{"rendered":"https:\/\/archivioturi.lavocedelpaese.info\/index.php\/2011\/05\/02\/in-tv-don-maurizio-e-il-teatro-delloratorio\/"},"modified":"2011-05-02T09:49:23","modified_gmt":"2011-05-02T09:49:23","slug":"in-tv-don-maurizio-e-il-teatro-delloratorio","status":"publish","type":"post","link":"https:\/\/archivioturi.lavocedelpaese.info\/index.php\/2011\/05\/02\/in-tv-don-maurizio-e-il-teatro-delloratorio\/","title":{"rendered":"IN TV DON MAURIZIO E IL TEATRO DELL\u2019ORATORIO"},"content":{"rendered":"<p><img loading=\"lazy\" decoding=\"async\" class=\" size-full wp-image-6030\" alt=\"IMG_3949\" height=\"150\" width=\"320\" src=\"https:\/\/archivioturi.lavocedelpaese.info\/wp-content\/uploads\/2011\/05\/IMG_3949.jpg\" srcset=\"https:\/\/archivioturi.lavocedelpaese.info\/wp-content\/uploads\/2011\/05\/IMG_3949.jpg 640w, https:\/\/archivioturi.lavocedelpaese.info\/wp-content\/uploads\/2011\/05\/IMG_3949-300x142.jpg 300w\" sizes=\"auto, (max-width: 320px) 100vw, 320px\" \/><\/p>\n<p><img loading=\"lazy\" decoding=\"async\" class=\" alignright size-full wp-image-1835\" style=\"margin-top: 10px; margin-bottom: 10px; margin-left: 10px; float: right;\" alt=\"locandina\" height=\"298\" width=\"235\" src=\"https:\/\/archivioturi.lavocedelpaese.info\/wp-content\/uploads\/2010\/04\/locandina.jpg\" \/><\/p>\n<div style=\"text-align: justify;\">Marted\u00ec 3 maggio don Maurizio Caldararo e i ragazzi del Teatro dell\u2019Oratorio sbarcano in televisione. Parteciperanno al format \u201c\u00c8 sempre festa\u201d, programma di Canale 7 condotto da Viviano e Mimmo Bagnardi e che d\u00e0 la possibilit\u00e0 a cantanti, attori e ballerini di esprimere le proprie capacit\u00e0. Il Teatro dell\u2019Oratorio presenter\u00e0 quattro canzoni tratte dal musical su don Bosco. Si tratta di un lavoro del 2008, scritto e realizzato da Piero Castellacci e Renato Biagioli, con le musiche di Giampaolo Belardinelli e che vede Marcello Cirillo, noto ai pi\u00f9 nel duo Antonio e Marcello fondato nel 1976 e che attualmente conduce la trasmissione \u201cI fatti vostri\u201d su Rai 2, nei panni di don Bosco.<\/div>\n<p>\u00a0<\/p>\n<p style=\"text-align: justify;\">Il Teatro dell\u2019Oratorio, che ha gi\u00e0 rappresentato Madre Teresa di Calcutta e Il Risorto, ha colto la sfida di proporre la vita di don Bosco, fondatore dei Salesiani e dell\u2019Oratorio, proprio nell\u2019anno del Giubileo della parrocchia Maria SS. Ausialiatrice.<\/p>\n<p><img loading=\"lazy\" decoding=\"async\" class=\" alignleft size-full wp-image-6031\" style=\"margin-top: 10px; margin-right: 10px; margin-bottom: 10px; float: left;\" alt=\"musical_alberobello\" height=\"235\" width=\"314\" src=\"https:\/\/archivioturi.lavocedelpaese.info\/wp-content\/uploads\/2011\/05\/musical_alberobello.jpg\" srcset=\"https:\/\/archivioturi.lavocedelpaese.info\/wp-content\/uploads\/2011\/05\/musical_alberobello.jpg 314w, https:\/\/archivioturi.lavocedelpaese.info\/wp-content\/uploads\/2011\/05\/musical_alberobello-300x225.jpg 300w\" sizes=\"auto, (max-width: 314px) 100vw, 314px\" \/><\/p>\n<p style=\"text-align: justify;\">Infatti l\u2019appuntamento con il debutto \u00e8 a Turi, il 22 agosto, a conclusione dell\u2019anno giubilare. Don Maurizio, impegnatissimo tra prove e preparativi, e tutti i partecipanti del Teatro dell\u2019Oratorio, una trentina tra attori cantanti e ballerini, ricordano che la trasmissione andr\u00e0 in onda su Canale 7 alle 21 di gioved\u00ec 5 maggio.<\/p>\n<p>\u00a0<\/p>\n","protected":false},"excerpt":{"rendered":"<p><img loading=\"lazy\" decoding=\"async\" class=\" size-full wp-image-6030\" alt=\"IMG_3949\" height=\"150\" width=\"320\" src=\"https:\/\/archivioturi.lavocedelpaese.info\/wp-content\/uploads\/2011\/05\/IMG_3949.jpg\" srcset=\"https:\/\/archivioturi.lavocedelpaese.info\/wp-content\/uploads\/2011\/05\/IMG_3949.jpg 640w, https:\/\/archivioturi.lavocedelpaese.info\/wp-content\/uploads\/2011\/05\/IMG_3949-300x142.jpg 300w\" sizes=\"auto, (max-width: 320px) 100vw, 320px\" \/><\/p>\n","protected":false},"author":1,"featured_media":6030,"comment_status":"open","ping_status":"closed","sticky":false,"template":"","format":"standard","meta":{"colormag_page_container_layout":"default_layout","colormag_page_sidebar_layout":"default_layout","footnotes":""},"categories":[7],"tags":[],"class_list":["post-6032","post","type-post","status-publish","format-standard","has-post-thumbnail","hentry","category-attualita"],"_links":{"self":[{"href":"https:\/\/archivioturi.lavocedelpaese.info\/index.php\/wp-json\/wp\/v2\/posts\/6032","targetHints":{"allow":["GET"]}}],"collection":[{"href":"https:\/\/archivioturi.lavocedelpaese.info\/index.php\/wp-json\/wp\/v2\/posts"}],"about":[{"href":"https:\/\/archivioturi.lavocedelpaese.info\/index.php\/wp-json\/wp\/v2\/types\/post"}],"author":[{"embeddable":true,"href":"https:\/\/archivioturi.lavocedelpaese.info\/index.php\/wp-json\/wp\/v2\/users\/1"}],"replies":[{"embeddable":true,"href":"https:\/\/archivioturi.lavocedelpaese.info\/index.php\/wp-json\/wp\/v2\/comments?post=6032"}],"version-history":[{"count":0,"href":"https:\/\/archivioturi.lavocedelpaese.info\/index.php\/wp-json\/wp\/v2\/posts\/6032\/revisions"}],"wp:featuredmedia":[{"embeddable":true,"href":"https:\/\/archivioturi.lavocedelpaese.info\/index.php\/wp-json\/wp\/v2\/media\/6030"}],"wp:attachment":[{"href":"https:\/\/archivioturi.lavocedelpaese.info\/index.php\/wp-json\/wp\/v2\/media?parent=6032"}],"wp:term":[{"taxonomy":"category","embeddable":true,"href":"https:\/\/archivioturi.lavocedelpaese.info\/index.php\/wp-json\/wp\/v2\/categories?post=6032"},{"taxonomy":"post_tag","embeddable":true,"href":"https:\/\/archivioturi.lavocedelpaese.info\/index.php\/wp-json\/wp\/v2\/tags?post=6032"}],"curies":[{"name":"wp","href":"https:\/\/api.w.org\/{rel}","templated":true}]}}