{"id":5951,"date":"2011-04-25T04:41:17","date_gmt":"2011-04-25T04:41:17","guid":{"rendered":"https:\/\/archivioturi.lavocedelpaese.info\/index.php\/2011\/04\/25\/aria-pasquale-nel-forno-daddante\/"},"modified":"2011-04-25T04:41:17","modified_gmt":"2011-04-25T04:41:17","slug":"aria-pasquale-nel-forno-daddante","status":"publish","type":"post","link":"https:\/\/archivioturi.lavocedelpaese.info\/index.php\/2011\/04\/25\/aria-pasquale-nel-forno-daddante\/","title":{"rendered":"ARIA PASQUALE NEL FORNO D\u2019ADDANTE"},"content":{"rendered":"<p><img loading=\"lazy\" decoding=\"async\" class=\" size-full wp-image-5950\" src=\"https:\/\/archivioturi.lavocedelpaese.info\/wp-content\/uploads\/2011\/04\/100_1259.jpg\" width=\"320\" height=\"150\" alt=\"100_1259\" srcset=\"https:\/\/archivioturi.lavocedelpaese.info\/wp-content\/uploads\/2011\/04\/100_1259.jpg 640w, https:\/\/archivioturi.lavocedelpaese.info\/wp-content\/uploads\/2011\/04\/100_1259-300x141.jpg 300w\" sizes=\"auto, (max-width: 320px) 100vw, 320px\" \/><\/p>\n<p style=\"text-align: justify;\">In occasione delle festivit\u00e0 pasquali i signori Florio e Borracci hanno riaperto il Forno D\u2019Addante ospitando, dalla mattinata di domenica 17, un altarino con rami d\u2019olivo benedetti.<\/p>\n<p style=\"text-align: justify;\">Forti delle loro convinzioni e della storia di cui si impregna il centro storico turese, restio alla giusta valorizzazione delle sue bellezze, Paolo\u00a0 Borracci e Paolo Florio hanno dato lustro all\u2019antico forno dei Cicoria in via Forno D\u2019Addante.<\/p>\n<p style=\"text-align: justify;\">Apertura che si ripropone in queste giornate di festivit\u00e0 pasquali, arricchito di un nuovo elemento rispetto alla precedente apertura avvenuta nel periodo delle festivit\u00e0 natalizie, offre un omaggio alla sacralit\u00e0 della nativit\u00e0, realizzato in pietra pugliese dall\u2019artista Michele Giannini di Santeramo in Colle. Artista che ha consolidato la sua passione per il presepio, ne ha realizzato uno ogni anno per i suoi concittadini, frutto di un saper fare acquisito da bambino.<\/p>\n<p style=\"text-align: justify;\">Il forno dei Cicoria documenta inoltre le principali attivit\u00e0 produttive del nostro Paese, in un percorso che si articola in due sale espositive dove riscontriamo oggetti legati alle attivit\u00e0 domestiche e all\u2019agricoltura. L\u2019esposizione \u00e8 accompagnata da un omaggio in onore del periodo pasquale che tutti noi ci apprestiamo a vivere.<\/p>\n<p style=\"text-align: justify;\">Il forno D\u2019Addante fu costruito nel XV secolo, interamente in pietra a vista con solai a botte e con le chianche di pavimentazione come era consuetudine a quei tempi. Risulta composto da due stanze semi interrate che si affacciano sulla via omonima, stanze che oggi si apprestano ad una magnifica esposizione artistica, un vero e proprio tuffo nel passato e nella tradizione presepistica.<\/p>\n<p style=\"text-align: justify;\">L\u2019opera di Paolo Borracci e Paolo Florio risulta un cammino metaforicamente lontanissimo, che affonda le radici nel recupero delle tradizioni e della storia di una terra, Turi, affascinante ma spesso poco valorizzata.<\/p>\n<p style=\"text-align: justify;\">L\u2019invito \u00e8 di visitare il forno che sar\u00e0 aperto per tutte le festivit\u00e0 pasquali.<\/p>\n<p>\u00a0<\/p>\n<p><object data=\"https:\/\/picasaweb.google.com\/s\/c\/bin\/slideshow.swf\" type=\"application\/x-shockwave-flash\" height=\"660\" width=\"660\"><param name=\"flashvars\" value=\"host=picasaweb.google.com&amp;hl=it&amp;feat=flashalbum&amp;RGB=0x000000&amp;feed=https%3A%2F%2Fpicasaweb.google.com%2Fdata%2Ffeed%2Fapi%2Fuser%2Fredazioneturiweb%2Falbumid%2F5599407008687557809%3Falt%3Drss%26kind%3Dphoto%26hl%3Dit\" \/><param name=\"src\" value=\"https:\/\/picasaweb.google.com\/s\/c\/bin\/slideshow.swf\" \/><\/object><\/p>\n","protected":false},"excerpt":{"rendered":"<p><img loading=\"lazy\" decoding=\"async\" class=\" size-full wp-image-5950\" src=\"https:\/\/archivioturi.lavocedelpaese.info\/wp-content\/uploads\/2011\/04\/100_1259.jpg\" width=\"320\" height=\"150\" alt=\"100_1259\" srcset=\"https:\/\/archivioturi.lavocedelpaese.info\/wp-content\/uploads\/2011\/04\/100_1259.jpg 640w, https:\/\/archivioturi.lavocedelpaese.info\/wp-content\/uploads\/2011\/04\/100_1259-300x141.jpg 300w\" sizes=\"auto, (max-width: 320px) 100vw, 320px\" \/><\/p>\n","protected":false},"author":1,"featured_media":5950,"comment_status":"open","ping_status":"closed","sticky":false,"template":"","format":"standard","meta":{"colormag_page_container_layout":"default_layout","colormag_page_sidebar_layout":"default_layout","footnotes":""},"categories":[6],"tags":[],"class_list":["post-5951","post","type-post","status-publish","format-standard","has-post-thumbnail","hentry","category-cultura"],"_links":{"self":[{"href":"https:\/\/archivioturi.lavocedelpaese.info\/index.php\/wp-json\/wp\/v2\/posts\/5951","targetHints":{"allow":["GET"]}}],"collection":[{"href":"https:\/\/archivioturi.lavocedelpaese.info\/index.php\/wp-json\/wp\/v2\/posts"}],"about":[{"href":"https:\/\/archivioturi.lavocedelpaese.info\/index.php\/wp-json\/wp\/v2\/types\/post"}],"author":[{"embeddable":true,"href":"https:\/\/archivioturi.lavocedelpaese.info\/index.php\/wp-json\/wp\/v2\/users\/1"}],"replies":[{"embeddable":true,"href":"https:\/\/archivioturi.lavocedelpaese.info\/index.php\/wp-json\/wp\/v2\/comments?post=5951"}],"version-history":[{"count":0,"href":"https:\/\/archivioturi.lavocedelpaese.info\/index.php\/wp-json\/wp\/v2\/posts\/5951\/revisions"}],"wp:featuredmedia":[{"embeddable":true,"href":"https:\/\/archivioturi.lavocedelpaese.info\/index.php\/wp-json\/wp\/v2\/media\/5950"}],"wp:attachment":[{"href":"https:\/\/archivioturi.lavocedelpaese.info\/index.php\/wp-json\/wp\/v2\/media?parent=5951"}],"wp:term":[{"taxonomy":"category","embeddable":true,"href":"https:\/\/archivioturi.lavocedelpaese.info\/index.php\/wp-json\/wp\/v2\/categories?post=5951"},{"taxonomy":"post_tag","embeddable":true,"href":"https:\/\/archivioturi.lavocedelpaese.info\/index.php\/wp-json\/wp\/v2\/tags?post=5951"}],"curies":[{"name":"wp","href":"https:\/\/api.w.org\/{rel}","templated":true}]}}