{"id":5945,"date":"2011-04-23T06:27:05","date_gmt":"2011-04-23T06:27:05","guid":{"rendered":"https:\/\/archivioturi.lavocedelpaese.info\/index.php\/2011\/04\/23\/con-le-immagini-dei-santi-sepolcri-la-redazione-augura-buona-pasqua\/"},"modified":"2011-04-23T06:27:05","modified_gmt":"2011-04-23T06:27:05","slug":"con-le-immagini-dei-santi-sepolcri-la-redazione-augura-buona-pasqua","status":"publish","type":"post","link":"https:\/\/archivioturi.lavocedelpaese.info\/index.php\/2011\/04\/23\/con-le-immagini-dei-santi-sepolcri-la-redazione-augura-buona-pasqua\/","title":{"rendered":"LE IMMAGINI DEI SANTI SEPOLCRI. BUONA PASQUA"},"content":{"rendered":"<p><img loading=\"lazy\" decoding=\"async\" class=\" size-full wp-image-5944\" src=\"https:\/\/archivioturi.lavocedelpaese.info\/wp-content\/uploads\/2011\/04\/SAN_GIOVANNI.jpg\" width=\"320\" height=\"150\" alt=\"SAN_GIOVANNI\" srcset=\"https:\/\/archivioturi.lavocedelpaese.info\/wp-content\/uploads\/2011\/04\/SAN_GIOVANNI.jpg 640w, https:\/\/archivioturi.lavocedelpaese.info\/wp-content\/uploads\/2011\/04\/SAN_GIOVANNI-300x141.jpg 300w\" sizes=\"auto, (max-width: 320px) 100vw, 320px\" \/> <\/p>\n<p style=\"text-align: center;\"><strong><span style=\"font-size: 12pt;\"><span style=\"font-family: verdana, geneva;\">I SEPOLCRI. TRA MEDITAZIONE E PELLEGRINAGGIO<\/span><\/span><\/strong><\/p>\n<p style=\"text-align: justify;\">Nella serata del Gioved\u00ec Santo, come ogni anno, si \u00e8 consumato il \u201cgiro dei Sepolcri\u201d, che resta uno degli eventi pi\u00f9 sentiti dai fedeli come hanno dimostrato le lunghe file di devoti davanti alle parrocchie del nostro paese.<\/p>\n<p style=\"text-align: justify;\">Ogni comunit\u00e0 parrocchiale si \u00e8 diretta in processione per visitare nelle altre chiese i \u201csepolcri\u201d realizzati all\u2019interno di esse per adorare il Santissimo Sacramento, proseguito per tutta la notte fino alla mattina seguente .I Sepolcri, rappresentativi della morte di Cristo, sono le decorazioni poste al cosiddetto Altare della Reposizione, Altare dove viene collocato il Pane Consacrato nel triduo pasquale. Sembra che l\u2019origine dei Sepolcri sia legata agli altari allestiti \u201cin Coena Domini\u201d per rappresentare il Pane Eucaristico per la Comunione e non per raffigurare il Sepolcro di Ges\u00f9, come comunemente si crede. Nell\u2019altare vengono in genere collocati il tavolo, simbolo del sacrificio e dell\u2019imminente Pasqua, il pane ed il vino, i tredici piatti degli apostoli e il tabernacolo dove \u00e8 collocata la SS. Eucarestia.<\/p>\n<p style=\"text-align: justify;\">Tra gli addobbi tipici riscontrati in tutte le parrocchie del nostro paese abbiamo notato i fiori bianchi, simbolo del passaggio dalle tenebre della morte di Ges\u00f9 alla sua Resurrezione. Molto suggestivo e simbolico \u00e8 risultato l\u2019Altare della Reposizione della parrocchia Maria SS.Ausiliatrice, dove il Tabernacolo di Ges\u00f9 \u00e8 contornato da tre elementi altamente simbolici, quali i mattoni rappresentativi del tempio della comunit\u00e0 cristiana, il pane spezzato segno di condivisione e di amore ed infine i lumini rappresentativi della sorgente di luce emessa da Ges\u00f9 che inonda il nostro cuore.<\/p>\n<p style=\"text-align: justify;\">La giornata di gioved\u00ec, primo giorno del triduo della settimana Santa, ha rappresentato un momento di incisiva riflessione per ogni cristiano, che ha ritrovato la propria essenza in Cristo, il quale come uomo sente tutto il peso, l&#8217;angoscia e l&#8217;amarezza del calice che si accinge a bere, ma nel contempo d\u00e0 l&#8217;evidente testimonianza della forza dello Spirito che vince sulla debolezza della carne. Cristo, nella piena consapevolezza del suo gesto, destinato a vincere e rivelare il mistero della morte, che in conseguenza del peccato &#8220;originale&#8221; aveva condannato l&#8217;uomo alle tenebre eterne, si rivolge in completo abbandono al Padre: &#8220;sia fatta non la mia, ma la tua volont\u00e0&#8221;.<\/p>\n<p style=\"text-align: justify;\">A distanza di oltre duemila anni, queste sono ancora oggi le vere parole che esprimono pienamente il &#8220;mistero della fede&#8221;.Dobbiamo dare atto che a Turi, ogni anno, qualunque visitatore pu\u00f2 rimanere stupito ed incantato per l&#8217;amore e la dedizione che traspare dall&#8217;allestimento dei &#8220;Sepolcri&#8221;.<\/p>\n<p><object data=\"https:\/\/picasaweb.google.com\/s\/c\/bin\/slideshow.swf\" type=\"application\/x-shockwave-flash\" height=\"660\" width=\"660\"><param name=\"flashvars\" value=\"host=picasaweb.google.com&amp;hl=it&amp;feat=flashalbum&amp;RGB=0x000000&amp;feed=https%3A%2F%2Fpicasaweb.google.com%2Fdata%2Ffeed%2Fapi%2Fuser%2Fredazioneturiweb%2Falbumid%2F5598660732763545825%3Falt%3Drss%26kind%3Dphoto%26hl%3Dit\" \/><param name=\"src\" value=\"https:\/\/picasaweb.google.com\/s\/c\/bin\/slideshow.swf\" \/><\/object><\/p>\n","protected":false},"excerpt":{"rendered":"<p><img loading=\"lazy\" decoding=\"async\" class=\" size-full wp-image-5944\" src=\"https:\/\/archivioturi.lavocedelpaese.info\/wp-content\/uploads\/2011\/04\/SAN_GIOVANNI.jpg\" width=\"320\" height=\"150\" alt=\"SAN_GIOVANNI\" srcset=\"https:\/\/archivioturi.lavocedelpaese.info\/wp-content\/uploads\/2011\/04\/SAN_GIOVANNI.jpg 640w, https:\/\/archivioturi.lavocedelpaese.info\/wp-content\/uploads\/2011\/04\/SAN_GIOVANNI-300x141.jpg 300w\" sizes=\"auto, (max-width: 320px) 100vw, 320px\" \/> <\/p>\n","protected":false},"author":1,"featured_media":5944,"comment_status":"open","ping_status":"closed","sticky":false,"template":"","format":"standard","meta":{"colormag_page_container_layout":"default_layout","colormag_page_sidebar_layout":"default_layout","footnotes":""},"categories":[7],"tags":[],"class_list":["post-5945","post","type-post","status-publish","format-standard","has-post-thumbnail","hentry","category-attualita"],"_links":{"self":[{"href":"https:\/\/archivioturi.lavocedelpaese.info\/index.php\/wp-json\/wp\/v2\/posts\/5945","targetHints":{"allow":["GET"]}}],"collection":[{"href":"https:\/\/archivioturi.lavocedelpaese.info\/index.php\/wp-json\/wp\/v2\/posts"}],"about":[{"href":"https:\/\/archivioturi.lavocedelpaese.info\/index.php\/wp-json\/wp\/v2\/types\/post"}],"author":[{"embeddable":true,"href":"https:\/\/archivioturi.lavocedelpaese.info\/index.php\/wp-json\/wp\/v2\/users\/1"}],"replies":[{"embeddable":true,"href":"https:\/\/archivioturi.lavocedelpaese.info\/index.php\/wp-json\/wp\/v2\/comments?post=5945"}],"version-history":[{"count":0,"href":"https:\/\/archivioturi.lavocedelpaese.info\/index.php\/wp-json\/wp\/v2\/posts\/5945\/revisions"}],"wp:featuredmedia":[{"embeddable":true,"href":"https:\/\/archivioturi.lavocedelpaese.info\/index.php\/wp-json\/wp\/v2\/media\/5944"}],"wp:attachment":[{"href":"https:\/\/archivioturi.lavocedelpaese.info\/index.php\/wp-json\/wp\/v2\/media?parent=5945"}],"wp:term":[{"taxonomy":"category","embeddable":true,"href":"https:\/\/archivioturi.lavocedelpaese.info\/index.php\/wp-json\/wp\/v2\/categories?post=5945"},{"taxonomy":"post_tag","embeddable":true,"href":"https:\/\/archivioturi.lavocedelpaese.info\/index.php\/wp-json\/wp\/v2\/tags?post=5945"}],"curies":[{"name":"wp","href":"https:\/\/api.w.org\/{rel}","templated":true}]}}