{"id":5936,"date":"2011-04-19T08:15:34","date_gmt":"2011-04-19T08:15:34","guid":{"rendered":"https:\/\/archivioturi.lavocedelpaese.info\/index.php\/2011\/04\/19\/non-permetto-strumentalizzazioni-politiche\/"},"modified":"2011-04-19T08:15:34","modified_gmt":"2011-04-19T08:15:34","slug":"non-permetto-strumentalizzazioni-politiche","status":"publish","type":"post","link":"https:\/\/archivioturi.lavocedelpaese.info\/index.php\/2011\/04\/19\/non-permetto-strumentalizzazioni-politiche\/","title":{"rendered":"118. LA VERSIONE DI PAOLO TUNDO"},"content":{"rendered":"<p><img loading=\"lazy\" decoding=\"async\" class=\" size-full wp-image-5935\" src=\"https:\/\/archivioturi.lavocedelpaese.info\/wp-content\/uploads\/2011\/04\/UTE.jpg\" width=\"320\" height=\"150\" alt=\"UTE\" srcset=\"https:\/\/archivioturi.lavocedelpaese.info\/wp-content\/uploads\/2011\/04\/UTE.jpg 640w, https:\/\/archivioturi.lavocedelpaese.info\/wp-content\/uploads\/2011\/04\/UTE-300x141.jpg 300w\" sizes=\"auto, (max-width: 320px) 100vw, 320px\" \/><\/p>\n<p style=\"text-align: justify;\">In merito all\u2019episodio abbiamo ascoltato anche la <strong>versione del vicesindaco Paolo Tundo.<\/strong><\/p>\n<p style=\"text-align: justify;\">Il vicesindaco \u00e8 apparso molto risoluto e tranquillo alle nostre domande, perch\u00e9 conscio di essersi impegnato per il bene della comunit\u00e0 turese e della permanenza del 118 medicalizzato. \u201c? una priorit\u00e0 assoluta \u2013 dice &#8211; non permettere che venga spostato in altri paesi, insieme alla guardia medica, perch\u00e9 \u00e8 fondamentale che a Turi, dove mancano le strutture sanitarie, ci sia almeno il servizio di primo soccorso.\u201d<\/p>\n<p style=\"text-align: justify;\">Tundo, molto amareggiato per il comportamento della prof.ssa Vittore, ha spiegato che non ammette alcune strumentalizzazioni sull\u2019argomento e che la politica in questo caso non centra nulla. Si tratta del bene del paese e che tutti devono collaborare affinch\u00e9 si realizzi questo ideale. Ci ha spiegato che nei prossimi tempi, a causa dell\u2019abbattimento dell\u2019ospedale, previsto entro la fine di giugno, le associazioni che risiedono attualmente in via Conversano dovranno trovare accoglimento altrove e che il Comune si sta adoperando per trovar loro una sistemazione idonea.<\/p>\n<p style=\"text-align: justify;\">Il vicesindaco ha annunciato anche che \u201cnei prossimi due anni, sulle ceneri dell\u2019ospedale, sorger\u00e0 una ASL nuova di zecca, \u00a0con strumentazioni all\u2019avanguardia, grazie a finanziamenti a fondo perduto. E l\u00ec verranno insediati anche il 118 e la guardia medica. Gi\u00e0 \u00e8 pronta una bozza di progettazione per questa struttura sanitaria. Quindi il loro trasferimento avr\u00e0 la durata di circa due anni. Per questo motivo ci sar\u00e0 uno slittamento a catena delle altre associazioni che, molto probabilmente, saranno insediate nei locali al primo piano della biblioteca comunale. Si tratta di una situazione temporanea; non vedo quale sia la tragicit\u00e0 della cosa. Appena sar\u00e0 pronta la struttura sanitaria, tutti si riapproprieranno dei locali a cui sono affezionati. ? un piccolo sacrificio per tutti. Non stiamo cacciando nessuno, ma stiamo gestendo al meglio le risorse comunali. Mi prendo le responsabilit\u00e0 di questo atto e non permetto che si strumentalizzi politicamente questa azione o di essere boicottato affinch\u00e8 non si proceda. In un paese civile le soluzioni si trovano con la massima garbatezza, insieme.\u201d<\/p>\n<p style=\"text-align: justify;\">Tundo ha anche dichiarato che \u201cqualora l\u2019UTE si opponga allo spostamento del 118 nei propri locali, in prima persona scender\u00e0 in piazza e in un pubblico comizio dichiarer\u00e0 che sar\u00e0 stata colpa loro se il 118 sparir\u00e0 da Turi. A Carmela voglio bene, ma si sta comportando da donna di sinistra e non ha alcuna autorevolezza in merito. Non vuole che il 118 vada l\u00ec, unico luogo che possa accoglierlo.<\/p>\n<p style=\"text-align: justify;\">Loro avevano un contratto fino al 31 dicembre. Ora di quei locali possiamo farne quello che riteniamo giusto per il paese. Lei si \u00e8 inalberata perche non vuole lasciare quella struttura, a cui capisco che \u00e8 legata, ma che \u00e8 pur sempre pubblica. Avranno presto la comunicazione della loro destinazione. La professoressa protesta da mesi; contesta qualsiasi locale che le abbiamo proposto, anche gli altri disponibili nella stessa scuola media, nell\u2019altra ala della struttura.<\/p>\n<p style=\"text-align: justify;\">Purtroppo non \u00e8 accettabile questo ostruzionismo. Chi frena un processo di sviluppo e ci fa perdere possibilit\u00e0 di mantenere le realt\u00e0 mediche non dimostra maturit\u00e0. Tra un mese e mezzo, verosimilmente un mese prima dell\u2019abbattimento dell\u2019ospedale, il 118 si sposter\u00e0 presso le scuole medie. Non butteremo per strada nessuno. Tutti avranno una sede temporanea, per poi tornare.<\/p>\n<p style=\"text-align: justify;\">Sono amareggiato perch\u00e9 non sto ricevendo ringraziamenti per essermi impegnato a tenere il 118 a Turi; piuttosto sto avendo questi dispiaceri.\u201d<\/p>\n<p style=\"text-align: justify;\">E sulla pericolosit\u00e0 della la zona, frequentata da bambini e ragazzi, per la presenza di scuole, gruppo scout, Oratorio e societ\u00e0 sportive, chiediamo a Tundo cosa ne pensa: \u201cNessuno avr\u00e0 problemi di alcun tipo. Sar\u00e0 programmato tutto. Le ambulanze si muoveranno comodamente e non ci saranno pericoli per i bambini.\u201d<\/p>\n","protected":false},"excerpt":{"rendered":"<p><img loading=\"lazy\" decoding=\"async\" class=\" size-full wp-image-5935\" src=\"https:\/\/archivioturi.lavocedelpaese.info\/wp-content\/uploads\/2011\/04\/UTE.jpg\" width=\"320\" height=\"150\" alt=\"UTE\" srcset=\"https:\/\/archivioturi.lavocedelpaese.info\/wp-content\/uploads\/2011\/04\/UTE.jpg 640w, https:\/\/archivioturi.lavocedelpaese.info\/wp-content\/uploads\/2011\/04\/UTE-300x141.jpg 300w\" sizes=\"auto, (max-width: 320px) 100vw, 320px\" \/><\/p>\n","protected":false},"author":1,"featured_media":5935,"comment_status":"open","ping_status":"closed","sticky":false,"template":"","format":"standard","meta":{"colormag_page_container_layout":"default_layout","colormag_page_sidebar_layout":"default_layout","footnotes":""},"categories":[4],"tags":[],"class_list":["post-5936","post","type-post","status-publish","format-standard","has-post-thumbnail","hentry","category-politica"],"_links":{"self":[{"href":"https:\/\/archivioturi.lavocedelpaese.info\/index.php\/wp-json\/wp\/v2\/posts\/5936","targetHints":{"allow":["GET"]}}],"collection":[{"href":"https:\/\/archivioturi.lavocedelpaese.info\/index.php\/wp-json\/wp\/v2\/posts"}],"about":[{"href":"https:\/\/archivioturi.lavocedelpaese.info\/index.php\/wp-json\/wp\/v2\/types\/post"}],"author":[{"embeddable":true,"href":"https:\/\/archivioturi.lavocedelpaese.info\/index.php\/wp-json\/wp\/v2\/users\/1"}],"replies":[{"embeddable":true,"href":"https:\/\/archivioturi.lavocedelpaese.info\/index.php\/wp-json\/wp\/v2\/comments?post=5936"}],"version-history":[{"count":0,"href":"https:\/\/archivioturi.lavocedelpaese.info\/index.php\/wp-json\/wp\/v2\/posts\/5936\/revisions"}],"wp:featuredmedia":[{"embeddable":true,"href":"https:\/\/archivioturi.lavocedelpaese.info\/index.php\/wp-json\/wp\/v2\/media\/5935"}],"wp:attachment":[{"href":"https:\/\/archivioturi.lavocedelpaese.info\/index.php\/wp-json\/wp\/v2\/media?parent=5936"}],"wp:term":[{"taxonomy":"category","embeddable":true,"href":"https:\/\/archivioturi.lavocedelpaese.info\/index.php\/wp-json\/wp\/v2\/categories?post=5936"},{"taxonomy":"post_tag","embeddable":true,"href":"https:\/\/archivioturi.lavocedelpaese.info\/index.php\/wp-json\/wp\/v2\/tags?post=5936"}],"curies":[{"name":"wp","href":"https:\/\/api.w.org\/{rel}","templated":true}]}}