{"id":5934,"date":"2011-04-19T08:11:34","date_gmt":"2011-04-19T08:11:34","guid":{"rendered":"https:\/\/archivioturi.lavocedelpaese.info\/index.php\/2011\/04\/19\/vittore-non-vogliamo-finire-in-un-tugurio\/"},"modified":"2011-04-19T08:11:34","modified_gmt":"2011-04-19T08:11:34","slug":"vittore-non-vogliamo-finire-in-un-tugurio","status":"publish","type":"post","link":"https:\/\/archivioturi.lavocedelpaese.info\/index.php\/2011\/04\/19\/vittore-non-vogliamo-finire-in-un-tugurio\/","title":{"rendered":"VITTORE: \u201cNON VOGLIAMO FINIRE IN UN TUGURIO\u201d"},"content":{"rendered":"<p><img loading=\"lazy\" decoding=\"async\" class=\" size-full wp-image-5933\" alt=\"100_7964\" height=\"150\" width=\"320\" src=\"https:\/\/archivioturi.lavocedelpaese.info\/wp-content\/uploads\/2011\/04\/100_7964.jpg\" srcset=\"https:\/\/archivioturi.lavocedelpaese.info\/wp-content\/uploads\/2011\/04\/100_7964.jpg 640w, https:\/\/archivioturi.lavocedelpaese.info\/wp-content\/uploads\/2011\/04\/100_7964-300x141.jpg 300w\" sizes=\"auto, (max-width: 320px) 100vw, 320px\" \/><\/p>\n<p style=\"text-align: justify;\">Gioved\u00ec 7 aprile, presso la sede dell\u2019Universit\u00e0 della Terza Et\u00e0, sita nei locali a piano terra delle scuole medie, \u00e8 avvenuto uno spiacevole episodio che ha visto come protagonisti la presidente della suddetta Associazione, prof.ssa Carmela Vittore e il vicesindaco Paolo Tundo.<\/p>\n<p style=\"text-align: justify;\"><strong>Quella che spiegheremo in seguito \u00e8 la versione della presidente dell\u2019UTE.<\/strong><\/p>\n<p style=\"text-align: justify;\">Intorno alle 17.00 del pomeriggio, orario di inizio lezioni, la sig.ra Vittore si \u00e8 recata come di consueto presso la sede e si \u00e8 imbattuta negli uomini del 118, che, unitamente all\u2019ingegnere comunale e al vicesindaco, stavano effettuando un sopralluogo all\u2019interno dei locali dell\u2019UTE e dell\u2019ufficio collocamento per predisporre lo spostamento, in quelle stanze, dei servizi del 118 medicalizzato e della guardia medica.<\/p>\n<p style=\"text-align: justify;\">C\u2019\u00e8 stato poco tempo per spiegarsi, visto che la situazione \u00e8 degenerata in manciate di secondi: Carmela Vittore si \u00e8 ribellata per la visita non preannunciata e l\u2019introduzione senza autorizzazione in tutte le stanze, ove c\u2019erano tanti computer e strumenti di lavoro per le varie attivit\u00e0. Inoltre ha spiacevolmente appreso che si stesse gi\u00e0 assegnando le stanze a medici ed infermieri.<\/p>\n<p style=\"text-align: justify;\">La prof.ssa Vittore ha mandato via tutte le persone presenti &#8211;\u00a0 a suo dire &#8211; senza alcuna autorizzazione, sentendosi defraudata di uno spazio che gestisce da sette anni. Ha minacciato di denunciare i presenti per abuso di potere e violazione di domicilio. Dopodich\u00e9 pare che il vicesindaco l\u2019abbia tacciata di essere \u201csinistroide\u201d, che quei locali, essendo del Comune, possono essere gestiti senza problemi dall\u2019Amministrazione e che cos\u00ec facendo sarebbe stata colpevole del mancato arrivo dei finanziamenti per il Comune e della scomparsa del 118 a Turi. Inoltre non sembra aver dato alcun dettaglio aggiuntivo quando ha spiegato che la destinazione dell\u2019UTE fosse gi\u00e0 stata predisposta.<\/p>\n<p style=\"text-align: justify;\">La Presidente ci ha spiegato che negli ultimi sette anni ha sempre gestito autonomamente quei locali, e che per gli ultimi due fu stipulata una convenzione con i Comune con cui si prevedeva, fino al 31 dicembre scorso, la locazione gratuita dei locali, con le spese di luce, acqua, fogna e pulizia a carico dell\u2019associazione. Non essendoci stata alcuna richiesta di sfratto fatta in tempo utile, l\u2019UTE rivendica che il contratto di locazione si sia rinnovato automaticamente per altri due anni, in rispetto alla regola del tacito consenso, e che questa situazione sia inconcepibile dopo tutti i sacrifici fatti e l\u2019amore messo in atto per tenere in condizioni ottimali la sede. \u201cLo stato dei luoghi, oggettivamente impeccabile, \u00e8 fonte di orgoglio per tutti i componenti dell\u2019Universit\u00e0.\u201d<\/p>\n<p style=\"text-align: justify;\">Infine Carmela Vittore ha fatto alcune riflessioni: \u201cE se avessero recato dei danni? se non si fosse ritrovato qualcosa, chi avrebbe pagato? e se fossimo stati fuori per qualche giorno? magari avremmo trovato la sede gi\u00e0 occupata da altri. Per statuto, l\u2019UTE, essendo una scuola per adulti, deve essere allocata in una struttura scolastica. Per spostarci in altri locali le nostre esigenze devono essere rispettate; non vogliamo finire in un tugurio. La cultura non ha colore politico e quindi l\u2019offesa \u201csinistroide\u201d ricevuta dal vicesindaco \u00e8 assolutamente fuori luogo.\u201d<\/p>\n<p style=\"text-align: justify;\">La prof.ssa Vittore, molto agitata per l\u2019accaduto, si \u00e8 recata di l\u00ec a poco in caserma per raccontare l\u2019accaduto ai Carabinieri. Non sappiamo se si sia proceduto alla denuncia.<\/p>\n","protected":false},"excerpt":{"rendered":"<p><img loading=\"lazy\" decoding=\"async\" class=\" size-full wp-image-5933\" alt=\"100_7964\" height=\"150\" width=\"320\" src=\"https:\/\/archivioturi.lavocedelpaese.info\/wp-content\/uploads\/2011\/04\/100_7964.jpg\" srcset=\"https:\/\/archivioturi.lavocedelpaese.info\/wp-content\/uploads\/2011\/04\/100_7964.jpg 640w, https:\/\/archivioturi.lavocedelpaese.info\/wp-content\/uploads\/2011\/04\/100_7964-300x141.jpg 300w\" sizes=\"auto, (max-width: 320px) 100vw, 320px\" \/><\/p>\n","protected":false},"author":1,"featured_media":5933,"comment_status":"open","ping_status":"closed","sticky":false,"template":"","format":"standard","meta":{"colormag_page_container_layout":"default_layout","colormag_page_sidebar_layout":"default_layout","footnotes":""},"categories":[4],"tags":[],"class_list":["post-5934","post","type-post","status-publish","format-standard","has-post-thumbnail","hentry","category-politica"],"_links":{"self":[{"href":"https:\/\/archivioturi.lavocedelpaese.info\/index.php\/wp-json\/wp\/v2\/posts\/5934","targetHints":{"allow":["GET"]}}],"collection":[{"href":"https:\/\/archivioturi.lavocedelpaese.info\/index.php\/wp-json\/wp\/v2\/posts"}],"about":[{"href":"https:\/\/archivioturi.lavocedelpaese.info\/index.php\/wp-json\/wp\/v2\/types\/post"}],"author":[{"embeddable":true,"href":"https:\/\/archivioturi.lavocedelpaese.info\/index.php\/wp-json\/wp\/v2\/users\/1"}],"replies":[{"embeddable":true,"href":"https:\/\/archivioturi.lavocedelpaese.info\/index.php\/wp-json\/wp\/v2\/comments?post=5934"}],"version-history":[{"count":0,"href":"https:\/\/archivioturi.lavocedelpaese.info\/index.php\/wp-json\/wp\/v2\/posts\/5934\/revisions"}],"wp:featuredmedia":[{"embeddable":true,"href":"https:\/\/archivioturi.lavocedelpaese.info\/index.php\/wp-json\/wp\/v2\/media\/5933"}],"wp:attachment":[{"href":"https:\/\/archivioturi.lavocedelpaese.info\/index.php\/wp-json\/wp\/v2\/media?parent=5934"}],"wp:term":[{"taxonomy":"category","embeddable":true,"href":"https:\/\/archivioturi.lavocedelpaese.info\/index.php\/wp-json\/wp\/v2\/categories?post=5934"},{"taxonomy":"post_tag","embeddable":true,"href":"https:\/\/archivioturi.lavocedelpaese.info\/index.php\/wp-json\/wp\/v2\/tags?post=5934"}],"curies":[{"name":"wp","href":"https:\/\/api.w.org\/{rel}","templated":true}]}}