{"id":5905,"date":"2011-04-18T07:03:57","date_gmt":"2011-04-18T07:03:57","guid":{"rendered":"https:\/\/archivioturi.lavocedelpaese.info\/index.php\/2011\/04\/18\/la-citta-che-sale-a-turi\/"},"modified":"2011-04-18T07:03:57","modified_gmt":"2011-04-18T07:03:57","slug":"la-citta-che-sale-a-turi","status":"publish","type":"post","link":"https:\/\/archivioturi.lavocedelpaese.info\/index.php\/2011\/04\/18\/la-citta-che-sale-a-turi\/","title":{"rendered":"\u201cLA CITT\u00c0 CHE SALE\u201d IN VISITA A TURI"},"content":{"rendered":"<p><img loading=\"lazy\" decoding=\"async\" class=\" size-full wp-image-5903\" alt=\"IMGP3653\" height=\"150\" width=\"320\" src=\"https:\/\/archivioturi.lavocedelpaese.info\/wp-content\/uploads\/2011\/04\/IMGP3653.jpg\" srcset=\"https:\/\/archivioturi.lavocedelpaese.info\/wp-content\/uploads\/2011\/04\/IMGP3653.jpg 640w, https:\/\/archivioturi.lavocedelpaese.info\/wp-content\/uploads\/2011\/04\/IMGP3653-300x141.jpg 300w\" sizes=\"auto, (max-width: 320px) 100vw, 320px\" \/><\/p>\n<p style=\"text-align: justify;\"><span style=\"font-size: 10pt;\"><span style=\"font-family: verdana, geneva;\">Ormai immersi nel caldo torpore primaverile, un nutrito gruppo di turisti dell\u2019Associazione \u201cLa citt\u00e0 che sale\u201d \u00e8 stato accolto, nella mattinata di domenica 10 aprile dai soci della Pro Loco.<\/span><\/span><\/p>\n<p style=\"text-align: justify;\"><span style=\"font-size: 10pt;\"><span style=\"font-family: verdana, geneva;\">Da Monopoli ed altre cittadine del circondario barese, i turisti hanno potuto ammirare le meraviglie che della nostra terra.<\/span><\/span><\/p>\n<p style=\"text-align: justify;\"><span style=\"font-size: 10pt;\"><span style=\"font-family: verdana, geneva;\">Sin dalle 9.30 un lungo percorso alla scoperta e conoscenza delle nostre bellezze locali: dalla Chiesa Madre a Santa Chiara, lungo le principali vie del nostro centro storico per un\u2019immersione nel passato di Turi.<\/span><\/span><\/p>\n<p><span style=\"font-size: 10pt;\"><span style=\"font-family: verdana, geneva;\"><img loading=\"lazy\" decoding=\"async\" class=\" alignright size-full wp-image-5904\" style=\"margin-top: 10px; margin-bottom: 10px; margin-left: 10px; float: right;\" alt=\"IMGP3648\" height=\"235\" width=\"314\" src=\"https:\/\/archivioturi.lavocedelpaese.info\/wp-content\/uploads\/2011\/04\/IMGP3648.jpg\" srcset=\"https:\/\/archivioturi.lavocedelpaese.info\/wp-content\/uploads\/2011\/04\/IMGP3648.jpg 314w, https:\/\/archivioturi.lavocedelpaese.info\/wp-content\/uploads\/2011\/04\/IMGP3648-300x225.jpg 300w\" sizes=\"auto, (max-width: 314px) 100vw, 314px\" \/> <\/span><\/span><\/p>\n<div style=\"text-align: justify;\">In via eccezionale, i turisti, accompagnati sempre dalla Pro Loco, sono riusciti a visitare la cella di Antonio Gramsci nella Casa di Reclusione, per poi proseguire con una visita presso la chiesa di San Domenico, il Palazzo Marchesale e San Rocco.<\/div>\n<p>\u00a0<\/p>\n<p style=\"text-align: justify;\"><span style=\"font-size: 10pt;\"><span style=\"font-family: verdana, geneva;\">Non poteva mancare una tappa al Chiesa e alla Grotta di Sant\u2019Oronzo che, visibile su loro volti, rimarr\u00e0 un piacevole ricordo.<\/span><\/span><\/p>\n<p style=\"text-align: justify;\"><span style=\"font-size: 10pt;\"><span style=\"font-family: verdana, geneva;\">Percettibile il loro entusiasmo e la loro riconoscenza per questa immersione della nostra cittadina che continua, ogni volta, ad offrire una piacevole accoglienza turistica.<\/span><\/span><\/p>\n<p style=\"text-align: justify;\"><span style=\"font-size: 10pt;\"><span style=\"font-family: verdana, geneva;\">L\u2019Associazione \u201cLa citt\u00e0 che sale\u201d guidata dal dott. Emilio Nacci, sar\u00e0 ancora ospite della nostra cittadina la prima domenica di Giugno, per poter assaporare le nostre ciliegie. L\u2019associazione monopolese \u00e8 nata con l\u2019intento\u00a0 di contribuire alla promozione sociale della comunit\u00e0 locale, territoriale e regionale, mediante attivit\u00e0 finalizzate alla tutela e al benessere sociale, culturale e morale delle persone nonch\u00e9 alla salute fisica, affettiva ed intellettiva dei cittadini.<\/span><\/span><\/p>\n<p style=\"text-align: justify;\"><span style=\"font-size: 10pt;\"><span style=\"font-family: verdana, geneva;\">Per questa piacevole mattinata, la Pro Loco ringrazia la direttrice del penitenziario, dott.ssa Maria Teresa Susca, l\u2019ispettore capo Vitto Gasparro della polizia penitenziaria, il presidente dell\u2019Associazione Bersaglieri, Alberto Lenato, l\u2019amico Felice Gentile, la signora Ester Tamborrino del Palazzo Marchesale, Ludovico Girolamo, agente della Polizia Penitenziaria, il collaboratore e socio della Pro Loco, Fabio Zita, che ha accompagnato il gruppo di turisti insieme al vice presidente e alla segretaria della Pro Loco.<\/span><\/span><\/p>\n<p style=\"text-align: justify;\"><span style=\"font-size: 10pt;\"><span style=\"font-family: verdana, geneva;\">A molti di loro la mattinata ha offerto una visione diversa di una cittadina che forse, prima, non si conosceva e ha permesso di apprendere delle varie bellezze che la caratterizzano e che compongono il suo borgo. La loro promessa di tornare \u00e8 sinonimo di aver avuto sicuramente un gradito souvenir di una bella giornata nella piccola Turi.<\/span><\/span><\/p>\n","protected":false},"excerpt":{"rendered":"<p><img loading=\"lazy\" decoding=\"async\" class=\" size-full wp-image-5903\" alt=\"IMGP3653\" height=\"150\" width=\"320\" src=\"https:\/\/archivioturi.lavocedelpaese.info\/wp-content\/uploads\/2011\/04\/IMGP3653.jpg\" srcset=\"https:\/\/archivioturi.lavocedelpaese.info\/wp-content\/uploads\/2011\/04\/IMGP3653.jpg 640w, https:\/\/archivioturi.lavocedelpaese.info\/wp-content\/uploads\/2011\/04\/IMGP3653-300x141.jpg 300w\" sizes=\"auto, (max-width: 320px) 100vw, 320px\" \/><\/p>\n","protected":false},"author":1,"featured_media":5903,"comment_status":"open","ping_status":"closed","sticky":false,"template":"","format":"standard","meta":{"colormag_page_container_layout":"default_layout","colormag_page_sidebar_layout":"default_layout","footnotes":""},"categories":[7],"tags":[],"class_list":["post-5905","post","type-post","status-publish","format-standard","has-post-thumbnail","hentry","category-attualita"],"_links":{"self":[{"href":"https:\/\/archivioturi.lavocedelpaese.info\/index.php\/wp-json\/wp\/v2\/posts\/5905","targetHints":{"allow":["GET"]}}],"collection":[{"href":"https:\/\/archivioturi.lavocedelpaese.info\/index.php\/wp-json\/wp\/v2\/posts"}],"about":[{"href":"https:\/\/archivioturi.lavocedelpaese.info\/index.php\/wp-json\/wp\/v2\/types\/post"}],"author":[{"embeddable":true,"href":"https:\/\/archivioturi.lavocedelpaese.info\/index.php\/wp-json\/wp\/v2\/users\/1"}],"replies":[{"embeddable":true,"href":"https:\/\/archivioturi.lavocedelpaese.info\/index.php\/wp-json\/wp\/v2\/comments?post=5905"}],"version-history":[{"count":0,"href":"https:\/\/archivioturi.lavocedelpaese.info\/index.php\/wp-json\/wp\/v2\/posts\/5905\/revisions"}],"wp:featuredmedia":[{"embeddable":true,"href":"https:\/\/archivioturi.lavocedelpaese.info\/index.php\/wp-json\/wp\/v2\/media\/5903"}],"wp:attachment":[{"href":"https:\/\/archivioturi.lavocedelpaese.info\/index.php\/wp-json\/wp\/v2\/media?parent=5905"}],"wp:term":[{"taxonomy":"category","embeddable":true,"href":"https:\/\/archivioturi.lavocedelpaese.info\/index.php\/wp-json\/wp\/v2\/categories?post=5905"},{"taxonomy":"post_tag","embeddable":true,"href":"https:\/\/archivioturi.lavocedelpaese.info\/index.php\/wp-json\/wp\/v2\/tags?post=5905"}],"curies":[{"name":"wp","href":"https:\/\/api.w.org\/{rel}","templated":true}]}}