{"id":5888,"date":"2011-04-16T06:29:21","date_gmt":"2011-04-16T06:29:21","guid":{"rendered":"https:\/\/archivioturi.lavocedelpaese.info\/index.php\/2011\/04\/16\/maratona-di-padova-dellaera-insegue-il-personale\/"},"modified":"2011-04-16T06:29:21","modified_gmt":"2011-04-16T06:29:21","slug":"maratona-di-padova-dellaera-insegue-il-personale","status":"publish","type":"post","link":"https:\/\/archivioturi.lavocedelpaese.info\/index.php\/2011\/04\/16\/maratona-di-padova-dellaera-insegue-il-personale\/","title":{"rendered":"PADOVA: DELL\u2019AERA INSEGUE IL PERSONALE"},"content":{"rendered":"<p><img loading=\"lazy\" decoding=\"async\" class=\" size-full wp-image-5887\" src=\"https:\/\/archivioturi.lavocedelpaese.info\/wp-content\/uploads\/2011\/04\/TV11.jpg\" width=\"320\" height=\"150\" alt=\"TV11\" \/><\/p>\n<p style=\"text-align: center;\"><em>Nella gara di domani ci sono buone aspettative per l\u2019atleta della DOF Amatori<\/em><\/p>\n<p style=\"text-align: justify;\">Quella di domani, <strong>domenica 17 aprile<\/strong>, si presenta come una sfida (contro il tempo\u2026ma anche contro se stesso!!) molto importante per l\u2019atleta turese <strong>Giuseppe Dell\u2019Aera<\/strong> che sar\u00e0 uno degli atleti partecipanti alla 12^ edizione della Maratona Internazionale di S. Antonio con partenza da Campodarsego (PD) ed arrivo in Prato della Valle (la pi\u00f9 grande piazza d\u2019Europa) a <strong>Padova<\/strong>. Edizione che quest\u2019anno vedr\u00e0 gli atleti cimentarsi su di un nuovo percorso interamente ridisegnato in provincia di Padova (fino allo scorso anno la partenza era da Vedelago, in provincia di Treviso, e da l\u00ec gli atleti giungevano a Padova percorrendo gran parte della \u201cStatale del Santo\u201d): San Giorgio delle Pertiche, Camposampiero, Borgoricco e Cadoneghe sono solo alcuni dei paesi che attraverseranno gli oltre 2000 maratoneti lungo i canonici <strong>42 km e 195 metri del percorso di gara<\/strong>; l\u2019attesissima manifestazione, organizzata dall\u2019Assindustria Sport Padova, prender\u00e0 <span style=\"text-decoration: underline;\">i<\/span>l via alle ore 08,45.<\/p>\n<p style=\"text-align: justify;\">Tra i partecipanti, dicevamo, anche il ventinovenne turese Giuseppe Dell\u2019Aera che mai come stavolta si presenta al nastro di partenza con chiare ambizioni di ben figurare, chiaro obiettivo principale sar\u00e0 quello di \u201cabbassare\u201d il suo record personale sulla distanza (2h56\u201932\u2019\u2019 ottenuto alla 7^ edizione della \u201cMaratona Citt\u00e0 di Verona\u201d nel settembre del 2007). Per l\u2019atleta tesserato con l\u2019ASD DOF Amatori la gara sar\u00e0 comunque da subito in salita visto che un \u201cgiallo\u201d ha accompagnato tutta la settimana precedente la maratona veneta. Infatti per un problema \u201ctecnico\u201d in fase di iscrizione alla gara l\u2019ufficio preposto all\u2019assegnazione dei numeri di gara ai partecipanti ha riscontrato una \u201canomalia\u201d nel tempo di accredito del nostro atleta che purtroppo indosser\u00e0 sulla canotta di gara un numero, inaspettatamente, abbastanza alto: il <strong>2614,<\/strong> che di conseguenza lo relegher\u00e0 in fondo allo schieramento, addirittura nell\u2019ultima griglia di partenza (cosa che ipoteticamente potrebbe portargli via subito almeno un minuto gi\u00e0 nei primissimi chilometri rispetto a chi partir\u00e0 dalle prime posizione, costringendo Giuseppe ad una gara subito in rimonta nella \u201ccorsa contro il tempo\u201d).<\/p>\n<p style=\"text-align: justify;\">&#8220;<em>Purtroppo \u00e8 un episodio spiacevole capitato per un semplice disguido di cui mi sono accorto quando ormai era troppo tardi ma poco male\u2026vorr\u00e0 dire che trasformer\u00f2 le energie nervose in positive per far correre ancora pi\u00f9 velocemente le gambe\u2026comunque rimango ottimista visto che le tappe di avvicinamento verso questo importante appuntamento stagionale in terra padovana hanno dato segnali rassicuranti sulla mia condizione sia fisica che atletica e quindi vado a Padova con la consapevolezza che se tutto filer\u00e0 per il verso giusto stavolta dovrebbe venire fuori un\u00a0 riscontro cronometrico molto interessante, spero il pi\u00f9 possibile vicino alle 2h55\u2019 !!&#8221;.<\/em><\/p>\n<p style=\"text-align: justify;\">L\u2019agente della Guardia di Finanza, in servizio da poco pi\u00f9 di un anno ad Occhiobello (Rovigo), cercher\u00e0 di migliorare la gi\u00e0 buona performance della Treviso Maratohon dello scorso 27 marzo\u2026&#8221;<em>quello in terra trevigiana \u00e8 stato un test atletico di valutazione sia della condizione fisica che del livello di preparazione raggiunto proprio in prospettiva della gara di domani\u2026dopo Treviso ho ottenuto altri riscontri sicuramente positivi sia alla Vivicitt\u00e0 di Ferrara (chiusa all\u201911\u00b0 posto in classifica generale) che alla 9 km in notturna a Maser\u00e0 (PD) dove ho concluso la gara con una media finale di 3\u201933\u2019\u2019 al km.&#8221; <\/em><\/p>\n<p style=\"text-align: justify;\"><em>&#8220;Decisive saranno anche le condizioni atmosferiche in cui si garegger\u00e0\u2026mi auguro proprio che non ci sia lo stesso gran caldo trovato nell\u2019edizione del 2008 dove abbiamo corso la parte finale con una temperatura molto vicina ai 30\u00b0!!<\/em>&#8220;<em> <\/em><\/p>\n<p style=\"text-align: justify;\">E proprio il meteo sembra essere un importante alleato della corsa su strada padovana: per domani al momento \u00e8 prevista una temperatura massima di 14 gradi e una minima di 8, con cielo parzialmente coperto, \u201c<em>\u2026sarebbero proprio le condizioni climatiche ideali per realizzare una grande prestazione cronometrica<\/em>\u201d. \u201c<em>Un mio ricordo dell\u2019edizione del 2008??!&#8230;oltre al gran caldo\u2026sicuramente mi torna subito in mente l\u2019enorme calore del pubblico\u2026anche quest\u2019anno noi atleti contiamo nell\u2019incitamento degli spettatori, tutti grandi appassionati di questo sport da queste parti,\u2026anche perch\u00e9 ce ne sar\u00e0 sicuramente bisogno!!!<\/em>\u201d Calore ed incoraggiamento che sicuramente i suoi concittadini di Turi non mancheranno di dargli\u2026anche a 800 km di distanza\u2026forza Giuseppe ed \u201cin bocca al lupo\u201d per domani!!!<\/p>\n<p style=\"text-align: justify;\">Chiudiamo ricordando che i colori bianco-granata della DOF Amatori saranno egregiamente rappresentati anche a San Benedetto del Tronto (AP) dove ben tre atleti della compagine turese saranno impegnati nella prova unica che assegner\u00e0 il campionato italiano di mezza maratona (km. 21,097), si tratta di: Angelo De Chirico, Raffaele De Luisi e Pino Favonio\u2026un grande incoraggiamento va di diritto anche a loro\u2026sperando che anche dalle strade marchigiane ci arrivino grandissime notizie!!<\/p>\n<p>\u00a0<\/p>\n<p>\u00a0<\/p>\n","protected":false},"excerpt":{"rendered":"<p><img loading=\"lazy\" decoding=\"async\" class=\" size-full wp-image-5887\" src=\"https:\/\/archivioturi.lavocedelpaese.info\/wp-content\/uploads\/2011\/04\/TV11.jpg\" width=\"320\" height=\"150\" alt=\"TV11\" \/><\/p>\n","protected":false},"author":1,"featured_media":5887,"comment_status":"open","ping_status":"closed","sticky":false,"template":"","format":"standard","meta":{"colormag_page_container_layout":"default_layout","colormag_page_sidebar_layout":"default_layout","footnotes":""},"categories":[5],"tags":[],"class_list":["post-5888","post","type-post","status-publish","format-standard","has-post-thumbnail","hentry","category-sport"],"_links":{"self":[{"href":"https:\/\/archivioturi.lavocedelpaese.info\/index.php\/wp-json\/wp\/v2\/posts\/5888","targetHints":{"allow":["GET"]}}],"collection":[{"href":"https:\/\/archivioturi.lavocedelpaese.info\/index.php\/wp-json\/wp\/v2\/posts"}],"about":[{"href":"https:\/\/archivioturi.lavocedelpaese.info\/index.php\/wp-json\/wp\/v2\/types\/post"}],"author":[{"embeddable":true,"href":"https:\/\/archivioturi.lavocedelpaese.info\/index.php\/wp-json\/wp\/v2\/users\/1"}],"replies":[{"embeddable":true,"href":"https:\/\/archivioturi.lavocedelpaese.info\/index.php\/wp-json\/wp\/v2\/comments?post=5888"}],"version-history":[{"count":0,"href":"https:\/\/archivioturi.lavocedelpaese.info\/index.php\/wp-json\/wp\/v2\/posts\/5888\/revisions"}],"wp:featuredmedia":[{"embeddable":true,"href":"https:\/\/archivioturi.lavocedelpaese.info\/index.php\/wp-json\/wp\/v2\/media\/5887"}],"wp:attachment":[{"href":"https:\/\/archivioturi.lavocedelpaese.info\/index.php\/wp-json\/wp\/v2\/media?parent=5888"}],"wp:term":[{"taxonomy":"category","embeddable":true,"href":"https:\/\/archivioturi.lavocedelpaese.info\/index.php\/wp-json\/wp\/v2\/categories?post=5888"},{"taxonomy":"post_tag","embeddable":true,"href":"https:\/\/archivioturi.lavocedelpaese.info\/index.php\/wp-json\/wp\/v2\/tags?post=5888"}],"curies":[{"name":"wp","href":"https:\/\/api.w.org\/{rel}","templated":true}]}}