{"id":5879,"date":"2011-04-13T06:24:55","date_gmt":"2011-04-13T06:24:55","guid":{"rendered":"https:\/\/archivioturi.lavocedelpaese.info\/index.php\/2011\/04\/13\/acqua-pubblica-incontro-in-biblioteca\/"},"modified":"2011-04-13T06:24:55","modified_gmt":"2011-04-13T06:24:55","slug":"acqua-pubblica-incontro-in-biblioteca","status":"publish","type":"post","link":"https:\/\/archivioturi.lavocedelpaese.info\/index.php\/2011\/04\/13\/acqua-pubblica-incontro-in-biblioteca\/","title":{"rendered":"ACQUA PUBBLICA. INCONTRO IN BIBLIOTECA"},"content":{"rendered":"<p><img loading=\"lazy\" decoding=\"async\" class=\" size-full wp-image-2207\" src=\"https:\/\/archivioturi.lavocedelpaese.info\/wp-content\/uploads\/2010\/05\/2.jpg\" width=\"320\" height=\"150\" alt=\"2\" \/> <\/p>\n<p style=\"text-align: justify;\">Quando Talete di Mileto, tra i primi filosofi del VII secolo a.C., si convinse che solo l\u2019acqua potesse rappresentare il principio della natura, elemento primordiale e comune ad ogni elemento, non avrebbe mai immaginato che a distanza di secoli la fonte della vita potesse diventare una merce.<\/p>\n<p style=\"text-align: justify;\">Il 12-13 Giugno siamo chiamati a rispondere ai quesiti del referendum abrogativo:<\/p>\n<p style=\"text-align: justify;\">bisogna votare \u201cSI\u201d al primo quesito per abrogare l\u2019art. 23 bis della legge 133\/2008 e impedire l&#8217;affidamento a soggetti privati della gestione dei servizi pubblici locali.<\/p>\n<p style=\"text-align: justify;\">Il secondo quesito chiede l\u2019abrogazione parziale della norma sulla determinazione della tariffa del servizio idrico integrato in base all\u2019adeguata remunerazione del capitale investito.<\/p>\n<p style=\"text-align: justify;\">Il Comitato AcquaBeneComune in tutta Italia sta promuovendo campagne di informazione e sensibilizzazione sul tema, consapevole dell\u2019enorme influenza che le nostre decisioni attuali avranno sul nostro immediato futuro, ma soprattutto su quello delle prossime generazioni.<\/p>\n<p style=\"text-align: justify;\">Il <strong>Comitato Acquabenecomune<\/strong> di Turi e le associazioni \u201c<strong>Articolo <st1:metricconverter w:st=\"on\" productid=\"3\u201d\">3\u201d<\/st1:metricconverter><\/strong> e \u201c<strong>Menti a piede libero\u201d<\/strong> hanno organizzato un incontro per il <strong>giorno 15 Aprile 2011<\/strong>, alle ore <strong>18 e 30<\/strong> presso il <strong>Centro Polivalente<\/strong> di Turi.<\/p>\n<p style=\"text-align: justify;\">Parteciperanno come relatori Michele Loporcaro, del Comitato pugliese AcquaBeneComune, Loretta Moramarco del Comitato AcquaBeneComune di Altamura, Pasquale Crupi, chimico ricercatore, Nico Catalano, agronomo, aderente al Comitato AcquabeneComune di Turi.<\/p>\n<p style=\"text-align: justify;\">E\u2019 un\u2019occasione di analisi e confronto, un momento di riflessione collettiva sulla portata della scelta a cui i cittadini verranno chiamati a rispondere. \u00a0Verranno proiettati filmati, proposte analisi sulla qualit\u00e0 del servizio pubblico e sugli effetti del passaggio della gestione ai privati del servizio, alla luce delle esperienze gi\u00e0 maturate e segnate da profonde criticit\u00e0.<\/p>\n<p style=\"text-align: justify;\">L\u2019acqua \u00e8 un bene comune, un diritto universale che non pu\u00f2 essere sottoposto alle leggi del mercato, non pu\u00f2 diventare strumento per generare profitti, ma deve restare risorsa che genera e conserva la vita, per tutti.<\/p>\n<p style=\"text-align: justify;\">La privatizzazione non \u00e8 la soluzione per ottimizzare i servizi, anzi, diventa spesso soltanto l\u2019occasione per esercitare lucro su beni essenziali, tanto pi\u00f9 ampio e indifferente ai bisogni individuali quanto pi\u00f9 vitale \u00e8 il bene ceduto al mercato.<\/p>\n<p style=\"text-align: justify;\">E\u2019 una battaglia di civilt\u00e0, di opposizione ad un mondo dominato dal denaro, di difesa della vita.<\/p>\n<p style=\"text-align: justify;\">La cittadinanza tutta \u00e8 invitata a partecipare.<\/p>\n<p style=\"text-align: justify;\"><img loading=\"lazy\" decoding=\"async\" class=\" size-full wp-image-2222\" alt=\"1\" height=\"629\" width=\"424\" src=\"https:\/\/archivioturi.lavocedelpaese.info\/wp-content\/uploads\/2010\/06\/1.jpg\" \/><\/p>\n<p style=\"text-align: justify;\">\u00a0<\/p>\n<p>\u00a0<\/p>\n<p>\u00a0<\/p>\n","protected":false},"excerpt":{"rendered":"<p><img loading=\"lazy\" decoding=\"async\" class=\" size-full wp-image-2207\" src=\"https:\/\/archivioturi.lavocedelpaese.info\/wp-content\/uploads\/2010\/05\/2.jpg\" width=\"320\" height=\"150\" alt=\"2\" \/> <\/p>\n","protected":false},"author":1,"featured_media":2207,"comment_status":"open","ping_status":"closed","sticky":false,"template":"","format":"standard","meta":{"colormag_page_container_layout":"default_layout","colormag_page_sidebar_layout":"default_layout","footnotes":""},"categories":[7],"tags":[],"class_list":["post-5879","post","type-post","status-publish","format-standard","has-post-thumbnail","hentry","category-attualita"],"_links":{"self":[{"href":"https:\/\/archivioturi.lavocedelpaese.info\/index.php\/wp-json\/wp\/v2\/posts\/5879","targetHints":{"allow":["GET"]}}],"collection":[{"href":"https:\/\/archivioturi.lavocedelpaese.info\/index.php\/wp-json\/wp\/v2\/posts"}],"about":[{"href":"https:\/\/archivioturi.lavocedelpaese.info\/index.php\/wp-json\/wp\/v2\/types\/post"}],"author":[{"embeddable":true,"href":"https:\/\/archivioturi.lavocedelpaese.info\/index.php\/wp-json\/wp\/v2\/users\/1"}],"replies":[{"embeddable":true,"href":"https:\/\/archivioturi.lavocedelpaese.info\/index.php\/wp-json\/wp\/v2\/comments?post=5879"}],"version-history":[{"count":0,"href":"https:\/\/archivioturi.lavocedelpaese.info\/index.php\/wp-json\/wp\/v2\/posts\/5879\/revisions"}],"wp:featuredmedia":[{"embeddable":true,"href":"https:\/\/archivioturi.lavocedelpaese.info\/index.php\/wp-json\/wp\/v2\/media\/2207"}],"wp:attachment":[{"href":"https:\/\/archivioturi.lavocedelpaese.info\/index.php\/wp-json\/wp\/v2\/media?parent=5879"}],"wp:term":[{"taxonomy":"category","embeddable":true,"href":"https:\/\/archivioturi.lavocedelpaese.info\/index.php\/wp-json\/wp\/v2\/categories?post=5879"},{"taxonomy":"post_tag","embeddable":true,"href":"https:\/\/archivioturi.lavocedelpaese.info\/index.php\/wp-json\/wp\/v2\/tags?post=5879"}],"curies":[{"name":"wp","href":"https:\/\/api.w.org\/{rel}","templated":true}]}}