{"id":5857,"date":"2011-04-11T05:29:01","date_gmt":"2011-04-11T05:29:01","guid":{"rendered":"https:\/\/archivioturi.lavocedelpaese.info\/index.php\/2011\/04\/11\/un-costante-impegno-delle-famiglie-sul-territorio\/"},"modified":"2011-04-11T05:29:01","modified_gmt":"2011-04-11T05:29:01","slug":"un-costante-impegno-delle-famiglie-sul-territorio","status":"publish","type":"post","link":"https:\/\/archivioturi.lavocedelpaese.info\/index.php\/2011\/04\/11\/un-costante-impegno-delle-famiglie-sul-territorio\/","title":{"rendered":"\u201cUN COSTANTE IMPEGNO DELLE FAMIGLIE SUL TERRITORIO\u201d"},"content":{"rendered":"<p><img loading=\"lazy\" decoding=\"async\" class=\" size-full wp-image-3082\" src=\"https:\/\/archivioturi.lavocedelpaese.info\/wp-content\/uploads\/2010\/09\/si_giocava_cos_7.jpg\" width=\"320\" height=\"150\" alt=\"si_giocava_cos_7\" srcset=\"https:\/\/archivioturi.lavocedelpaese.info\/wp-content\/uploads\/2010\/09\/si_giocava_cos_7.jpg 640w, https:\/\/archivioturi.lavocedelpaese.info\/wp-content\/uploads\/2010\/09\/si_giocava_cos_7-300x141.jpg 300w\" sizes=\"auto, (max-width: 320px) 100vw, 320px\" \/><\/p>\n<p style=\"text-align: justify;\">Continuando il nostro viaggio nel panorama dell&#8217;associazionismo turese, questa settimana abbiamo ascoltato il presidente dell&#8217;Associazione dei genitori Turesi Angela Cicerone, la quale ha parlato di quanto gi\u00e0 fatto e di quello che si intende fare.<\/p>\n<p style=\"text-align: justify;\"><strong>Perch\u00e8 \u00e8 nata l&#8217;Associazione dei Genitori Turesi, con quali scopi? <\/strong><\/p>\n<p style=\"text-align: justify;\">\u201cAvevamo la necessit\u00e0 di replicare all&#8217;attuale amministrazione comunale in merito alla decisione di sopprimere uno dei due scuolabus. Poi col tempo e l&#8217;impegno le cose sono cambiate e adesso finalmente il secondo scuolabus \u00e8 stato ripristinato quindi abbiamo avuto un segnale positivo per la nostra associazione\u201d.<\/p>\n<p style=\"text-align: justify;\"><strong>Da quanto tempo \u00e8 in piedi la sua associazione?<\/strong><\/p>\n<p style=\"text-align: justify;\">\u201cDa tre anni\u201d.<\/p>\n<p style=\"text-align: justify;\"><strong>Sono tre anni il cui bilancio complessivo pu\u00f2 essere ritenuto positivo? <\/strong><\/p>\n<p style=\"text-align: justify;\">\u201c Molto positivo, anzi \u00e8 un&#8217;associazione che continua a crescere anche grazie alla volont\u00e0 delle famiglie. Io credo che sia una cosa bella, il fatto che esiste un tale e armonioso coordinamento tra le famiglie e i genitori, in altri paesi spesso non riescono a creare questa forma di collaborazione, noi qui ci siamo riusciti. La cosa importante che ho sempre detto \u00e8 l&#8217;importanza di portare avanti la volont\u00e0, la dignit\u00e0 e la capacit\u00e0 di interagire armoniosamente; il dialogare, il parlare e mai lo sparlare, sono elementi importantissimi per poter andare avanti\u201d.<\/p>\n<p style=\"text-align: justify;\"><strong>Lei ritiene quindi che la sua associazione, fondamentalmente sia ben vista da parte della popolazione<\/strong>.<\/p>\n<p style=\"text-align: justify;\">\u201cQuesto non lo so, ma ogni volta che organizziamo un&#8217;iniziativa o un evento, solitamente c&#8217;\u00e8 sempre un buon riscontro, quindi posso anche pensare che dopo tre anni le rose siano gi\u00e0 fiorite\u201d.<\/p>\n<p style=\"text-align: justify;\"><strong>In che tipo di rapporti la sua associazione \u00e8 con l&#8217;attuale amministrazione? <\/strong><\/p>\n<p style=\"text-align: justify;\">\u201cLa nostra associazione \u00e8 indipendente, apolitica, apartitica. Nel momento in cui c&#8217;\u00e8 stato bisogno di una qualche forma di collaborazione, di uno scambio di pensiero, onestamente l&#8217;amministrazione ci ha sempre ascoltati\u201d.<\/p>\n<p style=\"text-align: justify;\"><strong>Mi fa un esempio?<\/strong><\/p>\n<p style=\"text-align: justify;\">\u201cAnche per quanto riguarda lo scuolabus, non ci siamo mai arresi. Abbiamo raccolto democraticamente cinquecento firme e poi abbiamo avuto modo di confrontarci con le autorit\u00e0. E&#8217; stata una delle cose pi\u00f9 importanti per noi. In ogni caso facciamo quasi sempre tutto da soli, quando abbiamo bisogno di loro, se l&#8217;iniziativa punta ad un arricchimento del territorio, l&#8217;amministrazione \u00e8 disponibile. Ma fondamentalmente non abbiamo mai chiesto niente\u201d.<\/p>\n<p style=\"text-align: justify;\"><strong>Come associazione avete una sede fisica? <\/strong><\/p>\n<p style=\"text-align: justify;\">\u201cA noi piacerebbe avere una sede, anche da condividere con un&#8217;altra associazione, penso anche che sia arrivato il momento. Non so se ci siano le condizioni, ma gradirei avere una forma di confronto con l&#8217;assessore competente riguardo questo argomento e che condividesse con noi questa specie di missione, non solo con la nostra associazione, ma anche con altre. Noi siamo un&#8217;associazione di famiglie e quindi le nostre iniziative riguardano il territorio\u201d.<\/p>\n<p style=\"text-align: justify;\"><strong>Su cosa sta lavorando attualmente la sua associazione? <\/strong><\/p>\n<p style=\"text-align: justify;\">\u201cStiamo organizzando per l&#8217;otto maggio, giornata nazionale della bicicletta, Bimbinbici. Stiamo lavorando con l&#8217;amministrazione comunale anche perch\u00e8 essendo un&#8217;iniziativa nazionale, sarebbe troppo presuntuoso da parte nostra voler fare tutto da soli. Tra l&#8217;altro questa \u00e8 sempre stata un&#8217;iniziativa della dottoressa De Florio che ha potuto sempre coadiuvarsi con l&#8217;impegno del consigliere-assesore Luisi. Con loro noi abbiamo sempre collaborato per la buona riuscita della manifestazione e non bisogna dimenticare sopratutto il lavoro costante e importante del Corpo dei Vigili Urbani, grazie al quale si \u00e8 sempre giunti ad una buona riuscita di questo evento\u201d.<\/p>\n<p style=\"text-align: justify;\"><strong>Sono da ritenersi soddisfacenti le edizioni degli anni scorsi della manifestazione Bimbinbici?<\/strong><\/p>\n<p style=\"text-align: justify;\">\u201cMolto soddisfacente. C&#8217;\u00e8 sempre stata una grande partecipazione di bambini e genitori\u201d.<\/p>\n<p style=\"text-align: justify;\"><strong>Potrebbero esserci miglioramenti nell&#8217;organizzazione di questa nuova edizione della manifestazione? <\/strong><\/p>\n<p style=\"text-align: justify;\">\u201cDovremmo sentirci con la dottoressa De Florio proprio in questi giorni per mettere insieme qualche idea e alcune proposte\u201d.<\/p>\n","protected":false},"excerpt":{"rendered":"<p><img loading=\"lazy\" decoding=\"async\" class=\" size-full wp-image-3082\" src=\"https:\/\/archivioturi.lavocedelpaese.info\/wp-content\/uploads\/2010\/09\/si_giocava_cos_7.jpg\" width=\"320\" height=\"150\" alt=\"si_giocava_cos_7\" srcset=\"https:\/\/archivioturi.lavocedelpaese.info\/wp-content\/uploads\/2010\/09\/si_giocava_cos_7.jpg 640w, https:\/\/archivioturi.lavocedelpaese.info\/wp-content\/uploads\/2010\/09\/si_giocava_cos_7-300x141.jpg 300w\" sizes=\"auto, (max-width: 320px) 100vw, 320px\" \/><\/p>\n","protected":false},"author":1,"featured_media":3082,"comment_status":"open","ping_status":"closed","sticky":false,"template":"","format":"standard","meta":{"colormag_page_container_layout":"default_layout","colormag_page_sidebar_layout":"default_layout","footnotes":""},"categories":[7],"tags":[],"class_list":["post-5857","post","type-post","status-publish","format-standard","has-post-thumbnail","hentry","category-attualita"],"_links":{"self":[{"href":"https:\/\/archivioturi.lavocedelpaese.info\/index.php\/wp-json\/wp\/v2\/posts\/5857","targetHints":{"allow":["GET"]}}],"collection":[{"href":"https:\/\/archivioturi.lavocedelpaese.info\/index.php\/wp-json\/wp\/v2\/posts"}],"about":[{"href":"https:\/\/archivioturi.lavocedelpaese.info\/index.php\/wp-json\/wp\/v2\/types\/post"}],"author":[{"embeddable":true,"href":"https:\/\/archivioturi.lavocedelpaese.info\/index.php\/wp-json\/wp\/v2\/users\/1"}],"replies":[{"embeddable":true,"href":"https:\/\/archivioturi.lavocedelpaese.info\/index.php\/wp-json\/wp\/v2\/comments?post=5857"}],"version-history":[{"count":0,"href":"https:\/\/archivioturi.lavocedelpaese.info\/index.php\/wp-json\/wp\/v2\/posts\/5857\/revisions"}],"wp:featuredmedia":[{"embeddable":true,"href":"https:\/\/archivioturi.lavocedelpaese.info\/index.php\/wp-json\/wp\/v2\/media\/3082"}],"wp:attachment":[{"href":"https:\/\/archivioturi.lavocedelpaese.info\/index.php\/wp-json\/wp\/v2\/media?parent=5857"}],"wp:term":[{"taxonomy":"category","embeddable":true,"href":"https:\/\/archivioturi.lavocedelpaese.info\/index.php\/wp-json\/wp\/v2\/categories?post=5857"},{"taxonomy":"post_tag","embeddable":true,"href":"https:\/\/archivioturi.lavocedelpaese.info\/index.php\/wp-json\/wp\/v2\/tags?post=5857"}],"curies":[{"name":"wp","href":"https:\/\/api.w.org\/{rel}","templated":true}]}}