{"id":5766,"date":"2011-04-03T06:13:55","date_gmt":"2011-04-03T06:13:55","guid":{"rendered":"https:\/\/archivioturi.lavocedelpaese.info\/index.php\/2011\/04\/03\/la-piazza-dei-mestieri-in-mostra-al-comune\/"},"modified":"2011-04-03T06:13:55","modified_gmt":"2011-04-03T06:13:55","slug":"la-piazza-dei-mestieri-in-mostra-al-comune","status":"publish","type":"post","link":"https:\/\/archivioturi.lavocedelpaese.info\/index.php\/2011\/04\/03\/la-piazza-dei-mestieri-in-mostra-al-comune\/","title":{"rendered":"\u2018LA PIAZZA DEI MESTIERI\u2019. IN MOSTRA, AL COMUNE"},"content":{"rendered":"<p><img loading=\"lazy\" decoding=\"async\" class=\" size-full wp-image-5763\" src=\"https:\/\/archivioturi.lavocedelpaese.info\/wp-content\/uploads\/2011\/04\/mostra_3.jpg\" width=\"320\" height=\"150\" alt=\"mostra_3\" srcset=\"https:\/\/archivioturi.lavocedelpaese.info\/wp-content\/uploads\/2011\/04\/mostra_3.jpg 640w, https:\/\/archivioturi.lavocedelpaese.info\/wp-content\/uploads\/2011\/04\/mostra_3-300x141.jpg 300w\" sizes=\"auto, (max-width: 320px) 100vw, 320px\" \/> <\/p>\n<p><span style=\"font-size: 10pt;\"><span style=\"font-family: verdana, geneva;\"><img loading=\"lazy\" decoding=\"async\" class=\" alignright size-full wp-image-5764\" style=\"margin-top: 10px; margin-bottom: 10px; margin-left: 10px; float: right;\" alt=\"mostra_6\" height=\"314\" width=\"235\" src=\"https:\/\/archivioturi.lavocedelpaese.info\/wp-content\/uploads\/2011\/04\/mostra_6.jpg\" srcset=\"https:\/\/archivioturi.lavocedelpaese.info\/wp-content\/uploads\/2011\/04\/mostra_6.jpg 235w, https:\/\/archivioturi.lavocedelpaese.info\/wp-content\/uploads\/2011\/04\/mostra_6-225x300.jpg 225w\" sizes=\"auto, (max-width: 235px) 100vw, 235px\" \/><\/span><\/span><\/p>\n<p style=\"text-align: justify;\">Forse solo in pochi si saranno soffermati a scrutare qualche viso familiare o qualche luogo della propria memoria, nella mostra allestita all\u2019ingresso del Palazzo Municipale dal 17 marzo scorso.<\/p>\n<p>\u00a0<\/p>\n<p style=\"text-align: justify;\"><span style=\"font-size: 10pt;\"><span style=\"font-family: verdana, geneva;\">In concomitanza con i festeggiamenti per i 150 anni dell\u2019Unit\u00e0 d\u2019Italia, grazie al lavoro dell\u2019equipe dell\u2019Ufficio della Biblioteca Comunale \u201cG. Bruno\u201d, il comune di Turi ospita la \u201cMostra mestieri dall\u2019Unit\u00e0 d\u2019Italia ad oggi\u201d.<\/span><\/span><\/p>\n<p style=\"text-align: justify;\"><span style=\"font-size: 10pt;\"><span style=\"font-family: verdana, geneva;\">Un tuffo nel passato alla scoperta, e riscoperta, di quella che \u00e8 stata l\u2019Italia e la nostra cultura cittadina e nazionale.<\/span><\/span><\/p>\n<p style=\"text-align: justify;\"><span style=\"font-size: 10pt;\"><span style=\"font-family: verdana, geneva;\">Antichi mestieri e figure quasi scomparse nella societ\u00e0 contemporanea, rivisitati attraverso degli scatti che si mostrano, quasi, come vere e proprie opere d\u2019arte. \u201c<strong>La Piazza dei Mestieri<\/strong>\u201d \u00e8 il titolo di questa mostra che \u201crecupera la memoria culturale contadina ed artigianale della nostra terra\u201d.<\/span><\/span><\/p>\n<p><span style=\"font-size: 10pt;\"><span style=\"font-family: verdana, geneva;\"><img loading=\"lazy\" decoding=\"async\" class=\" alignleft size-full wp-image-5765\" style=\"margin-top: 10px; margin-right: 10px; margin-bottom: 10px; float: left;\" alt=\"mostra_1\" height=\"235\" width=\"314\" src=\"https:\/\/archivioturi.lavocedelpaese.info\/wp-content\/uploads\/2011\/04\/mostra_1.jpg\" srcset=\"https:\/\/archivioturi.lavocedelpaese.info\/wp-content\/uploads\/2011\/04\/mostra_1.jpg 314w, https:\/\/archivioturi.lavocedelpaese.info\/wp-content\/uploads\/2011\/04\/mostra_1-300x225.jpg 300w\" sizes=\"auto, (max-width: 314px) 100vw, 314px\" \/><\/p>\n<div style=\"text-align: justify;\">Un coacervo di emozioni racchiuse in questi scatti che ripercorrono le attivit\u00e0 e i ritmi, naturali, dei nostri antenati, catturati intenti ad eseguire lavori manuali: contadini, artigiani, falegnami, fornai, calzolai, sarti o muratori, portatori di un\u2019arte al pi\u00f9, oggi, dimenticata. Insieme a questi, i luoghi della nostra cittadina: le piazze, le chiese, gli spazi d\u2019incontro, i posti del cuore. Sguardi che si susseguono, occhi fermi e fieri, nel loro bianco e nero, quasi a scrutare e giudicare te, che nel 2011, ti affacci a guardare la loro et\u00e0, la loro storia, la loro vita, con curiosit\u00e0 e distacco, perch\u00e9 consapevole che appartiene ad un mondo lontano, alla realt\u00e0 del nostro passato.<\/div>\n<p><\/span><\/span><\/p>\n<p>\u00a0<\/p>\n<p>\u00a0<\/p>\n","protected":false},"excerpt":{"rendered":"<p><img loading=\"lazy\" decoding=\"async\" class=\" size-full wp-image-5763\" src=\"https:\/\/archivioturi.lavocedelpaese.info\/wp-content\/uploads\/2011\/04\/mostra_3.jpg\" width=\"320\" height=\"150\" alt=\"mostra_3\" srcset=\"https:\/\/archivioturi.lavocedelpaese.info\/wp-content\/uploads\/2011\/04\/mostra_3.jpg 640w, https:\/\/archivioturi.lavocedelpaese.info\/wp-content\/uploads\/2011\/04\/mostra_3-300x141.jpg 300w\" sizes=\"auto, (max-width: 320px) 100vw, 320px\" \/> <\/p>\n","protected":false},"author":1,"featured_media":5763,"comment_status":"open","ping_status":"closed","sticky":false,"template":"","format":"standard","meta":{"colormag_page_container_layout":"default_layout","colormag_page_sidebar_layout":"default_layout","footnotes":""},"categories":[6],"tags":[],"class_list":["post-5766","post","type-post","status-publish","format-standard","has-post-thumbnail","hentry","category-cultura"],"_links":{"self":[{"href":"https:\/\/archivioturi.lavocedelpaese.info\/index.php\/wp-json\/wp\/v2\/posts\/5766","targetHints":{"allow":["GET"]}}],"collection":[{"href":"https:\/\/archivioturi.lavocedelpaese.info\/index.php\/wp-json\/wp\/v2\/posts"}],"about":[{"href":"https:\/\/archivioturi.lavocedelpaese.info\/index.php\/wp-json\/wp\/v2\/types\/post"}],"author":[{"embeddable":true,"href":"https:\/\/archivioturi.lavocedelpaese.info\/index.php\/wp-json\/wp\/v2\/users\/1"}],"replies":[{"embeddable":true,"href":"https:\/\/archivioturi.lavocedelpaese.info\/index.php\/wp-json\/wp\/v2\/comments?post=5766"}],"version-history":[{"count":0,"href":"https:\/\/archivioturi.lavocedelpaese.info\/index.php\/wp-json\/wp\/v2\/posts\/5766\/revisions"}],"wp:featuredmedia":[{"embeddable":true,"href":"https:\/\/archivioturi.lavocedelpaese.info\/index.php\/wp-json\/wp\/v2\/media\/5763"}],"wp:attachment":[{"href":"https:\/\/archivioturi.lavocedelpaese.info\/index.php\/wp-json\/wp\/v2\/media?parent=5766"}],"wp:term":[{"taxonomy":"category","embeddable":true,"href":"https:\/\/archivioturi.lavocedelpaese.info\/index.php\/wp-json\/wp\/v2\/categories?post=5766"},{"taxonomy":"post_tag","embeddable":true,"href":"https:\/\/archivioturi.lavocedelpaese.info\/index.php\/wp-json\/wp\/v2\/tags?post=5766"}],"curies":[{"name":"wp","href":"https:\/\/api.w.org\/{rel}","templated":true}]}}