{"id":5756,"date":"2011-04-02T13:45:44","date_gmt":"2011-04-02T13:45:44","guid":{"rendered":"https:\/\/archivioturi.lavocedelpaese.info\/index.php\/2011\/04\/02\/rivolta-senza-voci-sportello-genitori-in-silenzio\/"},"modified":"2011-04-02T13:45:44","modified_gmt":"2011-04-02T13:45:44","slug":"rivolta-senza-voci-sportello-genitori-in-silenzio","status":"publish","type":"post","link":"https:\/\/archivioturi.lavocedelpaese.info\/index.php\/2011\/04\/02\/rivolta-senza-voci-sportello-genitori-in-silenzio\/","title":{"rendered":"SPORTELLO GENITORI IN SILENZIO"},"content":{"rendered":"<p><img loading=\"lazy\" decoding=\"async\" class=\" size-full wp-image-5550\" src=\"https:\/\/archivioturi.lavocedelpaese.info\/wp-content\/uploads\/2011\/03\/scuola1.jpg\" width=\"320\" height=\"150\" alt=\"scuola1\" srcset=\"https:\/\/archivioturi.lavocedelpaese.info\/wp-content\/uploads\/2011\/03\/scuola1.jpg 640w, https:\/\/archivioturi.lavocedelpaese.info\/wp-content\/uploads\/2011\/03\/scuola1-300x141.jpg 300w\" sizes=\"auto, (max-width: 320px) 100vw, 320px\" \/><\/p>\n<p style=\"text-align: justify;\"><span style=\"font-size: 10pt;\"><span style=\"font-family: verdana, geneva;\">Dopo l\u2019articolo apparso sul precedente numero de \u2018La voce del paese\u2019 dal titolo \u201cGenitori sul piede di guerra\u201d, abbiamo raccolto le parole di alcuni membri del Consiglio di Circolo e dello stesso presidente Alberto D\u2019Autilia.<\/span><\/span><\/p>\n<p style=\"text-align: justify;\"><span style=\"font-size: 10pt;\"><span style=\"font-family: verdana, geneva;\">In un clima di forte rammarico per il comportamento tenuto nella scorsa settimana da alcuni genitori sulla questione scolastica, non hanno mancato di porre l\u2019accento su quanto sarebbe stato opportuno, da parte degli stessi, rivolgersi direttamente a chi poteva dare loro spiegazioni in merito.<\/span><\/span><\/p>\n<p style=\"text-align: justify;\"><span style=\"font-size: 10pt;\"><span style=\"font-family: verdana, geneva;\">Ricordiamo che il tutto \u00e8 nato all\u2019indomani della decisione di applicare, in via sperimentale, una modifica al regolare orario scolastico per i ragazzi di IV e V elementare. Questi, infatti, per un giorno a settimana, saranno occupati con il tempo pieno, pranzando \u201ca sacco\u201d nella stessa scuola e uscendo alle 16.00.<\/span><\/span><\/p>\n<p style=\"text-align: justify;\"><span style=\"font-size: 10pt;\"><span style=\"font-family: verdana, geneva;\">\u201cUna decisione, questa &#8211; ci spiegano alcuni rappresentanti del Consiglio di Circolo \u2013 che \u00e8 stata presa rapidamente poich\u00e9 non era stato dato n\u00e9 al Dirigente, n\u00e9 a noi, il tempo materiale per informare e apprendere il parere di tutti. Visti i tempi ristretti richiesti per inviare anche la risposta all\u2019organico, il Collegio dei Docenti prima, il Consiglio di Circolo poi, ha deliberato questa formula sperimentale, del quale, confermiamo, non tutti erano concordi\u201d.<\/span><\/span><\/p>\n<p style=\"text-align: justify;\"><span style=\"font-size: 10pt;\"><span style=\"font-family: verdana, geneva;\">Considerata l\u2019urgenza della decisione (il 18 marzo la circolare giungeva al dirigente e il 22 scadeva il termine per l\u2019invio della risposta) si \u00e8 proceduto come appunto dichiarato ma, ha commentato il presidente D\u2019Autilia \u201c<strong>sabato mattina eravamo allo Sportello del Genitore pronti ad accogliere qualsiasi protesta, richiesta di spiegazione o qualsiasi proposta. Ma non si \u00e8 presentato nessuno<\/strong>\u201d.<\/span><\/span><\/p>\n<p style=\"text-align: justify;\"><span style=\"font-size: 10pt;\"><span style=\"font-family: verdana, geneva;\">Pronti a ricevere tutti o in parte chi aveva esposto la propria contrariet\u00e0 alla decisione presa, lo Sportello del Genitore non ha raccolto alcuna voce a proposito, tanto da lasciare il presidente e i membri presenti sabato mattina del tutto sconcertati e amareggiati. \u201cSulle questioni scolastiche, &#8211; hanno insistito \u2013 \u00e8 necessario che ci sia un <strong>confronto sereno e diretto<\/strong>, senza divulgare informazioni distorte e senza partire prevenuti di fronte alle innovazioni. Si osserva spesso un comportamento di ostruzione e di conflitto dinanzi alle novit\u00e0 che sono apportate, ma confrontarsi e discutere serenamente delle stesse, come poteva capitare sabato mattina allo Sportello del Genitore, sicuramente poteva evitare molti dubbi e incomprensioni\u201d.<\/span><\/span><\/p>\n<p style=\"text-align: justify;\"><span style=\"font-size: 10pt;\"><span style=\"font-family: verdana, geneva;\">Rinnovano comunque l\u2019invito a rivolgersi direttamente allo Sportello e \u201ccontinuiamo a essere disponibili ad ascoltare, confrontarci e dialogare insieme, perch\u00e9 solo evitando che il problema si diffonda e si alimenti fuori dai cancelli della scuola, si pu\u00f2 dare peso alla voce dei genitori e trovare le giuste opportunit\u00e0 per i propri figli\u201d \u2013 concludono i membri del Consiglio di Circolo.<\/span><\/span><\/p>\n<p style=\"text-align: justify;\"><span style=\"font-size: 10pt;\"><span style=\"font-family: verdana, geneva;\">Guardando sul registro dello Sportello, al quale ricordiamo che ogni genitore pu\u00f2 rivolgersi e, anche in forma anonima, esporre i propri dubbi, necessit\u00e0 o richieste, solo in pochi si sono affacciati dal momento del suo insediamento. Aperto nella prima met\u00e0 dello scorso febbraio, in pochi hanno usufruito di questa finestra di ascolto e supporto del genitore al mondo scolastico che, in altre realt\u00e0, rappresenta il legante tra due mondi che si occupano della crescita dei bambini.<\/span><\/span><\/p>\n","protected":false},"excerpt":{"rendered":"<p><img loading=\"lazy\" decoding=\"async\" class=\" size-full wp-image-5550\" src=\"https:\/\/archivioturi.lavocedelpaese.info\/wp-content\/uploads\/2011\/03\/scuola1.jpg\" width=\"320\" height=\"150\" alt=\"scuola1\" srcset=\"https:\/\/archivioturi.lavocedelpaese.info\/wp-content\/uploads\/2011\/03\/scuola1.jpg 640w, https:\/\/archivioturi.lavocedelpaese.info\/wp-content\/uploads\/2011\/03\/scuola1-300x141.jpg 300w\" sizes=\"auto, (max-width: 320px) 100vw, 320px\" \/><\/p>\n","protected":false},"author":1,"featured_media":5550,"comment_status":"open","ping_status":"closed","sticky":false,"template":"","format":"standard","meta":{"colormag_page_container_layout":"default_layout","colormag_page_sidebar_layout":"default_layout","footnotes":""},"categories":[7],"tags":[],"class_list":["post-5756","post","type-post","status-publish","format-standard","has-post-thumbnail","hentry","category-attualita"],"_links":{"self":[{"href":"https:\/\/archivioturi.lavocedelpaese.info\/index.php\/wp-json\/wp\/v2\/posts\/5756","targetHints":{"allow":["GET"]}}],"collection":[{"href":"https:\/\/archivioturi.lavocedelpaese.info\/index.php\/wp-json\/wp\/v2\/posts"}],"about":[{"href":"https:\/\/archivioturi.lavocedelpaese.info\/index.php\/wp-json\/wp\/v2\/types\/post"}],"author":[{"embeddable":true,"href":"https:\/\/archivioturi.lavocedelpaese.info\/index.php\/wp-json\/wp\/v2\/users\/1"}],"replies":[{"embeddable":true,"href":"https:\/\/archivioturi.lavocedelpaese.info\/index.php\/wp-json\/wp\/v2\/comments?post=5756"}],"version-history":[{"count":0,"href":"https:\/\/archivioturi.lavocedelpaese.info\/index.php\/wp-json\/wp\/v2\/posts\/5756\/revisions"}],"wp:featuredmedia":[{"embeddable":true,"href":"https:\/\/archivioturi.lavocedelpaese.info\/index.php\/wp-json\/wp\/v2\/media\/5550"}],"wp:attachment":[{"href":"https:\/\/archivioturi.lavocedelpaese.info\/index.php\/wp-json\/wp\/v2\/media?parent=5756"}],"wp:term":[{"taxonomy":"category","embeddable":true,"href":"https:\/\/archivioturi.lavocedelpaese.info\/index.php\/wp-json\/wp\/v2\/categories?post=5756"},{"taxonomy":"post_tag","embeddable":true,"href":"https:\/\/archivioturi.lavocedelpaese.info\/index.php\/wp-json\/wp\/v2\/tags?post=5756"}],"curies":[{"name":"wp","href":"https:\/\/api.w.org\/{rel}","templated":true}]}}