{"id":5748,"date":"2011-03-30T06:00:49","date_gmt":"2011-03-30T06:00:49","guid":{"rendered":"https:\/\/archivioturi.lavocedelpaese.info\/index.php\/2011\/03\/30\/lassociazione-sunflower-in-azione\/"},"modified":"2011-03-30T06:00:49","modified_gmt":"2011-03-30T06:00:49","slug":"lassociazione-sunflower-in-azione","status":"publish","type":"post","link":"https:\/\/archivioturi.lavocedelpaese.info\/index.php\/2011\/03\/30\/lassociazione-sunflower-in-azione\/","title":{"rendered":"L\u2019ASSOCIAZIONE SUNFLOWER IN AZIONE"},"content":{"rendered":"<p><img loading=\"lazy\" decoding=\"async\" class=\" size-full wp-image-5747\" src=\"https:\/\/archivioturi.lavocedelpaese.info\/wp-content\/uploads\/2011\/03\/sunfl._logo.jpg\" width=\"320\" height=\"150\" alt=\"sunfl._logo\" \/> <\/p>\n<p style=\"text-align: justify;\"><span style=\"font-size: 10pt;\"><span style=\"font-family: verdana, geneva;\">Proseguiamo questa settimana il viaggio tra le diverse associazioni turesi allo scopo di realizzare un quadro chiaro e pertinente all&#8217;universo associazionistico del nostro paese, per capire quali sono i progetti, le difficolt\u00e0 e i sostegni che queste ottengono dalle autorit\u00e0 locali. Questa volta abbiamo ascoltato Giovanni Dell&#8217;Aera, portavoce della Sunflower.<\/span><\/span><\/p>\n<p style=\"text-align: justify;\"><strong><span style=\"font-size: 10pt;\"><span style=\"font-family: verdana, geneva;\">Come e perch\u00e8 nasce l&#8217;associazione Sunflower?<\/span><\/span><\/strong><\/p>\n<p style=\"text-align: justify;\"><span style=\"font-size: 10pt;\"><span style=\"font-family: verdana, geneva;\">\u201cNoi proveniamo da un&#8217;altra associazione che si chiamava Girasole e ad un certo punto abbiamo deciso di fondare una nuova e pi\u00f9 ampia associazione, cos\u00ec \u00e8 nata la Sunflower che si occupa di molti e svariati temi. Ci interessiamo ad esempio di organizzare feste, ma anche di temi pi\u00f9 concreti quali potrebbero essere raccolta firme o mostre d&#8217;arte. Ultimamente abbiamo anche collaborato con un&#8217;associazione di Conversano che si occupa di persone con problemi psichici, nel concreto li abbiamo aiutati a vendere dei manufatti che questi pazienti realizzano nel loro centro di terapia.<\/span><\/span><\/p>\n<p style=\"text-align: justify;\"><strong><span style=\"font-size: 10pt;\"><span style=\"font-family: verdana, geneva;\">La sua associazione ha potuto in qualche modo contare sull&#8217;aiuto delle autorit\u00e0 politiche locali?<\/span><\/span><\/strong><\/p>\n<p style=\"text-align: justify;\"><span style=\"font-size: 10pt;\"><span style=\"font-family: verdana, geneva;\">\u201cNoi, come Sunflower, siamo nati ufficialmente nel luglio dell&#8217;anno scorso e diciamo che non abbiamo avuto modo di relazionarci con loro pi\u00f9 di tanto. Ci\u00f2 dipende anche dal fatto che provenendo come gi\u00e0 detto da un&#8217;altra associazione e avendo gi\u00e0 avuto modo di vedere come agiscono le autorit\u00e0 locali, preferiamo starcene alla larga perch\u00e8 quando ci siamo rivolti a loro anche solo per avere una piccola sede per qualche incontro, finiva sempre che ci sbattevano la porta in faccia oppure ci facevano false promesse, in pratica non siamo stati mai aiutati. Con la Sunflower \u00e8 successo una sola volta che abbiamo chiesto aiuto, cio\u00e8 quando abbiamo organizzato la mostra d&#8217;arte in piazza avevamo bisogno di allacciarci per qualche ora alla corrente elettrica del Comune per illuminare meglio l&#8217;evento, ci \u00e8 stato risposto che la cosa non era fattibile\u201d.<\/span><\/span><\/p>\n<p style=\"text-align: justify;\"><strong><span style=\"font-size: 10pt;\"><span style=\"font-family: verdana, geneva;\">E perch\u00e8 allora, secondo lei, in altre circostanze e con altre associazioni le autorit\u00e0 locali si mostrano ampiamente generose?<\/span><\/span><\/strong><\/p>\n<p style=\"text-align: justify;\"><span style=\"font-size: 10pt;\"><span style=\"font-family: verdana, geneva;\">\u201cNon per fare polemica, ma sappiamo da molto tempo che i soldi destinati alle associazioni, in questo paese vengono spartiti solo tra alcune associazioni. Non \u00e8 mai stato spiegato in presenza di tutto il mondo associazionistico turese quali e quanti fondi sono a disposizione e per quali attivit\u00e0. A Turi, io penso, sono presenti molte associazioni seriamente impegnate e, anche una piccola parte di quei fondi, sarebbero utili a migliorarne l&#8217;operato. Ad esempio il Comune ha molti locali che potrebbero diventare sedi di associazioni, ma il discorso \u00e8 che le attuali autorit\u00e0 elargiscono piaceri solo a quelle associazioni dalle quali sanno gi\u00e0 di poter avere un appoggio politico\u201d.<\/span><\/span><\/p>\n<p style=\"text-align: justify;\"><strong><span style=\"font-size: 10pt;\"><span style=\"font-family: verdana, geneva;\">Quindi \u00e8 tutto un fattore politico?<\/span><\/span><\/strong><\/p>\n<p style=\"text-align: justify;\"><span style=\"font-size: 10pt;\"><span style=\"font-family: verdana, geneva;\">\u201cSi \u00e8 proprio cos\u00ec. E in merito posso apportare la mia esperienza passata ai tempi del gruppo Girasole allorch\u00e8 durante la Sagra delle ciliegie, che \u00e8 risaputo essere un momento particolare per l&#8217;arrivo di molti forestieri nel nostro comune, volevamo esporre e distribuire un DVD pubblicitario gratuito sul nostro paese. Ci rivolgemmo pertanto all&#8217;assessore Tateo il quale ci rispose che in merito non era il Comune a prendere decisioni e perci\u00f2 dovevamo rivolgerci all&#8217;associazione Turi in evidenza. Mi diressi personalmente a parlare con i rappresentanti di questa associazione e mi fu risposto che per realizzare la nostra idea era necessario acquistare uno stand al costo di cinquecento euro. Io risposi che quella era una cifra esorbitante tanto pi\u00f9 se si considera che la nostra presenza e la nostra iniziativa non aveva alcun fine di lucro. Doveva essere solo un&#8217;esposizione con lo scopo di valorizzare Turi agli occhi della gente di fuori. A quel punto ci fu fatta una proposta: ci avrebbero abbassato il prezzo dello stand di duecento euro in cambio della nostra presenza, per fare numero, ad un convegno di un politico di centro-destra realizzato dalle autorit\u00e0 comunali. La nostra risposta a questa proposta fu negativa e perci\u00f2 noi non realizzammo pi\u00f9 il nostro progetto. \u00c8 questo il motivo per cui, ogni volta che sento dire che l&#8217;attuale amministrazione tende ad aiutare le associazioni, so per certo essere una cosa falsa, al massimo la cosa funziona solo per i loro affiliati. Pech\u00e8 chiederci dei soldi? Visto che non siamo un&#8217;associazione a scopo di lucro, e avendo intenzioni propositive nei confronti della collettivit\u00e0 se non ci rivolgiamo al Comune o all&#8217;assessore di turno a chi dovremmo rivolgerci?\u201d<\/span><\/span><\/p>\n<p style=\"text-align: justify;\"><strong><span style=\"font-size: 10pt;\"><span style=\"font-family: verdana, geneva;\">Quindi anche in quel caso vi fu chiusa la porta in faccia?<\/span><\/span><\/strong><\/p>\n<p style=\"text-align: justify;\"><span style=\"font-size: 10pt;\"><span style=\"font-family: verdana, geneva;\">\u201cPrecisamente, l&#8217;assessore, come si suol dire, ci riemp\u00ec di un mucchio di chiacchiere e poi tutto fin\u00ec in una bolla di sapone\u201d.<\/span><\/span><\/p>\n<p style=\"text-align: justify;\"><strong><span style=\"font-size: 10pt;\"><span style=\"font-family: verdana, geneva;\">In questo momento, la Sunflower come si sta muovendo, ovvero cosa sta organizzando? <\/span><\/span><\/strong><\/p>\n<p style=\"text-align: justify;\"><span style=\"font-size: 10pt;\"><span style=\"font-family: verdana, geneva;\">\u201cIn questo momento abbiamo trovato una collaborazione con l&#8217;Unitalsi di Turi, con la quale ci diamo una mano nella realizzazione delle nostre opere benefiche. In ogni caso devo dare atto ai ragazzi della Pro-Loco che sono stati gli unici che davvero ci hanno aiutato proprio in quella sera della mostra d&#8217;arte in cui avevamo bisogno della corrente elettrica, la Pro-Loco ci permise di usufruire dell&#8217;elettricit\u00e0 necessaria. Ci\u00f2 la dice lunga, visto che anche la sede della Pro-Loco in fondo \u00e8 un locale del comune e il diniego era stato dato dall&#8217;assessore D&#8217;Addabbo\u201d.<\/span><\/span><\/p>\n<p style=\"text-align: justify;\"><strong><span style=\"font-size: 10pt;\"><span style=\"font-family: verdana, geneva;\">Mi sa che la vostra associazione riesce a raccogliere molti giovani.<\/span><\/span><\/strong><\/p>\n<p style=\"text-align: justify;\"><span style=\"font-size: 10pt;\"><span style=\"font-family: verdana, geneva;\">\u201cSi, infatti siamo arrivati ad una sessantina di iscritti tra sostenitori e attivisti. Di questi ultimi se ne contano una quindicina e in ogni caso stiamo cercando di allargare ulteriormente il gruppo\u201d.<\/span><\/span><\/p>\n<p style=\"text-align: justify;\"><strong><span style=\"font-size: 10pt;\"><span style=\"font-family: verdana, geneva;\">Complessivamente appartenete o vi sentite vicini a qualche area politica?<\/span><\/span><\/strong><\/p>\n<p style=\"text-align: justify;\"><span style=\"font-size: 10pt;\"><span style=\"font-family: verdana, geneva;\">\u201cAssolutamente no perch\u00e8 all&#8217;interno della nostra associazione ci sono in realt\u00e0 un sacco di idee differenti tenute insieme dalla voglia di fare qualcosa di positivo per il nostro paese\u201d.<\/span><\/span><\/p>\n","protected":false},"excerpt":{"rendered":"<p><img loading=\"lazy\" decoding=\"async\" class=\" size-full wp-image-5747\" src=\"https:\/\/archivioturi.lavocedelpaese.info\/wp-content\/uploads\/2011\/03\/sunfl._logo.jpg\" width=\"320\" height=\"150\" alt=\"sunfl._logo\" \/> <\/p>\n","protected":false},"author":1,"featured_media":5747,"comment_status":"open","ping_status":"closed","sticky":false,"template":"","format":"standard","meta":{"colormag_page_container_layout":"default_layout","colormag_page_sidebar_layout":"default_layout","footnotes":""},"categories":[4],"tags":[],"class_list":["post-5748","post","type-post","status-publish","format-standard","has-post-thumbnail","hentry","category-politica"],"_links":{"self":[{"href":"https:\/\/archivioturi.lavocedelpaese.info\/index.php\/wp-json\/wp\/v2\/posts\/5748","targetHints":{"allow":["GET"]}}],"collection":[{"href":"https:\/\/archivioturi.lavocedelpaese.info\/index.php\/wp-json\/wp\/v2\/posts"}],"about":[{"href":"https:\/\/archivioturi.lavocedelpaese.info\/index.php\/wp-json\/wp\/v2\/types\/post"}],"author":[{"embeddable":true,"href":"https:\/\/archivioturi.lavocedelpaese.info\/index.php\/wp-json\/wp\/v2\/users\/1"}],"replies":[{"embeddable":true,"href":"https:\/\/archivioturi.lavocedelpaese.info\/index.php\/wp-json\/wp\/v2\/comments?post=5748"}],"version-history":[{"count":0,"href":"https:\/\/archivioturi.lavocedelpaese.info\/index.php\/wp-json\/wp\/v2\/posts\/5748\/revisions"}],"wp:featuredmedia":[{"embeddable":true,"href":"https:\/\/archivioturi.lavocedelpaese.info\/index.php\/wp-json\/wp\/v2\/media\/5747"}],"wp:attachment":[{"href":"https:\/\/archivioturi.lavocedelpaese.info\/index.php\/wp-json\/wp\/v2\/media?parent=5748"}],"wp:term":[{"taxonomy":"category","embeddable":true,"href":"https:\/\/archivioturi.lavocedelpaese.info\/index.php\/wp-json\/wp\/v2\/categories?post=5748"},{"taxonomy":"post_tag","embeddable":true,"href":"https:\/\/archivioturi.lavocedelpaese.info\/index.php\/wp-json\/wp\/v2\/tags?post=5748"}],"curies":[{"name":"wp","href":"https:\/\/api.w.org\/{rel}","templated":true}]}}