{"id":5732,"date":"2011-03-29T08:34:30","date_gmt":"2011-03-29T08:34:30","guid":{"rendered":"https:\/\/archivioturi.lavocedelpaese.info\/index.php\/2011\/03\/29\/ss-172-resta-siamo-alla-svolta-storica\/"},"modified":"2011-03-29T08:34:30","modified_gmt":"2011-03-29T08:34:30","slug":"ss-172-resta-siamo-alla-svolta-storica","status":"publish","type":"post","link":"https:\/\/archivioturi.lavocedelpaese.info\/index.php\/2011\/03\/29\/ss-172-resta-siamo-alla-svolta-storica\/","title":{"rendered":"STATALE 172. RESTA: &#8216;SIAMO ALLA SVOLTA STORICA&#8217;"},"content":{"rendered":"<p><img loading=\"lazy\" decoding=\"async\" class=\" alignleft size-full wp-image-974\" src=\"https:\/\/archivioturi.lavocedelpaese.info\/wp-content\/uploads\/2009\/12\/statale_172.jpg\" width=\"320\" height=\"150\" alt=\"statale_172\" style=\"float: left;\" srcset=\"https:\/\/archivioturi.lavocedelpaese.info\/wp-content\/uploads\/2009\/12\/statale_172.jpg 640w, https:\/\/archivioturi.lavocedelpaese.info\/wp-content\/uploads\/2009\/12\/statale_172-300x141.jpg 300w\" sizes=\"auto, (max-width: 320px) 100vw, 320px\" \/> <\/p>\n<h3><strong>ESCLUSIVO &#8216;LA VOCE DEL PAESE&#8217;<\/strong><\/h3>\n<div>\n<p style=\"text-align: center;\">La 172 \u00e8 nelle priorit\u00e0 malgrado la riduzione del piano, ora al vaglio del governo.<\/p>\n<p style=\"text-align: center;\"><strong>A giorni la firma definitiva dell&#8217;intesa quadro: Resta organizza un pullman per Roma.<\/strong><\/p>\n<p style=\"text-align: center;\">\u00a0<\/p>\n<p style=\"text-align: justify;\">Le bottiglie sono in fresco. Il capitolo statale dei trulli 172 \u00e8 davvero alla svolta finale. \u201cIo credo che siamo alla svolta storica!\u201d \u2013 precisa un prof.<strong> Onofrio Resta<\/strong> moderatamente ottimista. Fiducioso, pi\u00f9 del solito. Ma lo champagne andr\u00e0 stappato solo quando il governo di Roma firmer\u00e0 l\u2019intesa quadro, e quel giorno, Resta, e tanti altri vorranno esserci. Si andr\u00e0 tutti quanti in pullman, e comunque non sar\u00e0 un\u2019allegra gitarella romana.<\/p>\n<p style=\"text-align: justify;\">Si attendono novit\u00e0 dai messaggeri della capitale. Letta e il governatore Vendola ufficializzeranno la data per la firma dell\u2019intesa.<\/p>\n<p style=\"text-align: justify;\"><strong>IL PIANO<\/strong> <strong>RIDOTTO E FORTUNATO <\/strong>&#8211; La vera notizia, tra le altre, \u00e8 che il piano delle opere infrastrutturali \u2018Puglia corsara\u2019 si \u00e8 ridotto a 1,7 miliardi di euro, rispetto ai 10 iniziali. Questa, che poteva sembrare una cattiva notizia, in realt\u00e0 non lo \u00e8, almeno non nel nostro caso, perch\u00e9 nella scrematura delle opere si \u00e8 arrivati alla definizione dei cantieri di urgente priorit\u00e0 e tra questi, in pole position, c\u2019\u00e8 la strada della morte, nel tratto critico Casamassima-Putignano (passando da Turi) e Orimini-Martina Franca.<img loading=\"lazy\" decoding=\"async\" class=\" alignright size-full wp-image-1801\" style=\"float: right; margin: 5px;\" alt=\"fitto\" height=\"213\" width=\"400\" src=\"https:\/\/archivioturi.lavocedelpaese.info\/wp-content\/uploads\/2010\/03\/fitto.jpg\" srcset=\"https:\/\/archivioturi.lavocedelpaese.info\/wp-content\/uploads\/2010\/03\/fitto.jpg 400w, https:\/\/archivioturi.lavocedelpaese.info\/wp-content\/uploads\/2010\/03\/fitto-300x160.jpg 300w\" sizes=\"auto, (max-width: 400px) 100vw, 400px\" \/><\/p>\n<p style=\"text-align: justify;\"><strong>Il futuro della strada, a questo punto dipender\u00e0 solo dal governo<\/strong>, in particolare da quattro firme: Matteoli, Fitto, Berlusconi e Prestigiacomo decideranno sulla statale dei trulli. I riflettori saranno puntati su di loro che decideranno quindi se sottoscrivere o meno l\u2019intesa quadro. Se non firmano? Meglio non pensarci.<\/p>\n<p style=\"text-align: justify;\">Nel giorno dell\u2019intesa, il pacchetto di opere della regione Puglia (all\u2019interno del quale c\u2019\u00e8 la statale dei trulli) sar\u00e0 vagliato per primo, assieme a Lazio, Emilia Romagna e Piemonte. Sar\u00e0 come andare per primi agli orali, sotto esami di maturit\u00e0, quando la commissione esaminatrice dovrebbe essere lucida di mente.<\/p>\n<p style=\"text-align: justify;\">Intanto per\u00f2, i maggiori esponenti locali si dicono fiduciosi, a cominciare appunto dall\u2019assessore provinciale Onofrio Resta che sta organizzando una \u201cgita\u201d in pullman a Roma, da farsi nel giorno della firma, il giorno dei giorni, il pi\u00f9 atteso.<\/p>\n<p style=\"text-align: justify;\"><strong>FASE SUCCESSIVA ALLA FIRMA<\/strong> &#8211; Se si raggiungesse l\u2019intesa, senza alcun depennamento di opere, tra le quali la statale 172, si procederebbe a quel punto al reperimento dei fondi che potr\u00e0 avvenire attraverso il definanziamento di mutui mai accesi dalle regioni (1,2 miliardi) e i fondi Fas da recuperare nell\u2019ambito del piano del Sud. In tal senso, Fitto \u00e8 la figura chiave. Domani, il Ministro incontrer\u00e0 Tremonti, colui che tiene stretti i cordoni della borsa: si comincer\u00e0 a riempiere di cifre, centesimo su centesimo, il piano del Sud. Il solo tratto Casamassima-Putignano e Orimini-Martina vale <strong>oltre 100 milioni di euro<\/strong>, rispetto ai 50 iniziali.<\/p>\n<p style=\"text-align: justify;\">\u201cIl ministro Fitto, in passato cauto, non ha assicurato nulla, ma questa volta ci \u00e8 apparso molto ottimista\u201d &#8211; assicura Onofrio Resta, dopo mesi di contatti, visite da Bari a Roma e ritorno, pressioni su Fitto e incontri con l\u2019architetto Mele, altro deus ex machina tra gli uomini di governo e che sar\u00e0 ospite al palazzo provinciale di via Spalato venerd\u00ec prossimo.<\/p>\n<p><img loading=\"lazy\" decoding=\"async\" class=\" alignleft size-full wp-image-76\" style=\"float: left; margin: 5px;\" alt=\"Onofrio-Resta\" height=\"451\" width=\"300\" src=\"https:\/\/archivioturi.lavocedelpaese.info\/wp-content\/uploads\/2009\/07\/Onofrio-Resta.jpg\" srcset=\"https:\/\/archivioturi.lavocedelpaese.info\/wp-content\/uploads\/2009\/07\/Onofrio-Resta.jpg 350w, https:\/\/archivioturi.lavocedelpaese.info\/wp-content\/uploads\/2009\/07\/Onofrio-Resta-200x300.jpg 200w\" sizes=\"auto, (max-width: 300px) 100vw, 300px\" \/><\/p>\n<p style=\"text-align: justify;\">Grazie a un\u2019azione mirata di lobbying a tutti i livelli istituzionali (dalla petizione ai semplici sms, dalle visite fino al documento condiviso di recente da Schittulli per definire una cabina di regia che, in caso di intesa a Roma, dovr\u00e0 vigilare su finanziamenti e stato dei cantieri) &#8211; la 172 non si trover\u00e0 verosimilmente depennata dal piano delle opere.<\/p>\n<p style=\"text-align: justify;\"><strong>ONOFRIO RESTA: \u2018SI VA A ROMA\u2019<\/strong> &#8211; \u201cSto organizzando per conto della Provincia un pullman per Roma. Venerd\u00ec prossimo incontreremo l\u2019architetto Mele che ci far\u00e0 sapere quando sar\u00e0 firmata l\u2019intesa quadro. Solleciter\u00f2 tutti gli esponenti del comune di Turi, Putignano, Martina, politici e amministratori vecchi e nuovi, perch\u00e9 quel giorno diventi storico, indipendentemente dai meriti di ciascuno di noi. Varr\u00e0 la soddisfazione di tutti per un\u2019opera agognata da decenni. Ognuno ha fatto la sua parte, a cominciare dalla petizione dell\u2019ex sindaco De Grisantis, che ha dato la stura al mio ordine del giorno, dall\u2019impegno della Provincia, del presidente Schittulli e dell\u2019assessore regionale Minervini. E\u2019 stato un bell\u2019esempio di collaborazione istituzionale e bipartisan. Andremo a Roma in pullman nel giorno della firma dell\u2019intesa quadro, per incrociare le dita, vigilare e &#8211; questa \u00e8 la speranza di tutti &#8211; poter finalmente festeggiare\u201d.<\/p>\n<p style=\"text-align: justify;\"><a href=\"attualita\/3498-ss-172-trulli-sit-di-protesta-il-prossimo-3-aprile.html\" target=\"_blank\" style=\"text-decoration: none;\" rel=\"noopener\">VEDI ANCHE SIT IN DI PROTESTA IL 3 APRILE<\/a><\/p>\n<\/div>\n","protected":false},"excerpt":{"rendered":"<p><img loading=\"lazy\" decoding=\"async\" class=\" alignleft size-full wp-image-974\" src=\"https:\/\/archivioturi.lavocedelpaese.info\/wp-content\/uploads\/2009\/12\/statale_172.jpg\" width=\"320\" height=\"150\" alt=\"statale_172\" style=\"float: left;\" srcset=\"https:\/\/archivioturi.lavocedelpaese.info\/wp-content\/uploads\/2009\/12\/statale_172.jpg 640w, https:\/\/archivioturi.lavocedelpaese.info\/wp-content\/uploads\/2009\/12\/statale_172-300x141.jpg 300w\" sizes=\"auto, (max-width: 320px) 100vw, 320px\" \/> <\/p>\n","protected":false},"author":1,"featured_media":974,"comment_status":"open","ping_status":"closed","sticky":false,"template":"","format":"standard","meta":{"colormag_page_container_layout":"default_layout","colormag_page_sidebar_layout":"default_layout","footnotes":""},"categories":[7],"tags":[],"class_list":["post-5732","post","type-post","status-publish","format-standard","has-post-thumbnail","hentry","category-attualita"],"_links":{"self":[{"href":"https:\/\/archivioturi.lavocedelpaese.info\/index.php\/wp-json\/wp\/v2\/posts\/5732","targetHints":{"allow":["GET"]}}],"collection":[{"href":"https:\/\/archivioturi.lavocedelpaese.info\/index.php\/wp-json\/wp\/v2\/posts"}],"about":[{"href":"https:\/\/archivioturi.lavocedelpaese.info\/index.php\/wp-json\/wp\/v2\/types\/post"}],"author":[{"embeddable":true,"href":"https:\/\/archivioturi.lavocedelpaese.info\/index.php\/wp-json\/wp\/v2\/users\/1"}],"replies":[{"embeddable":true,"href":"https:\/\/archivioturi.lavocedelpaese.info\/index.php\/wp-json\/wp\/v2\/comments?post=5732"}],"version-history":[{"count":0,"href":"https:\/\/archivioturi.lavocedelpaese.info\/index.php\/wp-json\/wp\/v2\/posts\/5732\/revisions"}],"wp:featuredmedia":[{"embeddable":true,"href":"https:\/\/archivioturi.lavocedelpaese.info\/index.php\/wp-json\/wp\/v2\/media\/974"}],"wp:attachment":[{"href":"https:\/\/archivioturi.lavocedelpaese.info\/index.php\/wp-json\/wp\/v2\/media?parent=5732"}],"wp:term":[{"taxonomy":"category","embeddable":true,"href":"https:\/\/archivioturi.lavocedelpaese.info\/index.php\/wp-json\/wp\/v2\/categories?post=5732"},{"taxonomy":"post_tag","embeddable":true,"href":"https:\/\/archivioturi.lavocedelpaese.info\/index.php\/wp-json\/wp\/v2\/tags?post=5732"}],"curies":[{"name":"wp","href":"https:\/\/api.w.org\/{rel}","templated":true}]}}