{"id":5720,"date":"2011-03-29T07:18:25","date_gmt":"2011-03-29T07:18:25","guid":{"rendered":"https:\/\/archivioturi.lavocedelpaese.info\/index.php\/2011\/03\/29\/approvata-la-nuova-convenzione-per-cabina-di-regia\/"},"modified":"2011-03-29T07:18:25","modified_gmt":"2011-03-29T07:18:25","slug":"approvata-la-nuova-convenzione-per-cabina-di-regia","status":"publish","type":"post","link":"https:\/\/archivioturi.lavocedelpaese.info\/index.php\/2011\/03\/29\/approvata-la-nuova-convenzione-per-cabina-di-regia\/","title":{"rendered":"APPROVATA LA CONVENZIONE PER \u2018CABINA DI REGIA\u2019"},"content":{"rendered":"<p><img loading=\"lazy\" decoding=\"async\" class=\" size-full wp-image-5550\" alt=\"scuola1\" height=\"150\" width=\"320\" src=\"https:\/\/archivioturi.lavocedelpaese.info\/wp-content\/uploads\/2011\/03\/scuola1.jpg\" srcset=\"https:\/\/archivioturi.lavocedelpaese.info\/wp-content\/uploads\/2011\/03\/scuola1.jpg 640w, https:\/\/archivioturi.lavocedelpaese.info\/wp-content\/uploads\/2011\/03\/scuola1-300x141.jpg 300w\" sizes=\"auto, (max-width: 320px) 100vw, 320px\" \/> <\/p>\n<p style=\"text-align: justify;\"><span style=\"font-size: 10pt;\"><span style=\"font-family: verdana, geneva;\">Lo scorso 10 marzo, con la delibera di Giunta Comunale n. 28, \u00e8 stato approvato il Protocollo d\u2019Intesa che definisce l\u2019istituzione di una \u201c<strong>Cabina di Regia<\/strong>\u201d, tra il Circolo Didattico \u201cP. De Donato Giannini\u201d, la Scuola Secondaria Statale di I Grado \u201cR.Resta\u201d e il Comune di Turi.<\/span><\/span><\/p>\n<p style=\"text-align: justify;\"><span style=\"font-size: 10pt;\"><span style=\"font-family: verdana, geneva;\">Fine dell\u2019accordo \u00e8 la promozione e la coordazione di varie attivit\u00e0 ed iniziative promosse sul territorio comunale in favore delle famiglie, dell\u2019infanzia e dell\u2019adolescenza, in considerazione dell\u2019attuazione delle progettualit\u00e0 legate ai Piani di Zona.<\/span><\/span><\/p>\n<p style=\"text-align: justify;\"><span style=\"font-size: 10pt;\"><span style=\"font-family: verdana, geneva;\">Tale approvazione segue l\u2019iter esposto nella precedente bozza definita in Giunta il 21 dicembre 2010 nella quale si stabiliva che l\u2019adesione delle Scuole doveva essere formalizzata con una deliberazione del Consiglio d\u2019Istituto. Durante un incontro tenutosi il 27 gennaio 2011, i Dirigenti Scolastici degli Istituti e i Referenti dei Consigli d\u2019Istituto e di Circolo, hanno espresso ai Rappresentanti politici e tecnici del Comune \u201cperplessit\u00e0 in merito all\u2019autorit\u00e0 che la normativa attribuisce ai Consigli di Istituto e di Circolo, non contemplata tra i soggetti costituenti la cosiddetta Cabina di Regia\u201d.<\/span><\/span><\/p>\n<p style=\"text-align: justify;\"><span style=\"font-size: 10pt;\"><span style=\"font-family: verdana, geneva;\">Dalla nota trasmessa dal Presidente del Consiglio di Istituto, dott. Giuseppe Tritto, ai membri del Consiglio d\u2019Istituto ed approvata dalla Giunta Comunale \u00e8 stato modificato il testo del Protocollo d\u2019Intesa all\u2019art.2: \u201cLa Cabina di Regia \u00e8 costituita dall\u2019Amministrazione Comunale di Turi, rappresentata dagli Assessori alle Politiche Sociali e alla Scuola nonch\u00e9 dal Consigliere delegato alla Cultura, dalla Scuola Secondaria di 1\u00b0 Grado \u201cR.Resta\u201d, rappresentata dal Dirigente e dal Presidente del Consiglio d\u2019Istituto e dal Circolo Didattico Statale \u201cDe Donato Giannini\u201d, rappresentata dal Dirigente e dal Presidente del Consiglio di Circolo\u201d.<\/span><\/span><\/p>\n<p style=\"text-align: justify;\"><span style=\"font-size: 10pt;\"><span style=\"font-family: verdana, geneva;\">Inoltre \u00e8 stato inserito, nello stesso Protocollo, l\u2019Art.3 bis: \u201cLe attivit\u00e0 della Cabina di Regia di cui al presente Protocollo d\u2019Intesa non escludono l\u2019esercizio delle funzioni attribuite al Consiglio d\u2019Istituto e Consiglio di Circolo definite dall\u2019art.10 del D.Lgs. 16\/04\/1994 n.297 e dagli artt. 2-3-4-5 del DPR 275\/99 come modificato dai DPR 156\/99 e 105\/01, nonch\u00e9, per la parte contabile, dal D.I. 44\/2001. Pertanto, limitatamente all\u2019esercizio delle suddette funzioni, gli <strong>indirizzi adottati dalla Cabina di Regia dovranno essere deliberati dai rispettivi Consigli di Istituto e di Circolo<\/strong>\u201d.<\/span><\/span><\/p>\n<p style=\"text-align: justify;\"><span style=\"font-size: 10pt;\"><span style=\"font-family: verdana, geneva;\">\u201cNon sono delle variazioni ad una decisione presa da noi \u2013 ci spiega l\u2019Assessore Cazzetta. Con l\u2019Assessore D\u2019Autilia, assessore alle politiche sociali, presentammo una bozza agli organi scolastici durante un incontro che si svolse presso la Scuola Media. Discutendone insieme ai dirigenti e ai rappresentanti dei consigli di Circolo e d\u2019Istituto nacque la necessit\u00e0 di aporre alla nostra bozza qualche variazione che appunto abbiamo accettato e poi approvato in Giunta.\u201d<\/span><\/span><\/p>\n<p style=\"text-align: justify;\"><span style=\"font-size: 10pt;\"><span style=\"font-family: verdana, geneva;\">Nasce cos\u00ec un punto di incontro e di confrontro tra la scuola, l\u2019amministrazione comunale e gli stessi organi consiliari che pone le basi per un percorso sinergico al fine di promuovere le risorse della comunit\u00e0 locale e sostenere e valorizzare la responsabilit\u00e0 e le capacit\u00e0\u00a0 delle persone e delle famiglie. Prevenire situazioni di disagio sociale, determinate da fattori economico-sociali, che coinvolgendo il tessuto sociale pi\u00f9 ampio, caratterizzano il nostro territorio comunale, interessato da un significativo aumento demografico.<\/span><\/span><\/p>\n","protected":false},"excerpt":{"rendered":"<p><img loading=\"lazy\" decoding=\"async\" class=\" size-full wp-image-5550\" alt=\"scuola1\" height=\"150\" width=\"320\" src=\"https:\/\/archivioturi.lavocedelpaese.info\/wp-content\/uploads\/2011\/03\/scuola1.jpg\" srcset=\"https:\/\/archivioturi.lavocedelpaese.info\/wp-content\/uploads\/2011\/03\/scuola1.jpg 640w, https:\/\/archivioturi.lavocedelpaese.info\/wp-content\/uploads\/2011\/03\/scuola1-300x141.jpg 300w\" sizes=\"auto, (max-width: 320px) 100vw, 320px\" \/> <\/p>\n","protected":false},"author":1,"featured_media":5550,"comment_status":"open","ping_status":"closed","sticky":false,"template":"","format":"standard","meta":{"colormag_page_container_layout":"default_layout","colormag_page_sidebar_layout":"default_layout","footnotes":""},"categories":[7],"tags":[],"class_list":["post-5720","post","type-post","status-publish","format-standard","has-post-thumbnail","hentry","category-attualita"],"_links":{"self":[{"href":"https:\/\/archivioturi.lavocedelpaese.info\/index.php\/wp-json\/wp\/v2\/posts\/5720","targetHints":{"allow":["GET"]}}],"collection":[{"href":"https:\/\/archivioturi.lavocedelpaese.info\/index.php\/wp-json\/wp\/v2\/posts"}],"about":[{"href":"https:\/\/archivioturi.lavocedelpaese.info\/index.php\/wp-json\/wp\/v2\/types\/post"}],"author":[{"embeddable":true,"href":"https:\/\/archivioturi.lavocedelpaese.info\/index.php\/wp-json\/wp\/v2\/users\/1"}],"replies":[{"embeddable":true,"href":"https:\/\/archivioturi.lavocedelpaese.info\/index.php\/wp-json\/wp\/v2\/comments?post=5720"}],"version-history":[{"count":0,"href":"https:\/\/archivioturi.lavocedelpaese.info\/index.php\/wp-json\/wp\/v2\/posts\/5720\/revisions"}],"wp:featuredmedia":[{"embeddable":true,"href":"https:\/\/archivioturi.lavocedelpaese.info\/index.php\/wp-json\/wp\/v2\/media\/5550"}],"wp:attachment":[{"href":"https:\/\/archivioturi.lavocedelpaese.info\/index.php\/wp-json\/wp\/v2\/media?parent=5720"}],"wp:term":[{"taxonomy":"category","embeddable":true,"href":"https:\/\/archivioturi.lavocedelpaese.info\/index.php\/wp-json\/wp\/v2\/categories?post=5720"},{"taxonomy":"post_tag","embeddable":true,"href":"https:\/\/archivioturi.lavocedelpaese.info\/index.php\/wp-json\/wp\/v2\/tags?post=5720"}],"curies":[{"name":"wp","href":"https:\/\/api.w.org\/{rel}","templated":true}]}}