{"id":5703,"date":"2011-03-28T05:26:58","date_gmt":"2011-03-28T05:26:58","guid":{"rendered":"https:\/\/archivioturi.lavocedelpaese.info\/index.php\/2011\/03\/28\/6d-censimento-dellagricoltura-i-dati\/"},"modified":"2011-03-28T05:26:58","modified_gmt":"2011-03-28T05:26:58","slug":"6d-censimento-dellagricoltura-i-dati","status":"publish","type":"post","link":"https:\/\/archivioturi.lavocedelpaese.info\/index.php\/2011\/03\/28\/6d-censimento-dellagricoltura-i-dati\/","title":{"rendered":"6\u00b0 CENSIMENTO DELL\u2019AGRICOLTURA. I DATI"},"content":{"rendered":"<p><img loading=\"lazy\" decoding=\"async\" class=\" size-full wp-image-5702\" src=\"https:\/\/archivioturi.lavocedelpaese.info\/wp-content\/uploads\/2011\/03\/Censimento-Generale-Agricoltura1.jpg\" width=\"320\" height=\"150\" alt=\"Censimento-Generale-Agricoltura1\" \/><\/p>\n<p style=\"text-align: justify;\"><span style=\"font-size: 10pt;\"><span style=\"font-family: verdana, geneva;\">Sono arrivati i primi dati relativi al 6\u00b0 Censimento dell\u2019agricoltura che riguarda il Comune di Turi. Ma di cosa si tratta? Il Censimento dell&#8217;agricoltura rileva in ciascun Comune le aziende agricole e zootecniche da chiunque condotte e le cui dimensioni in termini di superficie o di consistenza del bestiame allevato siano uguali o superiori alle soglie minime regionali fissate dall&#8217;Istat nel rispetto di quanto stabilito dal Regolamento (CE) n. 1166\/2008. Ciascuna azienda poteva scegliere se attendere il rilevatore per effettuare l\u2019intervista diretta e compilare il questionario cartaceo o se compilare autonomamente il questionario elettronico via Internet. A Turi le interviste sono state effettuate nel periodo compreso tra il 25 ottobre 2010 ed il 31 gennaio 2011, anche se successivamente l\u2019Istat ha prorogato i termini fino al 21 febbraio. Il Censimento \u00e8 stato eseguito esclusivamente da personale della Polizia Municipale di Turi, che ha contattato personalmente i soggetti, potendo usufruire di una lista precensuaria con 1284 aziende agricole prodotta dall\u2019Istat. Nel nostro comune 32 soggetti hanno compilato il questionario via internet. Fanno parte del campo di osservazione del 6\u00b0 Censimento generale dell&#8217;agricoltura tutte le aziende con almeno 1 ettaro di Superficie Agricola Utilizzata (SAU) e le aziende con meno di 1 ettaro di SAU ma al di sopra di determinate soglie fisiche regionali stabilite dall&#8217;Istat tenendo conto delle specializzazioni regionali degli ordinamenti produttivi. Rientrano nel campo di osservazione anche le aziende zootecniche, purch\u00e9 allevino animali, in tutto o in parte, per la vendita.<\/span><\/span><\/p>\n<p style=\"text-align: justify;\"><span style=\"font-size: 10pt;\"><span style=\"font-family: verdana, geneva;\">Arriviamo dunque ai dati rilevati. Sul territorio turese sono state rilevate 1424 aziende agricole, di cui 140 aziende sono nuove mentre 190 non esistono pi\u00f9. Il dato finale dunque \u00e8 di 1234 aziende e, tenendo conto del dato precensuale, c\u2019\u00e8 un saldo negativo di 50 aziende.<\/span><\/span><\/p>\n<p style=\"text-align: justify;\"><span style=\"font-size: 10pt;\"><span style=\"font-family: verdana, geneva;\">Particolarmente interessante \u00e8 il dato che riguarda la superficie dei terreni dichiarata dai soggetti. Questi hanno dichiarato complessivamente 5370 ettari di terreni, di cui 4205 ettari sono destinati alle coltivazioni legnose agrarie (ciliegeti, mandorleti, uliveti, ecc.), 810 ettari sono di vite e 65 ettari sono destinati a prati e pascoli. Dalle rilevazioni si evince che il 90% delle aziende hanno una superficie compreso tra 1 a 10 ettari. Soltanto due aziende hanno dichiarato oltre 100 ettari di terreni.<\/span><\/span><\/p>\n<p style=\"text-align: justify;\"><span style=\"font-size: 10pt;\"><span style=\"font-family: verdana, geneva;\">Nel Censimento c\u2019\u00e8 anche il dato relativo agli animali da allevamento. Predominante \u00e8 il numero di bovini con ben 1082 unit\u00e0, 41 sono gli equini, 183 gli ovini, 2 caprini e 355 sono le razze di avicoli.<\/span><\/span><\/p>\n<p style=\"text-align: justify;\"><span style=\"font-size: 10pt;\"><span style=\"font-family: verdana, geneva;\">Il Comandante della Polizia Municipale, dott. M. Cassano, ha espresso grande soddisfazione perch\u00e9\u00a0 il Censimento \u00e8 stato condotto dai collaboratori in maniera esemplare grazie alla cooperazione dei cittadini e dei vari sindacati di categoria.<\/span><\/span><\/p>\n<p>\u00a0<\/p>\n","protected":false},"excerpt":{"rendered":"<p><img loading=\"lazy\" decoding=\"async\" class=\" size-full wp-image-5702\" src=\"https:\/\/archivioturi.lavocedelpaese.info\/wp-content\/uploads\/2011\/03\/Censimento-Generale-Agricoltura1.jpg\" width=\"320\" height=\"150\" alt=\"Censimento-Generale-Agricoltura1\" \/><\/p>\n","protected":false},"author":1,"featured_media":5702,"comment_status":"open","ping_status":"closed","sticky":false,"template":"","format":"standard","meta":{"colormag_page_container_layout":"default_layout","colormag_page_sidebar_layout":"default_layout","footnotes":""},"categories":[7],"tags":[],"class_list":["post-5703","post","type-post","status-publish","format-standard","has-post-thumbnail","hentry","category-attualita"],"_links":{"self":[{"href":"https:\/\/archivioturi.lavocedelpaese.info\/index.php\/wp-json\/wp\/v2\/posts\/5703","targetHints":{"allow":["GET"]}}],"collection":[{"href":"https:\/\/archivioturi.lavocedelpaese.info\/index.php\/wp-json\/wp\/v2\/posts"}],"about":[{"href":"https:\/\/archivioturi.lavocedelpaese.info\/index.php\/wp-json\/wp\/v2\/types\/post"}],"author":[{"embeddable":true,"href":"https:\/\/archivioturi.lavocedelpaese.info\/index.php\/wp-json\/wp\/v2\/users\/1"}],"replies":[{"embeddable":true,"href":"https:\/\/archivioturi.lavocedelpaese.info\/index.php\/wp-json\/wp\/v2\/comments?post=5703"}],"version-history":[{"count":0,"href":"https:\/\/archivioturi.lavocedelpaese.info\/index.php\/wp-json\/wp\/v2\/posts\/5703\/revisions"}],"wp:featuredmedia":[{"embeddable":true,"href":"https:\/\/archivioturi.lavocedelpaese.info\/index.php\/wp-json\/wp\/v2\/media\/5702"}],"wp:attachment":[{"href":"https:\/\/archivioturi.lavocedelpaese.info\/index.php\/wp-json\/wp\/v2\/media?parent=5703"}],"wp:term":[{"taxonomy":"category","embeddable":true,"href":"https:\/\/archivioturi.lavocedelpaese.info\/index.php\/wp-json\/wp\/v2\/categories?post=5703"},{"taxonomy":"post_tag","embeddable":true,"href":"https:\/\/archivioturi.lavocedelpaese.info\/index.php\/wp-json\/wp\/v2\/tags?post=5703"}],"curies":[{"name":"wp","href":"https:\/\/api.w.org\/{rel}","templated":true}]}}