{"id":5699,"date":"2011-03-28T05:20:04","date_gmt":"2011-03-28T05:20:04","guid":{"rendered":"https:\/\/archivioturi.lavocedelpaese.info\/index.php\/2011\/03\/28\/manutenzione-straordinaria-per-le-ville-vietato-il-transito\/"},"modified":"2011-03-28T05:20:04","modified_gmt":"2011-03-28T05:20:04","slug":"manutenzione-straordinaria-per-le-ville-vietato-il-transito","status":"publish","type":"post","link":"https:\/\/archivioturi.lavocedelpaese.info\/index.php\/2011\/03\/28\/manutenzione-straordinaria-per-le-ville-vietato-il-transito\/","title":{"rendered":"MANUTENZIONE PER LE VILLE. VIETATO IL TRANSITO"},"content":{"rendered":"<p><img loading=\"lazy\" decoding=\"async\" class=\" size-full wp-image-5696\" src=\"https:\/\/archivioturi.lavocedelpaese.info\/wp-content\/uploads\/2011\/03\/alberi_villa12.jpg\" width=\"320\" height=\"150\" alt=\"alberi_villa12\" srcset=\"https:\/\/archivioturi.lavocedelpaese.info\/wp-content\/uploads\/2011\/03\/alberi_villa12.jpg 640w, https:\/\/archivioturi.lavocedelpaese.info\/wp-content\/uploads\/2011\/03\/alberi_villa12-300x141.jpg 300w\" sizes=\"auto, (max-width: 320px) 100vw, 320px\" \/><\/p>\n<p>\u00a0<\/p>\n<p style=\"text-align: justify;\"><span style=\"font-size: 10pt;\"><span style=\"font-family: verdana, geneva;\">Nella mattinata dello scorso 22 marzo molti turesi fruitori abituali delle ville comunali si sono imbattuti in transenne, segnali di divieto di sosta e divieto di transito: per due giorni, dalla notte di marted\u00ec fino alla ore 2.00 di venerd\u00ec 25 marzo, piazza Sandro Pertini e piazza Aldo Moro saranno chiuse al traffico automobilistico nella met\u00e0 carreggiata che le costeggia lungo tutto il perimetro e non potranno essere attraversate da pedoni o biciclette.<\/span><\/span><\/p>\n<p><span style=\"font-size: 10pt;\"><span style=\"font-family: verdana, geneva;\"><img loading=\"lazy\" decoding=\"async\" class=\" alignright size-full wp-image-5697\" style=\"margin-top: 10px; margin-bottom: 10px; margin-left: 10px; float: right;\" alt=\"alberi_villa27\" height=\"209\" width=\"314\" src=\"https:\/\/archivioturi.lavocedelpaese.info\/wp-content\/uploads\/2011\/03\/alberi_villa27.jpg\" srcset=\"https:\/\/archivioturi.lavocedelpaese.info\/wp-content\/uploads\/2011\/03\/alberi_villa27.jpg 314w, https:\/\/archivioturi.lavocedelpaese.info\/wp-content\/uploads\/2011\/03\/alberi_villa27-300x200.jpg 300w\" sizes=\"auto, (max-width: 314px) 100vw, 314px\" \/><\/span><\/span><\/p>\n<div style=\"text-align: justify;\">Ma cosa \u00e8 successo? Sembra che nessuno conosca i motivi di questo blocco. Come espresso dai cartelli affissi sulle transenne &#8211; molto poco rispettate visto che gi\u00e0 stamane, mercoled\u00ec, molta gente ha disatteso l\u2019obbligo di non sostare sulle ville &#8211; \u00e8 stato effettuato un importante intervento straordinario per la manutenzione del verde pubblico. L\u2019incarico di servizio tecnico \u00e8 stato affidato all\u2019agronomo Tino Sabino cos\u00ec come stabilito con la determina del 21\/02\/2011 del Settore V del Comune.<\/div>\n<p>\u00a0<\/p>\n<p style=\"text-align: justify;\"><span style=\"font-size: 10pt;\"><span style=\"font-family: verdana, geneva;\">L\u2019intervento di salvaguardia del patrimonio floreale del nostro centro cittadino, i cui aspetti tecnici verranno analizzati in un secondo momento, ha riguardato tutti gli alberi che circondano le ville, oltre ad alcuni che sorgono all\u2019interno delle aiuole. Per effettuare tali operazioni sono stati utilizzati quattro prodotti diversi che, miscelati a 600 litri di acqua, poi cosparsi tra le fronde degli alberi attraverso una pompa a lunga gittata collegata ad una trattrice agricola. Le operazioni sono state affidate a due uomini specializzati di Putignano.<\/span><\/span><\/p>\n<p><span style=\"font-size: 10pt;\"><span style=\"font-family: verdana, geneva;\"><img loading=\"lazy\" decoding=\"async\" class=\" alignleft size-full wp-image-5698\" style=\"margin-top: 10px; margin-right: 10px; margin-bottom: 10px; float: left;\" alt=\"alberi_villa30\" height=\"209\" width=\"314\" src=\"https:\/\/archivioturi.lavocedelpaese.info\/wp-content\/uploads\/2011\/03\/alberi_villa30.jpg\" srcset=\"https:\/\/archivioturi.lavocedelpaese.info\/wp-content\/uploads\/2011\/03\/alberi_villa30.jpg 314w, https:\/\/archivioturi.lavocedelpaese.info\/wp-content\/uploads\/2011\/03\/alberi_villa30-300x200.jpg 300w\" sizes=\"auto, (max-width: 314px) 100vw, 314px\" \/><\/p>\n<div style=\"text-align: justify;\">Come ci ha assicurato il responsabile dell\u2019operazione Sabino &#8211; \u201cTali prodotti non hanno un alto impatto ambientale e non rappresentano un grosso pericolo per le persone in quanto sono di natura biologica e non sono tossici\u201d. Tuttavia, per precauzione, nelle 48 ore successive al trattamento, \u00e8 stato vietato il transito e la sosta ad auto e persone nella vicinanze degli alberi su cui \u00e8 stato effettuato la spruzzatura, onde evitare inalazioni sgradite e problemi alla salute dovuti ai fitofarmaci. In questo modo si dar\u00e0 tempo al prodotto di \u201crientrare\u201d.<\/div>\n<p><\/span><\/span><\/p>\n<p style=\"text-align: justify;\"><span style=\"font-size: 10pt;\"><span style=\"font-family: verdana, geneva;\">Come denunciato da Turiweb pochi giorni fa attraverso un articolo e un\u2019ampia fotogallery, molti alberi apparivano al quanto compromessi; durante l\u2019irrorazione, infatti, moltissime foglie sono cadute, segno che la permanenza sui rami era solo una situazione momentanea e che, effettivamente, la condizione delle piante non era affatto trascurabile.<\/span><\/span><\/p>\n<p style=\"text-align: justify;\"><span style=\"font-size: 10pt;\"><span style=\"font-family: verdana, geneva;\">I risultati non si avranno a breve termine: bisogna confidare nella riuscita dell\u2019operazione e che in pochi mesi gli alberi perdano le loro fronde marroni-dorate per far spazio a nuove gemme e foglie rigogliose.<\/span><\/span><\/p>\n<p><object width=\"425\" height=\"344\"><param name=\"movie\" value=\"http:\/\/www.youtube.com\/v\/z78GKDLjHoY?hl=it&#038;fs=1\"><\/param><param name=\"allowFullScreen\" value=\"true\"><\/param><param name=\"allowscriptaccess\" value=\"always\"><\/param><embed src=\"http:\/\/www.youtube.com\/v\/z78GKDLjHoY?hl=it&#038;fs=1\" type=\"application\/x-shockwave-flash\" allowscriptaccess=\"always\" allowfullscreen=\"true\" width=\"425\" height=\"344\"><\/embed><\/object><\/p>\n","protected":false},"excerpt":{"rendered":"<p><img loading=\"lazy\" decoding=\"async\" class=\" size-full wp-image-5696\" src=\"https:\/\/archivioturi.lavocedelpaese.info\/wp-content\/uploads\/2011\/03\/alberi_villa12.jpg\" width=\"320\" height=\"150\" alt=\"alberi_villa12\" srcset=\"https:\/\/archivioturi.lavocedelpaese.info\/wp-content\/uploads\/2011\/03\/alberi_villa12.jpg 640w, https:\/\/archivioturi.lavocedelpaese.info\/wp-content\/uploads\/2011\/03\/alberi_villa12-300x141.jpg 300w\" sizes=\"auto, (max-width: 320px) 100vw, 320px\" \/><\/p>\n<p>\u00a0<\/p>\n","protected":false},"author":1,"featured_media":5696,"comment_status":"open","ping_status":"closed","sticky":false,"template":"","format":"standard","meta":{"colormag_page_container_layout":"default_layout","colormag_page_sidebar_layout":"default_layout","footnotes":""},"categories":[7],"tags":[],"class_list":["post-5699","post","type-post","status-publish","format-standard","has-post-thumbnail","hentry","category-attualita"],"_links":{"self":[{"href":"https:\/\/archivioturi.lavocedelpaese.info\/index.php\/wp-json\/wp\/v2\/posts\/5699","targetHints":{"allow":["GET"]}}],"collection":[{"href":"https:\/\/archivioturi.lavocedelpaese.info\/index.php\/wp-json\/wp\/v2\/posts"}],"about":[{"href":"https:\/\/archivioturi.lavocedelpaese.info\/index.php\/wp-json\/wp\/v2\/types\/post"}],"author":[{"embeddable":true,"href":"https:\/\/archivioturi.lavocedelpaese.info\/index.php\/wp-json\/wp\/v2\/users\/1"}],"replies":[{"embeddable":true,"href":"https:\/\/archivioturi.lavocedelpaese.info\/index.php\/wp-json\/wp\/v2\/comments?post=5699"}],"version-history":[{"count":0,"href":"https:\/\/archivioturi.lavocedelpaese.info\/index.php\/wp-json\/wp\/v2\/posts\/5699\/revisions"}],"wp:featuredmedia":[{"embeddable":true,"href":"https:\/\/archivioturi.lavocedelpaese.info\/index.php\/wp-json\/wp\/v2\/media\/5696"}],"wp:attachment":[{"href":"https:\/\/archivioturi.lavocedelpaese.info\/index.php\/wp-json\/wp\/v2\/media?parent=5699"}],"wp:term":[{"taxonomy":"category","embeddable":true,"href":"https:\/\/archivioturi.lavocedelpaese.info\/index.php\/wp-json\/wp\/v2\/categories?post=5699"},{"taxonomy":"post_tag","embeddable":true,"href":"https:\/\/archivioturi.lavocedelpaese.info\/index.php\/wp-json\/wp\/v2\/tags?post=5699"}],"curies":[{"name":"wp","href":"https:\/\/api.w.org\/{rel}","templated":true}]}}