{"id":564,"date":"2009-10-27T15:53:10","date_gmt":"2009-10-27T15:53:10","guid":{"rendered":"https:\/\/archivioturi.lavocedelpaese.info\/index.php\/2009\/10\/27\/carcere-di-turi-sovraffollato\/"},"modified":"2009-10-27T15:53:10","modified_gmt":"2009-10-27T15:53:10","slug":"carcere-di-turi-sovraffollato","status":"publish","type":"post","link":"https:\/\/archivioturi.lavocedelpaese.info\/index.php\/2009\/10\/27\/carcere-di-turi-sovraffollato\/","title":{"rendered":"CARCERE DI TURI SOVRAFFOLLATO"},"content":{"rendered":"<p><img loading=\"lazy\" decoding=\"async\" class=\" alignleft size-full wp-image-561\" height=\"156\" width=\"320\" src=\"https:\/\/archivioturi.lavocedelpaese.info\/wp-content\/uploads\/2009\/10\/carcere-turi-esterno.jpg\" alt=\"carcere-turi-esterno\" style=\"margin: 5px; float: left;\" srcset=\"https:\/\/archivioturi.lavocedelpaese.info\/wp-content\/uploads\/2009\/10\/carcere-turi-esterno.jpg 410w, https:\/\/archivioturi.lavocedelpaese.info\/wp-content\/uploads\/2009\/10\/carcere-turi-esterno-300x146.jpg 300w\" sizes=\"auto, (max-width: 320px) 100vw, 320px\" \/> <\/p>\n<h4 style=\"text-align: justify;\"><strong><span style=\"font-family: verdana,geneva;\"><span style=\"font-size: 10pt;\">Da un\u2019indagine SAPPE emerge un allarme per il nostro carcere.<\/span><\/span><\/strong><\/h4>\n<p style=\"text-align: justify;\"><span style=\"font-family: verdana,geneva;\"><span style=\"font-size: 10pt;\">Dopo una lunga analisi effettuata dal <strong>SAPPE<\/strong>, (Sindacato Autonomo Di Polizia Penitenziaria) in tutte le carceri italiane \u00e8 stato riscontrato un forte aumento della presenza di detenuti rispetto agli anni passati. Sono state rilevate, infatti, ben 12 Regioni \u201cfuori legge\u201d che non rispondono ai canoni di detenzione. Tra queste figura anche la Puglia. Con un numero di 4.200 presenze, rispetto alle 2.200 regolari, la nostra Regione si colloca tra i primi posti della lista, per <strong>allarme sovraffollamento<\/strong>.<\/span><\/span><\/p>\n<p style=\"text-align: justify;\"><span style=\"font-family: verdana,geneva;\"><span style=\"font-size: 10pt;\">Sotto l\u2019occhio di indagine \u00e8 finita anche la <strong>Casa di Reclusione di Turi<\/strong>, nella quale sono stati riscontrati ben 54 detenuti in pi\u00f9, rispetto ai 112 previsti, con una tolleranza che arriva a 150. La condivisione di un luogo ristretto e la convivenza forzata \u00e8 sicuramente un rischio per il personale lavorativo che, giornalmente, \u201cnon manca di registrare forme di aggressioni!\u201d.<\/span><\/span><\/p>\n<p style=\"text-align: justify;\"><span style=\"font-family: verdana,geneva;\"><span style=\"font-size: 10pt;\"><img loading=\"lazy\" decoding=\"async\" class=\" alignright size-full wp-image-562\" height=\"240\" width=\"320\" src=\"https:\/\/archivioturi.lavocedelpaese.info\/wp-content\/uploads\/2009\/10\/carcere-turi-interno.jpg\" alt=\"carcere-turi-interno\" style=\"margin: 5px; float: right;\" srcset=\"https:\/\/archivioturi.lavocedelpaese.info\/wp-content\/uploads\/2009\/10\/carcere-turi-interno.jpg 320w, https:\/\/archivioturi.lavocedelpaese.info\/wp-content\/uploads\/2009\/10\/carcere-turi-interno-300x225.jpg 300w\" sizes=\"auto, (max-width: 320px) 100vw, 320px\" \/>Altro elemento negativo, che aggrava la situazione nel nostro istituto penitenziario, \u00e8 la dotazione organica degli agenti, che risale al D.M. del 2001. Dei <strong>128 poliziotti penitenziari<\/strong> in servizio, le unit\u00e0 effettivamente dedicate alla turnazione consueta sono poco pi\u00f9 della met\u00e0. Per giunta, coloro i quali compiono questo servizio svolgono un turno di 8 ore anzich\u00e9 6. \u201cPi\u00f9 di 50 unit\u00e0 lavorative sono fuori dai turni perch\u00e9 distaccati presso altre sedi o in aspettativa; alcuni per cause di servizio usufruiscono dei benefici della legge 104 e altri sono stati rimossi dal nucleo traduzioni (spostamento detenuti)\u201d.\u00a0Il SAPPE ha infatti individuato che la norma sulla traduzioni dei detenuti viene completamente disattesa. Da quanto emerge dalla richiesta di intervento presso la Magistratura Ordinaria, Contabile e del Lavoro esposta dal SAPPE il 13 ottobre scorso, il Dirigente dell&#8217;Istituto della Casa Reclusione di Turi \u00e8 a conoscenza della situazione in cui la quasi totalit\u00e0 degli spostamenti dei carcerati avviene in grave insufficienza di personale di scorta. Molto spesso numero dei detenuti da tradurre \u00e8 superiore a quello dei poliziotti penitenziari impiegati per tale servizio. Ne deriva, come gli stessi agenti lamentano, un forte disagio ed una scarsa sicurezza per loro e per la comunit\u00e0 intera.<\/span><\/span><\/p>\n<p style=\"text-align: justify;\"><span style=\"font-family: verdana,geneva;\"><span style=\"font-size: 10pt;\">Un&#8217;altra grave inosservanza rilevata dall\u2019indagine riguarda le <strong>condizioni igienico-sanitarie <\/strong>che gravano sulla salute della popolazione detenuta e del personale di polizia penitenziaria chiamato a sorvegliarla. Gli agenti, infatti, spesso si ritrovano a dover controllare un numero eccessivo di reclusi: circa 60 o 70 unit\u00e0 ciascuno rispetto alle 30 o 40 che la norma prevede.<\/span><\/span><\/p>\n<p style=\"text-align: justify;\"><span style=\"font-family: verdana,geneva;\"><span style=\"font-size: 10pt;\">Il SAPPE reputa che una gestione pi\u00f9 prudente consentirebbe il rispetto delle disposizioni ministeriali, piuttosto che costringere la Polizia Penitenziaria in servizio presso il carcere di Turi a <strong>violare norme e regolamenti<\/strong>.<\/span><\/span><\/p>\n<p style=\"text-align: justify;\"><span style=\"font-family: verdana,geneva;\"><span style=\"font-size: 10pt;\">Gravi disattenzioni e mancanze, comunque, sono state riscontrate anche in <strong>altre carceri<\/strong>. I numeri pi\u00f9 preoccupanti diffusi dall\u2019organo sindacale riguardo la Puglia: il sovraffollamento medio \u00e8 pari al 62,4%. Nell&#8217;istituto di Lecce sono presenti 1321 detenuti rispetto ai 659 previsti; a Bari sono reclusi 545 prigionieri rispetto ad un massimo di 296 unit\u00e0; a Foggia i detenuti sono 696 anzich\u00e9 403.<\/span><\/span><\/p>\n<p style=\"text-align: justify;\"><span style=\"font-family: verdana,geneva;\"><span style=\"font-size: 10pt;\"><img loading=\"lazy\" decoding=\"async\" class=\" alignleft size-full wp-image-563\" height=\"240\" width=\"320\" src=\"https:\/\/archivioturi.lavocedelpaese.info\/wp-content\/uploads\/2009\/10\/carcere-turi-cella.jpg\" alt=\"carcere-turi-cella\" style=\"margin: 5px; float: left;\" srcset=\"https:\/\/archivioturi.lavocedelpaese.info\/wp-content\/uploads\/2009\/10\/carcere-turi-cella.jpg 320w, https:\/\/archivioturi.lavocedelpaese.info\/wp-content\/uploads\/2009\/10\/carcere-turi-cella-300x225.jpg 300w\" sizes=\"auto, (max-width: 320px) 100vw, 320px\" \/>Tutte le altre Regioni, prosegue il <strong>dott. Donato Capece, Segretario Generale del SAPPE,<\/strong> \u201channo comunque ampiamente superato la capienza regolamentare\u201d, quella che un carcere dovrebbe avere per funzionare correttamente seguendo le leggi vigenti. Quindi la situazione in tutta la penisola \u00e8 allarmante e sono <strong>necessarie leggi e regolamentazioni pi\u00f9 severe<\/strong> e concrete, in grado di superare questo problema che affligge tutta la popolazione che continua a non vedersi tutelata dalla giustizia italiana e dall\u2019attuale legge sull\u2019indulto.<\/span><\/span><\/p>\n<p style=\"text-align: justify;\"><span style=\"font-family: verdana,geneva;\"><span style=\"font-size: 10pt;\">A breve ascolteremo il dott. Capece per una dichiarazione pi\u00f9 dettagliata; non abbiamo avuto ancora contatti con la dirigente del carcere turese. Speriamo di poterla intervistare cos\u00ec da offrirvi una notizia completa.<\/span><\/span><\/p>\n<p style=\"text-align: justify;\"><strong><span style=\"font-family: verdana,geneva;\"><span style=\"font-size: 10pt;\">Cosa ne pensate? Ditelo con educazione.<\/span><\/span><\/strong><\/p>\n<p><span style=\"font-family: verdana,geneva;\"><span style=\"font-size: 10pt;\">\u00a0<\/span><\/span><\/p>\n","protected":false},"excerpt":{"rendered":"<p><img loading=\"lazy\" decoding=\"async\" class=\" alignleft size-full wp-image-561\" height=\"156\" width=\"320\" src=\"https:\/\/archivioturi.lavocedelpaese.info\/wp-content\/uploads\/2009\/10\/carcere-turi-esterno.jpg\" alt=\"carcere-turi-esterno\" style=\"margin: 5px; float: left;\" srcset=\"https:\/\/archivioturi.lavocedelpaese.info\/wp-content\/uploads\/2009\/10\/carcere-turi-esterno.jpg 410w, https:\/\/archivioturi.lavocedelpaese.info\/wp-content\/uploads\/2009\/10\/carcere-turi-esterno-300x146.jpg 300w\" sizes=\"auto, (max-width: 320px) 100vw, 320px\" \/> <\/p>\n","protected":false},"author":1,"featured_media":561,"comment_status":"open","ping_status":"closed","sticky":false,"template":"","format":"standard","meta":{"colormag_page_container_layout":"default_layout","colormag_page_sidebar_layout":"default_layout","footnotes":""},"categories":[7],"tags":[],"class_list":["post-564","post","type-post","status-publish","format-standard","has-post-thumbnail","hentry","category-attualita"],"_links":{"self":[{"href":"https:\/\/archivioturi.lavocedelpaese.info\/index.php\/wp-json\/wp\/v2\/posts\/564","targetHints":{"allow":["GET"]}}],"collection":[{"href":"https:\/\/archivioturi.lavocedelpaese.info\/index.php\/wp-json\/wp\/v2\/posts"}],"about":[{"href":"https:\/\/archivioturi.lavocedelpaese.info\/index.php\/wp-json\/wp\/v2\/types\/post"}],"author":[{"embeddable":true,"href":"https:\/\/archivioturi.lavocedelpaese.info\/index.php\/wp-json\/wp\/v2\/users\/1"}],"replies":[{"embeddable":true,"href":"https:\/\/archivioturi.lavocedelpaese.info\/index.php\/wp-json\/wp\/v2\/comments?post=564"}],"version-history":[{"count":0,"href":"https:\/\/archivioturi.lavocedelpaese.info\/index.php\/wp-json\/wp\/v2\/posts\/564\/revisions"}],"wp:featuredmedia":[{"embeddable":true,"href":"https:\/\/archivioturi.lavocedelpaese.info\/index.php\/wp-json\/wp\/v2\/media\/561"}],"wp:attachment":[{"href":"https:\/\/archivioturi.lavocedelpaese.info\/index.php\/wp-json\/wp\/v2\/media?parent=564"}],"wp:term":[{"taxonomy":"category","embeddable":true,"href":"https:\/\/archivioturi.lavocedelpaese.info\/index.php\/wp-json\/wp\/v2\/categories?post=564"},{"taxonomy":"post_tag","embeddable":true,"href":"https:\/\/archivioturi.lavocedelpaese.info\/index.php\/wp-json\/wp\/v2\/tags?post=564"}],"curies":[{"name":"wp","href":"https:\/\/api.w.org\/{rel}","templated":true}]}}