{"id":5628,"date":"2011-03-20T08:36:10","date_gmt":"2011-03-20T08:36:10","guid":{"rendered":"https:\/\/archivioturi.lavocedelpaese.info\/index.php\/2011\/03\/20\/lex-cinema-perde-pezzi\/"},"modified":"2011-03-20T08:36:10","modified_gmt":"2011-03-20T08:36:10","slug":"lex-cinema-perde-pezzi","status":"publish","type":"post","link":"https:\/\/archivioturi.lavocedelpaese.info\/index.php\/2011\/03\/20\/lex-cinema-perde-pezzi\/","title":{"rendered":"L\u2019EX CINEMA PERDE PEZZI. IL PARERE DI CAZZETTA"},"content":{"rendered":"<p><img loading=\"lazy\" decoding=\"async\" class=\" size-full wp-image-5626\" alt=\"2011-03-15_12.09.36\" height=\"150\" width=\"320\" src=\"https:\/\/archivioturi.lavocedelpaese.info\/wp-content\/uploads\/2011\/03\/2011-03-15_12.09.36.jpg\" srcset=\"https:\/\/archivioturi.lavocedelpaese.info\/wp-content\/uploads\/2011\/03\/2011-03-15_12.09.36.jpg 640w, https:\/\/archivioturi.lavocedelpaese.info\/wp-content\/uploads\/2011\/03\/2011-03-15_12.09.36-300x141.jpg 300w\" sizes=\"auto, (max-width: 320px) 100vw, 320px\" \/> <\/p>\n<p style=\"text-align: justify;\"><span style=\"font-size: 10pt;\"><span style=\"font-family: verdana, geneva;\">Nell\u2019ultimo fine settimana un forte vento si \u00e8 abbattuto sulla citt\u00e0 di Turi, questo ha provocato vari disagi alla popolazione, ma il disagio maggiore forse lo sta subendo l\u2019ex cinema Zaccheo.<\/span><\/span><\/p>\n<p><span style=\"font-size: 10pt;\"><span style=\"font-family: verdana, geneva;\"><img loading=\"lazy\" decoding=\"async\" class=\" alignright size-full wp-image-5627\" src=\"https:\/\/archivioturi.lavocedelpaese.info\/wp-content\/uploads\/2011\/03\/2011-03-17_10.21.01.jpg\" width=\"314\" height=\"235\" alt=\"2011-03-17_10.21.01\" style=\"margin-top: 10px; margin-bottom: 10px; margin-left: 10px; float: right;\" srcset=\"https:\/\/archivioturi.lavocedelpaese.info\/wp-content\/uploads\/2011\/03\/2011-03-17_10.21.01.jpg 314w, https:\/\/archivioturi.lavocedelpaese.info\/wp-content\/uploads\/2011\/03\/2011-03-17_10.21.01-300x225.jpg 300w\" sizes=\"auto, (max-width: 314px) 100vw, 314px\" \/> <\/span><\/span><\/p>\n<div style=\"text-align: justify;\">L\u2019ex cinema periodicamente a causa di forti eventi atmosferici, vento o pioggia, subisci gravi danni al tetto.\u00a0 La copertura dell\u2019edificio ormai abbandonato a se stesso da pi\u00f9 di vent\u2019anni perde pezzi dal tetto e dai balconi. Questi pezzi di guaina sono prevalentemente formati da lastre di materiale bituminoso che staccandosi cadono sulle strade adiacenti, rischiando danni alle auto sostate sotto o ad ignari passanti.<\/div>\n<p>\u00a0<\/p>\n<p style=\"text-align: justify;\"><span style=\"font-size: 10pt;\"><span style=\"font-family: verdana, geneva;\">Nella giornate di domenica 13 marzo, le autorit\u00e0 competenti, avvertite da alcuni cittadini, molto probabilmente residenti, hanno deciso di chiudere fino a miglioramento della situazione le vie di Cav. Di Vittorio Veneto e via Rodrigo Aceto, nei tratti compresi tra via Tito Aceto e via Tito Caracciolo.<\/span><\/span><\/p>\n<p style=\"text-align: justify;\"><span style=\"font-size: 10pt;\"><span style=\"font-family: verdana, geneva;\">Il comandante Cassano della polizia municipale ha previsto un controllo, da parte di una ditta specializzata, \u00a0della guaina del tetto ed eventualmente la stessa ditta provveder\u00e0 a rimuovere la stessa.<\/span><\/span><\/p>\n<p style=\"text-align: justify;\"><span style=\"font-size: 10pt;\"><span style=\"font-family: verdana, geneva;\"> <\/span><\/span><\/p>\n<p style=\"text-align: center;\"><span style=\"font-size: 10pt;\"><span style=\"font-family: verdana, geneva;\">L\u2019AREA DELL\u2019EX-CINEMA SAR\u00c0 TUTTA RIQUALIFICATA<\/span><\/span><\/p>\n<p style=\"text-align: justify;\"><span style=\"font-size: 10pt;\"><span style=\"font-family: verdana, geneva;\">L\u2019assessore <strong>Modesto Cazzetta <\/strong>ha risposto a qualche domanda sull\u2019abbattimento dell\u2019ex cinema.<\/span><\/span><\/p>\n<p style=\"text-align: justify;\"><strong><span style=\"font-size: 10pt;\"><span style=\"font-family: verdana, geneva;\">Il cinema verr\u00e0 abbattuto?<\/span><\/span><\/strong><\/p>\n<p style=\"text-align: justify;\"><span style=\"font-size: 10pt;\"><span style=\"font-family: verdana, geneva;\">&#8220;C\u2019\u00e8 un finanziamento regionale, rientrante nei fondi fesr 2007-2013 per una somma di 1&#8217;750&#8217;000 \u20ac, questi garantiranno l\u2019abbattimento di tutta la struttura e la ricostruzione in met\u00e0 suolo di un centro polifunzionale Socio Assistenziale, alloggi temporanei per parenti di detenuti o persone bisognose. Noi abbiamo gi\u00e0 realizzato il progetto definitivo, stiamo aspettando il decreto regionale dei fondi gi\u00e0 stanziati, appena arriva faremo il progetto esecutivo&#8221;.<\/span><\/span><\/p>\n<p style=\"text-align: justify;\"><strong><span style=\"font-size: 10pt;\"><span style=\"font-family: verdana, geneva;\">Nell\u2019altra met\u00e0 invece?<\/span><\/span><\/strong><\/p>\n<p style=\"text-align: justify;\"><span style=\"font-size: 10pt;\"><span style=\"font-family: verdana, geneva;\">&#8220;Per l\u2019altra met\u00e0 invece stiamo trovando un accordo con l\u2019asl, visto che loro hanno edifici sparsi per il paese, in piazza Cisternino, via conversano, guardia medica; gli abbiamo proposto noi vi cediamo l\u2019area e voi costruite una struttura ed accorpate tutti i servizi tramite project financing , il 118, gli uffici, la guardia medica, tutto gli edifici disseminati per il territorio turese. L\u2019asl dovr\u00e0 far\u00e0 tutto, progettazione e costruzione, il comune ceder\u00e0 l\u2019area per un 20, 30 anni, 50 anni, sar\u00e0 da decidere, e poi dopo questi anni la struttura diventer\u00e0 del comune&#8221;.<\/span><\/span><\/p>\n<p style=\"text-align: justify;\"><strong><span style=\"font-size: 10pt;\"><span style=\"font-family: verdana, geneva;\">Quali saranno i tempi dell\u2019abbattimento?<\/span><\/span><\/strong><\/p>\n<p style=\"text-align: justify;\"><span style=\"font-size: 10pt;\"><span style=\"font-family: verdana, geneva;\">&#8220;Appena arriver\u00e0 il decreto del finanziamento della regione tra qualche mese, partir\u00e0 la produzione dell\u2019esecutivo e la gara d\u2019appalto. Penso che in un annetto avremo tutto&#8221;.<\/span><\/span><\/p>\n<p style=\"text-align: justify;\"><strong><span style=\"font-size: 10pt;\"><span style=\"font-family: verdana, geneva;\">Sar\u00e0 prevista un\u2019area parcheggi?<\/span><\/span><\/strong><\/p>\n<p style=\"text-align: justify;\"><span style=\"font-size: 10pt;\"><span style=\"font-family: verdana, geneva;\">&#8220;Si \u00e8 previsto anche una zona di parcheggi, e delle piccole zone di verdi, qualche pianta. Le due strutture costruite, il centro polifunzionale e \u201cl\u2019asl\u201d, saranno pi\u00f9 piccole dell\u2019attuale struttura. Questo determiner\u00e0 una riqualificazione totale dell\u2019area&#8221;.<\/span><\/span><\/p>\n","protected":false},"excerpt":{"rendered":"<p><img loading=\"lazy\" decoding=\"async\" class=\" size-full wp-image-5626\" alt=\"2011-03-15_12.09.36\" height=\"150\" width=\"320\" src=\"https:\/\/archivioturi.lavocedelpaese.info\/wp-content\/uploads\/2011\/03\/2011-03-15_12.09.36.jpg\" srcset=\"https:\/\/archivioturi.lavocedelpaese.info\/wp-content\/uploads\/2011\/03\/2011-03-15_12.09.36.jpg 640w, https:\/\/archivioturi.lavocedelpaese.info\/wp-content\/uploads\/2011\/03\/2011-03-15_12.09.36-300x141.jpg 300w\" sizes=\"auto, (max-width: 320px) 100vw, 320px\" \/> <\/p>\n","protected":false},"author":1,"featured_media":5626,"comment_status":"open","ping_status":"closed","sticky":false,"template":"","format":"standard","meta":{"colormag_page_container_layout":"default_layout","colormag_page_sidebar_layout":"default_layout","footnotes":""},"categories":[7],"tags":[],"class_list":["post-5628","post","type-post","status-publish","format-standard","has-post-thumbnail","hentry","category-attualita"],"_links":{"self":[{"href":"https:\/\/archivioturi.lavocedelpaese.info\/index.php\/wp-json\/wp\/v2\/posts\/5628","targetHints":{"allow":["GET"]}}],"collection":[{"href":"https:\/\/archivioturi.lavocedelpaese.info\/index.php\/wp-json\/wp\/v2\/posts"}],"about":[{"href":"https:\/\/archivioturi.lavocedelpaese.info\/index.php\/wp-json\/wp\/v2\/types\/post"}],"author":[{"embeddable":true,"href":"https:\/\/archivioturi.lavocedelpaese.info\/index.php\/wp-json\/wp\/v2\/users\/1"}],"replies":[{"embeddable":true,"href":"https:\/\/archivioturi.lavocedelpaese.info\/index.php\/wp-json\/wp\/v2\/comments?post=5628"}],"version-history":[{"count":0,"href":"https:\/\/archivioturi.lavocedelpaese.info\/index.php\/wp-json\/wp\/v2\/posts\/5628\/revisions"}],"wp:featuredmedia":[{"embeddable":true,"href":"https:\/\/archivioturi.lavocedelpaese.info\/index.php\/wp-json\/wp\/v2\/media\/5626"}],"wp:attachment":[{"href":"https:\/\/archivioturi.lavocedelpaese.info\/index.php\/wp-json\/wp\/v2\/media?parent=5628"}],"wp:term":[{"taxonomy":"category","embeddable":true,"href":"https:\/\/archivioturi.lavocedelpaese.info\/index.php\/wp-json\/wp\/v2\/categories?post=5628"},{"taxonomy":"post_tag","embeddable":true,"href":"https:\/\/archivioturi.lavocedelpaese.info\/index.php\/wp-json\/wp\/v2\/tags?post=5628"}],"curies":[{"name":"wp","href":"https:\/\/api.w.org\/{rel}","templated":true}]}}