{"id":5547,"date":"2011-03-13T09:26:25","date_gmt":"2011-03-13T09:26:25","guid":{"rendered":"https:\/\/archivioturi.lavocedelpaese.info\/index.php\/2011\/03\/13\/al-torneo-fijlkam-due-atleti-turesi\/"},"modified":"2011-03-13T09:26:25","modified_gmt":"2011-03-13T09:26:25","slug":"al-torneo-fijlkam-due-atleti-turesi","status":"publish","type":"post","link":"https:\/\/archivioturi.lavocedelpaese.info\/index.php\/2011\/03\/13\/al-torneo-fijlkam-due-atleti-turesi\/","title":{"rendered":"AL TORNEO F.I.J.L.K.A.M. DUE ATLETI TURESI"},"content":{"rendered":"<p><img loading=\"lazy\" decoding=\"async\" class=\" size-full wp-image-5544\" src=\"https:\/\/archivioturi.lavocedelpaese.info\/wp-content\/uploads\/2011\/03\/karate_1.jpg\" width=\"320\" height=\"150\" alt=\"karate_1\" srcset=\"https:\/\/archivioturi.lavocedelpaese.info\/wp-content\/uploads\/2011\/03\/karate_1.jpg 639w, https:\/\/archivioturi.lavocedelpaese.info\/wp-content\/uploads\/2011\/03\/karate_1-300x141.jpg 300w\" sizes=\"auto, (max-width: 320px) 100vw, 320px\" \/> <\/p>\n<p style=\"text-align: justify;\"><span style=\"font-size: 10pt;\"><span style=\"font-family: verdana, geneva;\">Si \u00e8 svolto lo scorso <strong>6 Marzo<\/strong>, presso il <strong>palazzetto dello sport di Putignano<\/strong> il torneo regionale, targato <strong>F.I.J.L.K.A.M.<\/strong> (Federazione Italiana Judo Lotta Karate Arti Marziali), di KARATE &#8211; KUMITE&#8217; denominato <strong>&#8220;TROFEO FARINELLA&#8221;<\/strong>.<\/span><\/span><\/p>\n<p><span style=\"font-size: 10pt;\"><span style=\"font-family: verdana, geneva;\"><img loading=\"lazy\" decoding=\"async\" class=\" alignright size-full wp-image-5545\" style=\"margin-top: 10px; margin-bottom: 10px; margin-left: 10px; float: right;\" alt=\"karate_2\" height=\"235\" width=\"314\" src=\"https:\/\/archivioturi.lavocedelpaese.info\/wp-content\/uploads\/2011\/03\/karate_2.jpg\" srcset=\"https:\/\/archivioturi.lavocedelpaese.info\/wp-content\/uploads\/2011\/03\/karate_2.jpg 314w, https:\/\/archivioturi.lavocedelpaese.info\/wp-content\/uploads\/2011\/03\/karate_2-300x225.jpg 300w\" sizes=\"auto, (max-width: 314px) 100vw, 314px\" \/><\/span><\/span><\/p>\n<div style=\"text-align: justify;\">La manifestazione ha visto la partecipazione di circoli provenienti da tutta la regione e ha previsto una competizione di karate kumit\u00e8. Il kumit\u00e8 \u00e8 una dei due filoni del karate (disciplina marziale che ha origini nell&#8217;isola di OKINAWA in Giappone) e consiste in un combattimento della durata che pu\u00f2 variare da un minimo di 1&#8242; e 20&#8243; per le categorie pi\u00f9 piccole (Esordienti A da 12 a 13 anni) fino ad arrivare a 3&#8242; per i pi\u00f9 grandi (dai 16 anni in poi).<\/div>\n<p>\u00a0<\/p>\n<p style=\"text-align: justify;\"><span style=\"font-size: 10pt;\"><span style=\"font-family: verdana, geneva;\">Per la gara, gli atleti sono stati suddivisi in base all&#8217;et\u00e0, al sesso e al peso: Esordienti &#8220;A&#8221; (da 12 a 13 anni) Esordienti &#8220;B&#8221; (14 e 15 anni) e Cadetti (16 e 17 anni).<\/span><\/span><\/p>\n<p style=\"text-align: justify;\"><span style=\"font-size: 10pt;\"><span style=\"font-family: verdana, geneva;\">L&#8217;A.S.D. CLUB OKINAWA di Turi, operante all&#8217;interno dell&#8217;Empire Fitness Club, in via Casamassima, ha portato due suoi atleti: <strong>Valentini Pasquale<\/strong> (Esordiente B kg -56) e <strong>De Bellis Angela<\/strong> (Esodiente B kg -60).<\/span><\/span><\/p>\n<p style=\"text-align: justify;\"><span style=\"font-size: 10pt;\"><span style=\"font-family: verdana, geneva;\">Valentini, al rientro dopo un anno tormentato, colmo di infortuni che determinano una battuta d&#8217;arresto alle tante medaglie conquistate negli anni precedenti ha ottenuto un buon inizio con il 3\u00b0 posto conquistato.<\/span><\/span><\/p>\n<p style=\"text-align: justify;\"><span style=\"font-size: 10pt;\"><span style=\"font-family: verdana, geneva;\">Medaglia di bronzo anche per De Bellis alla sua prima esperienza in questa disciplina, avendo sin dall&#8217;inizio approfondito i kat\u00e0, vincendo diverse gare anche a livello nazionale.<\/span><\/span><\/p>\n<p style=\"text-align: justify;\"><span style=\"font-size: 10pt;\"><span style=\"font-family: verdana, geneva;\">Durante l&#8217;incontro sono state eseguite tecniche di pugni e calci con velocit\u00e0 elevata, ma, come prevede la disciplina, mantenendo una postura ed eleganza che caratterizza il karate da tutte le altre discipline da combattimento. Senza mai colpire il volto son stati inferti leggeri tocchi alla zona addominale che, comunque, \u00e8 rimasta protetto da un corpetto.<\/span><\/span><\/p>\n<p><span style=\"font-size: 10pt;\"><span style=\"font-family: verdana, geneva;\"><img loading=\"lazy\" decoding=\"async\" class=\" alignleft size-full wp-image-5546\" style=\"margin-top: 10px; margin-right: 10px; margin-bottom: 10px; float: left;\" alt=\"karate_3\" height=\"235\" width=\"314\" src=\"https:\/\/archivioturi.lavocedelpaese.info\/wp-content\/uploads\/2011\/03\/karate_3.jpg\" srcset=\"https:\/\/archivioturi.lavocedelpaese.info\/wp-content\/uploads\/2011\/03\/karate_3.jpg 314w, https:\/\/archivioturi.lavocedelpaese.info\/wp-content\/uploads\/2011\/03\/karate_3-300x225.jpg 300w\" sizes=\"auto, (max-width: 314px) 100vw, 314px\" \/><\/p>\n<div style=\"text-align: justify;\">L&#8217;altro filone del karate \u00e8 il kat\u00e0, ovvero dei combattimenti simulati contro un avversario immaginario. Ogni kat\u00e0 prevede delle tecniche codificate ed il livello di difficolt\u00e0 aumenta di kat\u00e0 in kat\u00e0, introducendo tecniche eseguite in un susseguirsi di salti e altre caratteristiche.<\/div>\n<p><\/span><\/span><\/p>\n<p style=\"text-align: justify;\"><span style=\"font-size: 10pt;\"><span style=\"font-family: verdana, geneva;\">Particolarmente soddisfatto si dice il loro maestro, <strong>Francesco Mallardi<\/strong>, per i risultati ottenuti dai suoi allievi. Importante, aggiunge, \u00e8 perseverare in questa disciplina, continuando a praticarla con attenzione e rispetto altrui. Sono questi i valori che il maestro, cintura nera III Dan, impone durante le sue lezioni di Karate tenute il luned\u00ec, mercoled\u00ec e venerd\u00ec presso l&#8217;Empire di Turi, accompagnando i ragazzi in questo lungo e nobile cammino del karate.<\/span><\/span><\/p>\n","protected":false},"excerpt":{"rendered":"<p><img loading=\"lazy\" decoding=\"async\" class=\" size-full wp-image-5544\" src=\"https:\/\/archivioturi.lavocedelpaese.info\/wp-content\/uploads\/2011\/03\/karate_1.jpg\" width=\"320\" height=\"150\" alt=\"karate_1\" srcset=\"https:\/\/archivioturi.lavocedelpaese.info\/wp-content\/uploads\/2011\/03\/karate_1.jpg 639w, https:\/\/archivioturi.lavocedelpaese.info\/wp-content\/uploads\/2011\/03\/karate_1-300x141.jpg 300w\" sizes=\"auto, (max-width: 320px) 100vw, 320px\" \/> <\/p>\n","protected":false},"author":1,"featured_media":5544,"comment_status":"open","ping_status":"closed","sticky":false,"template":"","format":"standard","meta":{"colormag_page_container_layout":"default_layout","colormag_page_sidebar_layout":"default_layout","footnotes":""},"categories":[7],"tags":[],"class_list":["post-5547","post","type-post","status-publish","format-standard","has-post-thumbnail","hentry","category-attualita"],"_links":{"self":[{"href":"https:\/\/archivioturi.lavocedelpaese.info\/index.php\/wp-json\/wp\/v2\/posts\/5547","targetHints":{"allow":["GET"]}}],"collection":[{"href":"https:\/\/archivioturi.lavocedelpaese.info\/index.php\/wp-json\/wp\/v2\/posts"}],"about":[{"href":"https:\/\/archivioturi.lavocedelpaese.info\/index.php\/wp-json\/wp\/v2\/types\/post"}],"author":[{"embeddable":true,"href":"https:\/\/archivioturi.lavocedelpaese.info\/index.php\/wp-json\/wp\/v2\/users\/1"}],"replies":[{"embeddable":true,"href":"https:\/\/archivioturi.lavocedelpaese.info\/index.php\/wp-json\/wp\/v2\/comments?post=5547"}],"version-history":[{"count":0,"href":"https:\/\/archivioturi.lavocedelpaese.info\/index.php\/wp-json\/wp\/v2\/posts\/5547\/revisions"}],"wp:featuredmedia":[{"embeddable":true,"href":"https:\/\/archivioturi.lavocedelpaese.info\/index.php\/wp-json\/wp\/v2\/media\/5544"}],"wp:attachment":[{"href":"https:\/\/archivioturi.lavocedelpaese.info\/index.php\/wp-json\/wp\/v2\/media?parent=5547"}],"wp:term":[{"taxonomy":"category","embeddable":true,"href":"https:\/\/archivioturi.lavocedelpaese.info\/index.php\/wp-json\/wp\/v2\/categories?post=5547"},{"taxonomy":"post_tag","embeddable":true,"href":"https:\/\/archivioturi.lavocedelpaese.info\/index.php\/wp-json\/wp\/v2\/tags?post=5547"}],"curies":[{"name":"wp","href":"https:\/\/api.w.org\/{rel}","templated":true}]}}