{"id":5532,"date":"2011-03-11T19:31:39","date_gmt":"2011-03-11T19:31:39","guid":{"rendered":"https:\/\/archivioturi.lavocedelpaese.info\/index.php\/2011\/03\/11\/lerede-avere-andrea-tofanelli-a-turi-e-stato-un-avvenimento-grandioso\/"},"modified":"2011-03-11T19:31:39","modified_gmt":"2011-03-11T19:31:39","slug":"lerede-avere-andrea-tofanelli-a-turi-e-stato-un-avvenimento-grandioso","status":"publish","type":"post","link":"https:\/\/archivioturi.lavocedelpaese.info\/index.php\/2011\/03\/11\/lerede-avere-andrea-tofanelli-a-turi-e-stato-un-avvenimento-grandioso\/","title":{"rendered":"LEREDE: \u2018AVERE TOFANELLI \u00c8 STATO GRANDIOSO\u2019"},"content":{"rendered":"<p><img loading=\"lazy\" decoding=\"async\" class=\" size-full wp-image-5531\" src=\"https:\/\/archivioturi.lavocedelpaese.info\/wp-content\/uploads\/2011\/03\/tofanelli_6.jpg\" width=\"320\" height=\"150\" alt=\"tofanelli_6\" srcset=\"https:\/\/archivioturi.lavocedelpaese.info\/wp-content\/uploads\/2011\/03\/tofanelli_6.jpg 640w, https:\/\/archivioturi.lavocedelpaese.info\/wp-content\/uploads\/2011\/03\/tofanelli_6-300x141.jpg 300w\" sizes=\"auto, (max-width: 320px) 100vw, 320px\" \/><\/p>\n<p>\u00a0<\/p>\n<p style=\"text-align: justify;\"><strong><span style=\"font-size: 10pt;\"><span style=\"font-family: verdana, geneva;\">Facendo un bilancio della manifestazione, che giudizio esprimerebbe anche in rapporto agli altri anni? Quali novit\u00e0 ha apportato in funzione di nuovo direttore artistico, all&#8217;edizione del master 2011?<\/span><\/span><\/strong><\/p>\n<div style=\"text-align: justify;\"><span style=\"font-size: 10pt;\"><span style=\"font-family: verdana, geneva;\">\u201cIl bilancio di questa seconda edizione \u00e8 per me a dir poco eccellente! E non perch\u00e9 lo dico io, ma perch\u00e9 \u00e8 il risultato di una due giorni a dir poco fantastica! Avere Andrea Tofanelli a Turi \u00e8 stato un avvenimento grandioso; sono ancora incredulo nel rivedere le foto e i video\u2026 \u00e9 stato con noi, \u00e8 uno di noi! Un maestro vero, musicista a tutto tondo, persona di un\u2019umilt\u00e0 immensa.<\/span><\/span><\/div>\n<div style=\"text-align: justify;\"><span style=\"font-size: 10pt;\"><span style=\"font-family: verdana, geneva;\">Beh diciamo che il ruolo di coordinatore artistico mi sta un po\u2019 largo\u2026noi siamo una squadra, tra di noi non c&#8217;\u00e8 differenza, si decide insieme. La nostra \u00e8 la politica del NOI; la politica dell&#8217;IO non ci \u00e8 mai piaciuta ed ha avuto vita breve. Questo nuovo &#8220;schema di gioco&#8221; penso che sar\u00e0 molto duraturo; questo evento \u00e8 stato l&#8217;ultimo collaudo! Vorrei citare il motto usato da Raffaele in questi giorni: \u2018Restiamo uniti!!!!\u2019 (come ha detto il grande Morandi!)\u201d<\/span><\/span><\/div>\n<div style=\"text-align: justify;\"><span style=\"font-size: 10pt;\"><span style=\"font-family: verdana, geneva;\"><br \/><\/span><\/span><\/div>\n<p><strong><\/p>\n<div style=\"text-align: justify;\"><span style=\"font-weight: normal;\"><strong><span style=\"font-size: 10pt;\"><span style=\"font-family: verdana, geneva;\">Perch\u00e9 il vostro master funziona? Qual \u00e8 il segreto che lo rende cos\u00ec unico? Quali sono le vostre strategie sul territorio?<\/span><\/span><\/strong><\/span><\/div>\n<p><\/strong><\/p>\n<p style=\"text-align: justify;\"><span style=\"font-size: 10pt;\"><span style=\"font-family: verdana, geneva;\">\u201cIl master ha funzionato per due motivi principali:grazie all&#8217;ospite di alto livello che ha richiamato circa 100 trombettisti da tutta la Puglia, la Basilicata, la Calabria e il Lazio; la stretta collaborazione con Raffaele Darienzo della ditta Palladium Music! Lo stimo molto, \u00e8 un grande! Ha un&#8217;esperienza ormai decennale in queste situazioni.<\/span><\/span><\/p>\n<p style=\"text-align: justify;\"><span style=\"font-size: 10pt;\"><span style=\"font-family: verdana, geneva;\"><strong>Cosa vuole dire ai musicisti turesi?<\/strong><strong> <\/strong><\/span><\/span><\/p>\n<p style=\"text-align: justify;\"><span style=\"font-size: 10pt;\"><span style=\"font-family: verdana, geneva;\">\u201cIo non penso di essere in grado di poter dire qualcosa ai musicisti turesi perch\u00e9 sono ancora uno studente.. \u2018Noi\u2019 abbiamo solo tanta volont\u00e0 e voglia di fare&#8230;una serie di situazioni ci ha portati davanti ad una scelta di presa di coscienza e responsabilit\u00e0 che come avete avuto modo di vedere ha portato buoni frutti!\u201d<\/span><\/span><\/p>\n<div style=\"text-align: justify;\"><span style=\"font-size: 10pt;\"><span style=\"font-family: verdana, geneva;\"><br \/><\/span><\/span><\/div>\n<p><strong><\/p>\n<div style=\"text-align: justify;\"><span style=\"font-weight: normal;\"><strong><span style=\"font-size: 10pt;\"><span style=\"font-family: verdana, geneva;\">Vuole fare qualche dichiarazione?<\/span><\/span><\/strong><\/span><\/div>\n<p><\/strong><\/p>\n<p style=\"text-align: justify;\"><span style=\"font-size: 10pt;\"><span style=\"font-family: verdana, geneva;\">\u201cVolevo ringraziare ancora quelle persone che hanno creduto in noi e nel nostro progetto contribuendo alla realizzazione di questa seconda edizione di \u201cInnovare la tradizione\u201d: Palladium Music, Villa Menelao, Catucci ecologia, edilizia Coppi, Fimer, ottica Lepore, Prontofatto Multiservizi, l&#8217;Amministrazione comunale e provinciale, l&#8217;amico Giovanni Settanni, Michele trombetta per l&#8217;impianto audio e luci e la Nuova Pro Loco\u201d.<\/span><\/span><\/p>\n<p>\u00a0<\/p>\n<p>\u00a0<\/p>\n","protected":false},"excerpt":{"rendered":"<p><img loading=\"lazy\" decoding=\"async\" class=\" size-full wp-image-5531\" src=\"https:\/\/archivioturi.lavocedelpaese.info\/wp-content\/uploads\/2011\/03\/tofanelli_6.jpg\" width=\"320\" height=\"150\" alt=\"tofanelli_6\" srcset=\"https:\/\/archivioturi.lavocedelpaese.info\/wp-content\/uploads\/2011\/03\/tofanelli_6.jpg 640w, https:\/\/archivioturi.lavocedelpaese.info\/wp-content\/uploads\/2011\/03\/tofanelli_6-300x141.jpg 300w\" sizes=\"auto, (max-width: 320px) 100vw, 320px\" \/><\/p>\n<p>\u00a0<\/p>\n","protected":false},"author":1,"featured_media":5531,"comment_status":"open","ping_status":"closed","sticky":false,"template":"","format":"standard","meta":{"colormag_page_container_layout":"default_layout","colormag_page_sidebar_layout":"default_layout","footnotes":""},"categories":[6],"tags":[],"class_list":["post-5532","post","type-post","status-publish","format-standard","has-post-thumbnail","hentry","category-cultura"],"_links":{"self":[{"href":"https:\/\/archivioturi.lavocedelpaese.info\/index.php\/wp-json\/wp\/v2\/posts\/5532","targetHints":{"allow":["GET"]}}],"collection":[{"href":"https:\/\/archivioturi.lavocedelpaese.info\/index.php\/wp-json\/wp\/v2\/posts"}],"about":[{"href":"https:\/\/archivioturi.lavocedelpaese.info\/index.php\/wp-json\/wp\/v2\/types\/post"}],"author":[{"embeddable":true,"href":"https:\/\/archivioturi.lavocedelpaese.info\/index.php\/wp-json\/wp\/v2\/users\/1"}],"replies":[{"embeddable":true,"href":"https:\/\/archivioturi.lavocedelpaese.info\/index.php\/wp-json\/wp\/v2\/comments?post=5532"}],"version-history":[{"count":0,"href":"https:\/\/archivioturi.lavocedelpaese.info\/index.php\/wp-json\/wp\/v2\/posts\/5532\/revisions"}],"wp:featuredmedia":[{"embeddable":true,"href":"https:\/\/archivioturi.lavocedelpaese.info\/index.php\/wp-json\/wp\/v2\/media\/5531"}],"wp:attachment":[{"href":"https:\/\/archivioturi.lavocedelpaese.info\/index.php\/wp-json\/wp\/v2\/media?parent=5532"}],"wp:term":[{"taxonomy":"category","embeddable":true,"href":"https:\/\/archivioturi.lavocedelpaese.info\/index.php\/wp-json\/wp\/v2\/categories?post=5532"},{"taxonomy":"post_tag","embeddable":true,"href":"https:\/\/archivioturi.lavocedelpaese.info\/index.php\/wp-json\/wp\/v2\/tags?post=5532"}],"curies":[{"name":"wp","href":"https:\/\/api.w.org\/{rel}","templated":true}]}}