{"id":5521,"date":"2011-03-09T12:12:25","date_gmt":"2011-03-09T12:12:25","guid":{"rendered":"https:\/\/archivioturi.lavocedelpaese.info\/index.php\/2011\/03\/09\/si-costruisce-e-si-manda-in-rovina\/"},"modified":"2011-03-09T12:12:25","modified_gmt":"2011-03-09T12:12:25","slug":"si-costruisce-e-si-manda-in-rovina","status":"publish","type":"post","link":"https:\/\/archivioturi.lavocedelpaese.info\/index.php\/2011\/03\/09\/si-costruisce-e-si-manda-in-rovina\/","title":{"rendered":"SI COSTRUISCE E \u2026 SI MANDA IN ROVINA"},"content":{"rendered":"<p><img loading=\"lazy\" decoding=\"async\" class=\" size-full wp-image-2490\" src=\"https:\/\/archivioturi.lavocedelpaese.info\/wp-content\/uploads\/2010\/07\/Campo_sportivo_5.jpg\" width=\"320\" height=\"150\" alt=\"Campo_sportivo_5\" srcset=\"https:\/\/archivioturi.lavocedelpaese.info\/wp-content\/uploads\/2010\/07\/Campo_sportivo_5.jpg 640w, https:\/\/archivioturi.lavocedelpaese.info\/wp-content\/uploads\/2010\/07\/Campo_sportivo_5-300x141.jpg 300w\" sizes=\"auto, (max-width: 320px) 100vw, 320px\" \/> <\/p>\n<p style=\"text-align: justify;\"><span style=\"font-size: 10pt;\"><span style=\"font-family: verdana, geneva;\">Se una comunit\u00e0 non funziona, non progredisce, siamo contenti di addossare la colpa alla nostra classe politica, sia di maggioranza che di opposizione. Generalmente \u00e8 cos\u00ec ma ho precisato, nel precedente intervento, che per produrre attivit\u00e0 sportiva sono indispensabili tre ingredienti: <strong>strutture, competenze e risorse.<\/strong><\/span><\/span><\/p>\n<p style=\"text-align: justify;\"><span style=\"font-size: 10pt;\"><span style=\"font-family: verdana, geneva;\">Premesso ci\u00f2 \u00e8 pur vero che la nostra classe politica dal \u201870 ad oggi, tranne l\u2019eccezione di un delegato allo sport, non ha mai avuto un consigliere comunale con competenze tali da proporre e realizzare progetti a basso profilo economico ma usabili. \u00c8 pur vero che la classe dirigenziale delle societ\u00e0 calcistiche non pu\u00f2 certo andare in Paradiso. Il risultato pi\u00f9 prestigioso dal \u201870 ad oggi \u00e8 stato nel 1996 vincendo il campionato di \u2018Promozione\u2019, ma il titolo fu venduto alla vicina Conversano per Lire 7milioni.<\/span><\/span><\/p>\n<p style=\"text-align: justify;\"><span style=\"font-size: 10pt;\"><span style=\"font-family: verdana, geneva;\">Perch\u00e9? Da allora solo tentativi. Addirittura un anno Turi aveva due squadre in terza categoria. \u00c8 segno di coesione o di separazione? La solita guerra tra poveri. A Turi, purtroppo, non va di moda lo slogan \u201cLo sport unisce, ma non divide\u201d. Molte volte si sfrutta lo sport per infastidire l\u2019avversario, perch\u00e9 purtroppo tutti mastichiamo di calcio, di pallavolo, di nuoto, di atletica ecc\u2026 Viviamo in pianta stabile nel \u2018Bar dello Sport\u2019.<\/span><\/span><\/p>\n<p style=\"text-align: justify;\"><span style=\"font-size: 10pt;\"><span style=\"font-family: verdana, geneva;\">In questi giorni, si sente spesso dire: \u201cStavamo meglio quando stavamo peggio\u201d.<\/span><\/span><\/p>\n<p style=\"text-align: justify;\"><span style=\"font-size: 10pt;\"><span style=\"font-family: verdana, geneva;\">Noi nati negli anni \u201850 siamo i veri promotori del famoso \u201868, quante speranze! Con le nostre filosofie dovevamo cambiare tutto. A Turi vivevamo liberi di pensieri ed azioni. Come dimenticare le interminabili partite di calcio a Largo Pozzi e nella villetta, dove oltre a smarcare l\u2019avversario dovevamo stare attenti al vigile che arrivava con la bicicletta per sequestrare il pallone. A Largo Pozzi la porta era segnata da due pietre e la larghezza era infinita.<\/span><\/span><\/p>\n<p style=\"text-align: justify;\"><span style=\"font-size: 10pt;\"><span style=\"font-family: verdana, geneva;\">E come dimenticare la nascita della pallavolo.<\/span><\/span><\/p>\n<p style=\"text-align: justify;\"><span style=\"font-size: 10pt;\"><span style=\"font-family: verdana, geneva;\">La prima maglietta color blu a maniche corte anche d\u2019inverno. Si giocava sempre a Largo Pozzi (asfalto) e lo spogliatoio era il garage dei genitori di Saverio Chiarappa. La societ\u00e0 era denominata <strong>Circolo Culturale Turi<\/strong>.<\/span><\/span><\/p>\n<p style=\"text-align: justify;\"><span style=\"font-size: 10pt;\"><span style=\"font-family: verdana, geneva;\">Giovani con tante speranze che tra una alzata, una schiacciata e un sacco di sfott\u00f2 e risate, sognava il palazzetto dello sport. Il leader della squadra era l\u2019indimenticabile e prematuramente scomparso Michele Resta, per lui il Bari era \u2018LA BARI\u2019. Che tempi!!!<\/span><\/span><\/p>\n<p style=\"text-align: justify;\"><span style=\"font-size: 10pt;\"><span style=\"font-family: verdana, geneva;\">Il suo sogno era l\u2019insieme dei nostri sogni. Purtroppo i sogni sono stati spazzati via da un maestrale che ci ha mandati tutti in \u2018verticale tesa\u2019. Si \u00e8 battuto con tutte le sue energie, da consigliere e da assessore comunale, per realizzare il Palazzetto in via Casamassima, ma\u2026 ora sorgono appartamenti e villette a schiera. Michele non ha mai visto il PALESTRONE in via Cisterna. Ce ne fossero tra i nostri politici attuali di persone cos\u00ec!<\/span><\/span><\/p>\n<p style=\"text-align: justify;\"><span style=\"font-size: 10pt;\"><span style=\"font-family: verdana, geneva;\">Vi propongo un excursus storico dal \u201870 ad oggi, in merito alle strutture sportive e agli sport praticati a Turi.<\/span><\/span><\/p>\n<p style=\"text-align: justify;\"><span style=\"font-size: 10pt;\"><span style=\"font-family: verdana, geneva;\"> <\/span><\/span><\/p>\n<p style=\"text-align: center;\"><span style=\"text-decoration: underline;\"><span style=\"font-size: 10pt;\"><span style=\"font-family: verdana, geneva;\"> <\/span><\/span><\/span><\/p>\n<p style=\"text-align: center;\"><span style=\"text-decoration: underline;\"><span style=\"font-size: 10pt;\"><span style=\"font-family: verdana, geneva;\"> <\/span><\/span><\/span><\/p>\n<p style=\"text-align: center;\"><span style=\"text-decoration: underline;\"><span style=\"font-size: 10pt;\"><span style=\"font-family: verdana, geneva;\"> <\/span><\/span><\/span><\/p>\n<p style=\"text-align: center;\"><span style=\"text-decoration: underline;\"><span style=\"font-size: 10pt;\"><span style=\"font-family: verdana, geneva;\"> <\/span><\/span><\/span><\/p>\n<p style=\"text-align: center;\"><strong><span style=\"text-decoration: underline;\"><span style=\"font-size: 10pt;\"><span style=\"font-family: verdana, geneva;\">STRUTTURE<\/span><\/span><\/span><\/strong><\/p>\n<p style=\"text-align: center;\"><strong><span style=\"text-decoration: underline;\"><span style=\"font-size: 10pt;\"><span style=\"font-family: verdana, geneva;\"> <\/span><\/span><\/span><\/strong><\/p>\n<p style=\"text-align: justify;\"><span style=\"font-size: 10pt;\"><span style=\"font-family: verdana, geneva;\"><strong>Anni \u201870<\/strong>: CAMPO DI CALCIO.<\/span><\/span><\/p>\n<p style=\"text-align: justify;\"><span style=\"font-size: 10pt;\"><span style=\"font-family: verdana, geneva;\"><strong>Anni \u201880 \u2013 \u201890<\/strong>: 2 CAMPI da TENNIS. CALCETTO IN TERRA POLVEROSA. CAMPO POLIVALENTE senza strutture. Pista di atletica in tartan.<\/span><\/span><\/p>\n<p style=\"text-align: justify;\"><span style=\"font-size: 10pt;\"><span style=\"font-family: verdana, geneva;\"><strong>Anno 2009<\/strong>: PALAZZETTO DELLO SPORT, PISTA CICLABILE.<\/span><\/span><\/p>\n<p style=\"text-align: justify;\"><span style=\"font-size: 10pt;\"><span style=\"font-family: verdana, geneva;\"><strong>Anno 2010<\/strong>: PUNTO SPORT.<\/span><\/span><\/p>\n<p style=\"text-align: center;\"><strong><span style=\"text-decoration: underline;\"><span style=\"font-size: 10pt;\"><span style=\"font-family: verdana, geneva;\">ATTIVIT\u00c0<\/span><\/span><\/span><\/strong><\/p>\n<p style=\"text-align: center;\"><strong><span style=\"text-decoration: underline;\"><span style=\"font-size: 10pt;\"><span style=\"font-family: verdana, geneva;\"> <\/span><\/span><\/span><\/strong><\/p>\n<p style=\"text-align: justify;\"><span style=\"font-size: 10pt;\"><span style=\"font-family: verdana, geneva;\"><strong>Anni \u201870\/\u201980<\/strong>: CALCIO (campo comunale), campionati di 2^ e 1^ categoria, nascita di una societ\u00e0 di puro settore giovanile.<\/span><\/span><\/p>\n<p style=\"text-align: justify;\"><span style=\"font-size: 10pt;\"><span style=\"font-family: verdana, geneva;\">PALLAVOLO (Largo Pozzi. Asfalto con buche): campionati C.S.I. \u2013 campionati regionali.<\/span><\/span><\/p>\n<p style=\"text-align: justify;\"><span style=\"font-size: 10pt;\"><span style=\"font-family: verdana, geneva;\">PALLAVOLO (Palestra Scuola Media): nascita dei centri C.A.S. (Centro di Avviamento allo Sport). Promozione in serie C.<\/span><\/span><\/p>\n<p style=\"text-align: justify;\"><span style=\"font-size: 10pt;\"><span style=\"font-family: verdana, geneva;\">BASKET: societ\u00e0 C.E.M. Turi, partecipa al campionato di 1^ divisione. Gare sempre in trasferta per mancanza di campo regolamentare. Allenamenti in piazza\u2026 Durata un anno.<\/span><\/span><\/p>\n<p style=\"text-align: justify;\"><span style=\"font-size: 10pt;\"><span style=\"font-family: verdana, geneva;\">TENNIS: tornei estivi su un campo privato in via Sammichele ed inaugurazione dei due campi comunali.<\/span><\/span><\/p>\n<p style=\"text-align: justify;\"><span style=\"font-size: 10pt;\"><span style=\"font-family: verdana, geneva;\"><strong>Anno 2000<\/strong>: CALCIO A 5 (campo comunale nel 2008\/09, struttura privata).<\/span><\/span><\/p>\n<p style=\"text-align: justify;\"><span style=\"font-size: 10pt;\"><span style=\"font-family: verdana, geneva;\"><strong>Anno 2010<\/strong>: nascita del settore giovanile (calcio a 5).<\/span><\/span><\/p>\n<p style=\"text-align: justify;\"><span style=\"font-size: 10pt;\"><span style=\"font-family: verdana, geneva;\"> <\/span><\/span><\/p>\n<p style=\"text-align: justify;\"><span style=\"font-size: 10pt;\"><span style=\"font-family: verdana, geneva;\">Il calcio a 5 o a 7 nasce a Turi nel 1967, lungo la villetta. Gli alberi fungevano da pali e le foglie da traversa. Oggi che gioia vedere i ragazzini giocare nella piazzetta e a Largo Pozzi. Si ritorna al passato? Ma chi sono questi ragazzi?<\/span><\/span><\/p>\n<p style=\"text-align: justify;\"><span style=\"font-size: 10pt;\"><span style=\"font-family: verdana, geneva;\">Quanti a Turi non praticano sport? La scuola come incrementa, con lo sport, la crescita del ragazzo?<\/span><\/span><\/p>\n<p style=\"text-align: justify;\"><span style=\"font-size: 10pt;\"><span style=\"font-family: verdana, geneva;\">Sono argomenti, questi, che affronteremo e approfondiremo in seguito.<\/span><\/span><\/p>\n<p style=\"text-align: justify;\"><span style=\"font-size: 10pt;\"><span style=\"font-family: verdana, geneva;\">Delle attivit\u00e0 sopra <strong>citate il calcio \u00e8 entrato negli archivi storici<\/strong>; il settore giovanile e scolastico, terminati gli anni gloriosi di buona e competente gestione, oggi si ferma alla categoria \u201cEsordienti\u201d e poi \u2018Arrivederci e Grazie!\u2019.<\/span><\/span><\/p>\n<p style=\"text-align: justify;\"><span style=\"font-size: 10pt;\"><span style=\"font-family: verdana, geneva;\">Il campo non c\u2019\u00e8.<\/span><\/span><\/p>\n<p style=\"text-align: justify;\"><span style=\"font-size: 10pt;\"><span style=\"font-family: verdana, geneva;\">Perfetto, si chiede \u201cAsilo Politico!\u201d ai paesi limitrofi, come \u00e8 stato fatto in precedenza.<\/span><\/span><\/p>\n<p style=\"text-align: justify;\"><span style=\"font-size: 10pt;\"><span style=\"font-family: verdana, geneva;\">Il sacrificio \u00e8 il pane quotidiano di chi ama i giovani, perch\u00e9 destinare le attivit\u00e0 ai bambini dai 6 ai 12 anni? \u00c8 proprio dopo, nel periodo dell\u2019adolescenza, che il ragazzo ha bisogno dell\u2019aiuto a cinque stelle. Per la crescita psico \u2013 fisica, oltre alla famiglia, per formare il futuro cittadino, concorre il mondo esterno, come direbbe Kant, ed esso \u00e8 composto dalla\u00a0 scuola e tutto ci\u00f2 che lo circonda.<\/span><\/span><\/p>\n<p style=\"text-align: justify;\"><span style=\"font-size: 10pt;\"><span style=\"font-family: verdana, geneva;\">\u00c8 il bambino\/ ragazzo giovane, non \u00e8 nato nel \u201950, ma dal 2000 in poi.<\/span><\/span><\/p>\n<p style=\"text-align: justify;\"><span style=\"font-size: 10pt;\"><span style=\"font-family: verdana, geneva;\">Ne sono cambiati di fattori e siamo competenti pedagogicamente e culturalmente per preparare un futuro dove il disagio non deve esistere?<\/span><\/span><\/p>\n<p>\u00a0<\/p>\n","protected":false},"excerpt":{"rendered":"<p><img loading=\"lazy\" decoding=\"async\" class=\" size-full wp-image-2490\" src=\"https:\/\/archivioturi.lavocedelpaese.info\/wp-content\/uploads\/2010\/07\/Campo_sportivo_5.jpg\" width=\"320\" height=\"150\" alt=\"Campo_sportivo_5\" srcset=\"https:\/\/archivioturi.lavocedelpaese.info\/wp-content\/uploads\/2010\/07\/Campo_sportivo_5.jpg 640w, https:\/\/archivioturi.lavocedelpaese.info\/wp-content\/uploads\/2010\/07\/Campo_sportivo_5-300x141.jpg 300w\" sizes=\"auto, (max-width: 320px) 100vw, 320px\" \/> <\/p>\n","protected":false},"author":1,"featured_media":2490,"comment_status":"open","ping_status":"closed","sticky":false,"template":"","format":"standard","meta":{"colormag_page_container_layout":"default_layout","colormag_page_sidebar_layout":"default_layout","footnotes":""},"categories":[7],"tags":[],"class_list":["post-5521","post","type-post","status-publish","format-standard","has-post-thumbnail","hentry","category-attualita"],"_links":{"self":[{"href":"https:\/\/archivioturi.lavocedelpaese.info\/index.php\/wp-json\/wp\/v2\/posts\/5521","targetHints":{"allow":["GET"]}}],"collection":[{"href":"https:\/\/archivioturi.lavocedelpaese.info\/index.php\/wp-json\/wp\/v2\/posts"}],"about":[{"href":"https:\/\/archivioturi.lavocedelpaese.info\/index.php\/wp-json\/wp\/v2\/types\/post"}],"author":[{"embeddable":true,"href":"https:\/\/archivioturi.lavocedelpaese.info\/index.php\/wp-json\/wp\/v2\/users\/1"}],"replies":[{"embeddable":true,"href":"https:\/\/archivioturi.lavocedelpaese.info\/index.php\/wp-json\/wp\/v2\/comments?post=5521"}],"version-history":[{"count":0,"href":"https:\/\/archivioturi.lavocedelpaese.info\/index.php\/wp-json\/wp\/v2\/posts\/5521\/revisions"}],"wp:featuredmedia":[{"embeddable":true,"href":"https:\/\/archivioturi.lavocedelpaese.info\/index.php\/wp-json\/wp\/v2\/media\/2490"}],"wp:attachment":[{"href":"https:\/\/archivioturi.lavocedelpaese.info\/index.php\/wp-json\/wp\/v2\/media?parent=5521"}],"wp:term":[{"taxonomy":"category","embeddable":true,"href":"https:\/\/archivioturi.lavocedelpaese.info\/index.php\/wp-json\/wp\/v2\/categories?post=5521"},{"taxonomy":"post_tag","embeddable":true,"href":"https:\/\/archivioturi.lavocedelpaese.info\/index.php\/wp-json\/wp\/v2\/tags?post=5521"}],"curies":[{"name":"wp","href":"https:\/\/api.w.org\/{rel}","templated":true}]}}