{"id":5518,"date":"2011-03-08T09:39:50","date_gmt":"2011-03-08T09:39:50","guid":{"rendered":"https:\/\/archivioturi.lavocedelpaese.info\/index.php\/2011\/03\/08\/patria-di-un-sistema-che-la-storia-ha-gia-sconfitto\/"},"modified":"2011-03-08T09:39:50","modified_gmt":"2011-03-08T09:39:50","slug":"patria-di-un-sistema-che-la-storia-ha-gia-sconfitto","status":"publish","type":"post","link":"https:\/\/archivioturi.lavocedelpaese.info\/index.php\/2011\/03\/08\/patria-di-un-sistema-che-la-storia-ha-gia-sconfitto\/","title":{"rendered":"\u2018PATRIA DI UN SISTEMA CHE LA STORIA HA GI\u00c0 SCONFITTO\u2019!"},"content":{"rendered":"<p><img loading=\"lazy\" decoding=\"async\" class=\" size-full wp-image-5326\" src=\"https:\/\/archivioturi.lavocedelpaese.info\/wp-content\/uploads\/2011\/02\/Catalano_logo-SEL.jpg\" width=\"320\" height=\"150\" alt=\"Catalano_logo-SEL\" \/> <\/p>\n<p style=\"text-align: justify;\"><span style=\"font-size: 10pt;\"><span style=\"font-family: verdana, geneva;\">A partire dalle annose vicende del PIP alle considerazioni sulla situazione politica attuale e passata della nostra cittadina. Ne parliamo con Nico Catalano.<\/span><\/span><\/p>\n<p style=\"text-align: justify;\"><strong><span style=\"font-size: 10pt;\"><span style=\"font-family: verdana, geneva;\">Come mai il P.I.P. a Turi non ha avuto successo?<\/span><\/span><\/strong><\/p>\n<p style=\"text-align: justify;\"><span style=\"font-size: 10pt;\"><span style=\"font-family: verdana, geneva;\">\u201cCi sono due motivi fondamentali che hanno portato a questa fine. Uno, cio\u00e8 quello principale, \u00e8 relativo al fatto che ogni amministrazione che si succede butta al macero il progetto precedente: questo atteggiamento lo si riscontra infatti anche nell&#8217;iter del P.U.G. L&#8217;altro motivo, invece, secondo me consiste nel fatto che l&#8217;interesse personale, delle &#8220;cambiali&#8221; da dare o riscuotere, prevale sull&#8217;interesse collettivo. Questa \u00e8 una forma di autocritica che dovrebbero fare tutti a prescindere dal colore politico, infatti in tutte le amministrazioni che si sono susseguite si \u00e8 potuto riscontrare questo pessimo vizio. In fondo quello che \u00e8 avvenuto durante l&#8217;Amministrazione Gigantelli \u00e8 la risultante di queste due caratteristiche peculiari della nostra realt\u00e0 politica\u201d.<\/span><\/span><\/p>\n<p style=\"text-align: justify;\"><strong><span style=\"font-size: 10pt;\"><span style=\"font-family: verdana, geneva;\">Per lei quale sarebbe la soluzione migliore in questo momento?<\/span><\/span><\/strong><\/p>\n<p style=\"text-align: justify;\"><span style=\"font-size: 10pt;\"><span style=\"font-family: verdana, geneva;\">\u201cAdesso \u00e8 difficile in quanto secondo me, la soluzione migliore era stata trovata nel 2007 allorch\u00e9 tutti i passaggi burocratici erano stati effettuati e con il bando del marzo 2007 si poteva passare alla fase degli espropri delle aree di pubblica utilit\u00e0 nel rispetto di tutti i proprietari dei suoli, anche allo scopo di evitare qualunque forma di speculazione in merito. Ricordo che con l&#8217;Amministrazione De Grisantis, era stata fatta una scelta precisa, ovvero l&#8217;adesione ai Piani Integrati Territoriali della Murgia (P.I.T.) perch\u00e8 cos\u00ec c&#8217;era la possibilit\u00e0 di usufruire di capitali a fondo perduto per implementare le urbanizzazioni primarie e secondarie per le aree P.I.P. dei comuni.<\/span><\/span><\/p>\n<p style=\"text-align: justify;\"><span style=\"font-size: 10pt;\"><span style=\"font-family: verdana, geneva;\">L\u00ec, si riuscirono ad ottenere un milione di euro per questo progetto, soldi da utilizzare entro e non oltre il trentuno dicembre del 2008. Questa cosa non fu fatta a causa dello spauracchio delle doline, si aspettava la sentenza dell&#8217;Autorit\u00e0 di Bacino! Se vogliamo essere pragmatici, doline erano e doline sono rimaste, infatti anche nel Project Financing, quell&#8217;area contenente le doline \u00e8 stata comunque indicata come area P.I.P, quindi schermando con delle opere idrauliche quelle doline si poteva benissimo andare avanti col progetto. Secondo me non si \u00e8 voluto procedere. Io ho un dubbio, infatti guarda caso perch\u00e9 dopo lo scadere del 31\/12\/2008 e quindi la perdita di quel finanziamento, furono presentate ben dodici richieste di concessioni per opifici per mezzo delle conferenze di servizio? Ribadisco con forza che la nostra amministrazione a quel punto bocci\u00f2 tutte quelle richieste grazie ad una forte opposizione che noi portammo avanti in quanto erano richieste illegittime. Se era stata approvata e dalle autorit\u00e0 regionali e dalle autorit\u00e0 comunali l&#8217;area P.I.P., non si capiva bene perch\u00e8 si dovevano disseminare sul territorio opifici a macchia di leopardo. Era una cosa illegale. Se ci\u00f2 \u00e8 successo, dipende, come ho gi\u00e0 detto, dal fatto che si tende sempre a far prevalere l&#8217;interesse privato su quello collettivo. Per quanto concerne la storia dei Project Financing, se ormai anche negli Stati Uniti, patria del liberismo, Obama sta facendo marcia indietro per quanto concerne gli interventi privati e sta passando a quelli pubblici, <strong>Turi non pu\u00f2 essere la patria di un sistema che la storia ha gi\u00e0 ampiamente sconfitto<\/strong>. Il fatto di mettere in mano di privati delle cos\u00ec ampie responsabilit\u00e0 collettive \u00e8 una cosa non giusta, infatti non sempre la giustizia sociale corrisponde con la legalit\u00e0\u201d.<\/span><\/span><\/p>\n<p style=\"text-align: justify;\"><strong><span style=\"font-size: 10pt;\"><span style=\"font-family: verdana, geneva;\">Quindi secondo lei al momento siamo condannati a regredire per quanto concerne il panorama commerciale del paese?<\/span><\/span><\/strong><\/p>\n<p style=\"text-align: justify;\"><span style=\"font-size: 10pt;\"><span style=\"font-family: verdana, geneva;\">\u201cPremetto, io non sono n\u00e8 un G.I.P. ne un P.M. e neanche un giudice, per\u00f2 sono fermamente convinto che questa situazione \u00e8 dovuta a gravi errori politici. L&#8217;unica strada era quella dell&#8217;intervento pubblico, ma adesso come si pu\u00f2 tornare indietro di quattro anni?<\/span><\/span><\/p>\n<p style=\"text-align: justify;\"><strong><span style=\"font-size: 10pt;\"><span style=\"font-family: verdana, geneva;\">Qualcuno ha fatto un calcolo forfettario in merito agli oneri di urbanizzazione che il Comune di Turi avrebbe incassato in base all&#8217;elevatissimo numero di vani costruiti negli ultimi quattro o cinque anni. La somma si aggirerebbe intorno ai sei milioni di euro. Considerando che il 50% dovrebbero essere utilizzati per le spese correnti di gestione, restano tre milioni di euro da poter utilizzare nel miglioramento del paese. Dove sono questi soldi?<\/span><\/span><\/strong><\/p>\n<p style=\"text-align: justify;\"><span style=\"font-size: 10pt;\"><span style=\"font-family: verdana, geneva;\">\u201cGuardi \u00e8 da molto tempo che io chiedo al Sindaco di Turi di capire quanti vani, un numero preciso, sono stati costruiti a Turi nel corso di questa amministrazione. Certamente degli errori sono stati fatti anche dalla precedente amministrazione di cui io facevo parte, e mi piacerebbe che questa forma di autocritica la facessero anche quelli dell&#8217;attuale amministrazione sia per quanto riguarda la scandalosa faccenda del P.I.P. e sia per quanto concerne il P.U.G.\u00a0 In ogni caso io vorrei tanto sapere anche se l&#8217;Ufficio Tecnico effettua con trasparenza e dedizione il proprio lavoro! Se, ammettiamo per ipotesi, che questi oneri o parte di questi oneri non sono stati riscossi, c&#8217;\u00e8 una chiara responsabilit\u00e0 politica ovvero mancanza di controllo. Se poi questi oneri sono stati davvero riscossi, bene che si facciano le opere di urbanizzazione primaria e secondaria che \u00e8 ci\u00f2 che pi\u00f9 serve in questo momento alla nostra comunit\u00e0. Ora, secondo me, per poter riconquistare la fiducia dei cittadini da parte delle istituzioni turesi, bisognerebbe azzerare completamente l&#8217;Ufficio Tecnico. Un ricambio radicale, perch\u00e8 coloro che lo gestiscono oggi hanno compiuto degli errori madornali. Possiamo anche pensare che tutto sia avvenuto in buona fede, ma \u00e8 la collettivit\u00e0 che paga quegli errori. Non solo, ma succede sempre che qualunque amministrazione si insedi, la sfiducia dei cittadini nei confronti delle istituzioni \u00e8 dovuta sempre alla gestione dell&#8217;Ufficio tecnico. Quindi la prossima giunta dovrebbe rinnovare in toto l&#8217;Ufficio Tecnico, nelle persone, nella struttura e anche nell&#8217;ubicazione, allo scopo di dare pi\u00f9 trasparenza in merito al lavoro che in quell&#8217;ufficio si svolge\u201d.<\/span><\/span><\/p>\n<p style=\"text-align: justify;\"><span style=\"font-size: 10pt;\"><span style=\"font-family: verdana, geneva;\">\u201cVorrei concludere \u2013 chiude Nico Catalano &#8211; dicendo alle forze politiche e ai cittadini indipendenti che sarebbe auspicabile per il futuro di questo paese se tutti quanti ci unissimo politicamente per creare un centro-sinistra quanto pi\u00f9 ampio possibile. Condividere gli ideali di trasparenza, coinvolgimento e cambiamento di alcuni iter e luoghi del nostro comune. Come dice Nichi Vendola &#8220;Tenere presente sempre un orizzonte un po pi\u00f9 ampio&#8221;. L&#8217;appello \u00e8 per tutte le forze della sinistra e del centro-sinistra tra cui l&#8217;I.D.V e il P.D.\u201d<\/span><\/span><\/p>\n","protected":false},"excerpt":{"rendered":"<p><img loading=\"lazy\" decoding=\"async\" class=\" size-full wp-image-5326\" src=\"https:\/\/archivioturi.lavocedelpaese.info\/wp-content\/uploads\/2011\/02\/Catalano_logo-SEL.jpg\" width=\"320\" height=\"150\" alt=\"Catalano_logo-SEL\" \/> <\/p>\n","protected":false},"author":1,"featured_media":5326,"comment_status":"open","ping_status":"closed","sticky":false,"template":"","format":"standard","meta":{"colormag_page_container_layout":"default_layout","colormag_page_sidebar_layout":"default_layout","footnotes":""},"categories":[4],"tags":[],"class_list":["post-5518","post","type-post","status-publish","format-standard","has-post-thumbnail","hentry","category-politica"],"_links":{"self":[{"href":"https:\/\/archivioturi.lavocedelpaese.info\/index.php\/wp-json\/wp\/v2\/posts\/5518","targetHints":{"allow":["GET"]}}],"collection":[{"href":"https:\/\/archivioturi.lavocedelpaese.info\/index.php\/wp-json\/wp\/v2\/posts"}],"about":[{"href":"https:\/\/archivioturi.lavocedelpaese.info\/index.php\/wp-json\/wp\/v2\/types\/post"}],"author":[{"embeddable":true,"href":"https:\/\/archivioturi.lavocedelpaese.info\/index.php\/wp-json\/wp\/v2\/users\/1"}],"replies":[{"embeddable":true,"href":"https:\/\/archivioturi.lavocedelpaese.info\/index.php\/wp-json\/wp\/v2\/comments?post=5518"}],"version-history":[{"count":0,"href":"https:\/\/archivioturi.lavocedelpaese.info\/index.php\/wp-json\/wp\/v2\/posts\/5518\/revisions"}],"wp:featuredmedia":[{"embeddable":true,"href":"https:\/\/archivioturi.lavocedelpaese.info\/index.php\/wp-json\/wp\/v2\/media\/5326"}],"wp:attachment":[{"href":"https:\/\/archivioturi.lavocedelpaese.info\/index.php\/wp-json\/wp\/v2\/media?parent=5518"}],"wp:term":[{"taxonomy":"category","embeddable":true,"href":"https:\/\/archivioturi.lavocedelpaese.info\/index.php\/wp-json\/wp\/v2\/categories?post=5518"},{"taxonomy":"post_tag","embeddable":true,"href":"https:\/\/archivioturi.lavocedelpaese.info\/index.php\/wp-json\/wp\/v2\/tags?post=5518"}],"curies":[{"name":"wp","href":"https:\/\/api.w.org\/{rel}","templated":true}]}}