{"id":5481,"date":"2011-03-05T07:49:50","date_gmt":"2011-03-05T07:49:50","guid":{"rendered":"https:\/\/archivioturi.lavocedelpaese.info\/index.php\/2011\/03\/05\/maxi-sequestro-di-57-immobili-turesi\/"},"modified":"2011-03-05T07:49:50","modified_gmt":"2011-03-05T07:49:50","slug":"maxi-sequestro-di-57-immobili-turesi","status":"publish","type":"post","link":"https:\/\/archivioturi.lavocedelpaese.info\/index.php\/2011\/03\/05\/maxi-sequestro-di-57-immobili-turesi\/","title":{"rendered":"MAXI SEQUESTRO DI 57 IMMOBILI TURESI"},"content":{"rendered":"<p><img loading=\"lazy\" decoding=\"async\" class=\" size-full wp-image-5477\" alt=\"SEQUESTRO_MAXI_5\" height=\"150\" width=\"320\" src=\"https:\/\/archivioturi.lavocedelpaese.info\/wp-content\/uploads\/2011\/03\/SEQUESTRO_MAXI_5.jpg\" srcset=\"https:\/\/archivioturi.lavocedelpaese.info\/wp-content\/uploads\/2011\/03\/SEQUESTRO_MAXI_5.jpg 640w, https:\/\/archivioturi.lavocedelpaese.info\/wp-content\/uploads\/2011\/03\/SEQUESTRO_MAXI_5-300x141.jpg 300w\" sizes=\"auto, (max-width: 320px) 100vw, 320px\" \/> <\/p>\n<p style=\"text-align: justify;\"><span style=\"font-size: 10pt;\"><span style=\"font-family: verdana, geneva;\">57 immobili ubicati nel nostro Comune sono stati posti sotto sequestro nei giorni scorsi dai Carabinieri ai danni di Raffaele Dipalma, dei suoi prestanome, giuridici e fisici, e congiunti. Il valore complessivo dell\u2019operazione ammonta a circa 30milioni di euro, ripartito tra beni immobili e mobili.<\/span><\/span><\/p>\n<p><span style=\"font-size: 10pt;\"><span style=\"font-family: verdana, geneva;\"><img loading=\"lazy\" decoding=\"async\" class=\" alignright size-full wp-image-5478\" src=\"https:\/\/archivioturi.lavocedelpaese.info\/wp-content\/uploads\/2011\/03\/SEQUESTRO_MAXI_2.jpg\" width=\"448\" height=\"336\" alt=\"SEQUESTRO_MAXI_2\" style=\"margin-top: 10px; margin-bottom: 10px; margin-left: 10px; float: right;\" srcset=\"https:\/\/archivioturi.lavocedelpaese.info\/wp-content\/uploads\/2011\/03\/SEQUESTRO_MAXI_2.jpg 448w, https:\/\/archivioturi.lavocedelpaese.info\/wp-content\/uploads\/2011\/03\/SEQUESTRO_MAXI_2-300x225.jpg 300w\" sizes=\"auto, (max-width: 448px) 100vw, 448px\" \/><\/span><\/span><\/p>\n<div style=\"text-align: justify;\"><span style=\"font-size: 10pt;\"><span style=\"font-family: verdana, geneva;\">A condurre le indagini \u00e8 la Direzione distrettuale antimafia (Dda) che ha meso i sigilli a 98 propriet\u00e0: 19 terreni edificabili e 79 immobili, tra cui appartamenti, cantieri, magazzini, locali commerciali ed autorimesse. La maggior parte dei suddetti beni si trovano in provincia di Bari. Come gi\u00e0 detto, pi\u00f9 della met\u00e0 si trova a Turi, e si tratta, secondo le indiscrezioni, del nuovo quartiere sorto in Strada La Quacquera, in cui vi sono appartamenti, locali commerciali, magazzini, molti terreni e autorimesse. I restanti cespiti si trovano a Corigliano Calabro (1), Pisticci (1), Gallarate (2), Monfalcone (2), Casamassima (4), Altamura (6) e Gravina (25), citt\u00e0 di residenza di Dipalma. Tra i vari possedimenti sequestrati figurano anche l\u2019abitazione del principale indiziato e alcuni cantieri di grosso valore economico.<\/span><\/span><\/div>\n<p>\u00a0<\/p>\n<p><span style=\"font-size: 10pt;\"><span style=\"font-family: verdana, geneva;\"><img loading=\"lazy\" decoding=\"async\" class=\" alignleft size-full wp-image-5479\" src=\"https:\/\/archivioturi.lavocedelpaese.info\/wp-content\/uploads\/2011\/03\/SEQUESTRO_MAXI_3.jpg\" width=\"448\" height=\"336\" alt=\"SEQUESTRO_MAXI_3\" style=\"margin-top: 10px; margin-right: 10px; margin-bottom: 10px; float: left;\" srcset=\"https:\/\/archivioturi.lavocedelpaese.info\/wp-content\/uploads\/2011\/03\/SEQUESTRO_MAXI_3.jpg 448w, https:\/\/archivioturi.lavocedelpaese.info\/wp-content\/uploads\/2011\/03\/SEQUESTRO_MAXI_3-300x225.jpg 300w\" sizes=\"auto, (max-width: 448px) 100vw, 448px\" \/><\/span><\/span><\/p>\n<div style=\"text-align: justify;\"><span style=\"font-size: 10pt;\"><span style=\"font-family: verdana, geneva;\">Oltre agli immobili sono state sequestrate quattro societ\u00e0: una finanziaria con sede nel centro di Bari, due imprese edili ed una di produzione e vendita di materassi con sede a Gravina. Bloccati anche depositi bancari divisi in otto diversi istituti di credito. 860mila euro sono i soldi \u201cfermati\u201d nelle banche, tra conti correnti, depositi assicurativi e dossier titoli.<\/span><\/span><\/div>\n<p style=\"text-align: justify;\"><span style=\"font-size: 10pt;\"><span style=\"font-family: verdana, geneva;\">L\u2019indagine portata avanti dalle forze dell\u2019ordine ha preso il via a fronte del presunto riciclaggio di proventi illeciti in attivit\u00e0 edilizie. <\/span><\/span><\/p>\n<p><span style=\"font-size: 10pt;\"><span style=\"font-family: verdana, geneva;\"><img loading=\"lazy\" decoding=\"async\" class=\" alignright size-full wp-image-5480\" src=\"https:\/\/archivioturi.lavocedelpaese.info\/wp-content\/uploads\/2011\/03\/SEQUESTRO_MAXI_4.jpg\" width=\"448\" height=\"336\" alt=\"SEQUESTRO_MAXI_4\" style=\"margin-top: 10px; margin-bottom: 10px; margin-left: 10px; float: right;\" srcset=\"https:\/\/archivioturi.lavocedelpaese.info\/wp-content\/uploads\/2011\/03\/SEQUESTRO_MAXI_4.jpg 448w, https:\/\/archivioturi.lavocedelpaese.info\/wp-content\/uploads\/2011\/03\/SEQUESTRO_MAXI_4-300x225.jpg 300w\" sizes=\"auto, (max-width: 448px) 100vw, 448px\" \/> <\/span><\/span><\/p>\n<p style=\"text-align: justify;\">Per portare avanti tale operazione \u00e8 stato preso alla lettera l\u2019articolo 321 di Procedura Penale, che citiamo testualmente: \u201cQuando vi \u00e8 pericolo che la libera disponibilit\u00e0 di una cosa pertinente al reato possa aggravare o protrarre le conseguenze di esso, ovvero agevolare la commissione di altri reati, a richiesta del Pubblico Ministero, \u00e8 il giudice competente a pronunciarsi nel merito e ne dispone il sequestro con decreto motivato. Prima dell\u2019esercizio dell\u2019azione penale provvede il giudice per le indagini preliminari. [\u2026] Il sequestro \u00e8 immediatamente revocato a richiesta del Pubblico Ministero o dell\u2019interessato quando risultano mancanti, anche per fatti sopravvenuti, le condizioni di applicabilit\u00e0 previste\u201d dal comma precedentemente riportato. Al termine delle indagini, qualora Dipalma non riuscisse a dimostrare la legalit\u00e0 di tutti gli atti richiesti, i beni sottoposti a sequestro potrebbero essere confiscati e assorbiti dallo Stato che ne diventerebbe il legittimo proprietario.<\/p>\n<p>\u00a0<\/p>\n<p style=\"text-align: justify;\"><span style=\"font-size: 10pt;\"><span style=\"font-family: verdana, geneva;\">Nella vicina Casamassima, in cui ci sono alcuni appartamenti della suddetta inchiesta, proprio la sede del Comune \u00e8 stata ubicata all\u2019interno di un palazzo confiscato.<\/span><\/span><\/p>\n<p style=\"text-align: justify;\"><span style=\"font-size: 10pt;\"><span style=\"font-family: verdana, geneva;\">Concludendo, tranquillizziamo le tante famiglie che abitano gi\u00e0 da qualche tempo nei nuovi appartamenti posti sotto sequestro: le forze dell\u2019ordine hanno disposto la facolt\u00e0 d\u2019uso dei locali ai cittadini turesi, pur proseguendo regolarmente nelle indagini.<\/span><\/span><\/p>\n","protected":false},"excerpt":{"rendered":"<p><img loading=\"lazy\" decoding=\"async\" class=\" size-full wp-image-5477\" alt=\"SEQUESTRO_MAXI_5\" height=\"150\" width=\"320\" src=\"https:\/\/archivioturi.lavocedelpaese.info\/wp-content\/uploads\/2011\/03\/SEQUESTRO_MAXI_5.jpg\" srcset=\"https:\/\/archivioturi.lavocedelpaese.info\/wp-content\/uploads\/2011\/03\/SEQUESTRO_MAXI_5.jpg 640w, https:\/\/archivioturi.lavocedelpaese.info\/wp-content\/uploads\/2011\/03\/SEQUESTRO_MAXI_5-300x141.jpg 300w\" sizes=\"auto, (max-width: 320px) 100vw, 320px\" \/> <\/p>\n","protected":false},"author":1,"featured_media":5477,"comment_status":"open","ping_status":"closed","sticky":false,"template":"","format":"standard","meta":{"colormag_page_container_layout":"default_layout","colormag_page_sidebar_layout":"default_layout","footnotes":""},"categories":[8],"tags":[],"class_list":["post-5481","post","type-post","status-publish","format-standard","has-post-thumbnail","hentry","category-cronaca"],"_links":{"self":[{"href":"https:\/\/archivioturi.lavocedelpaese.info\/index.php\/wp-json\/wp\/v2\/posts\/5481","targetHints":{"allow":["GET"]}}],"collection":[{"href":"https:\/\/archivioturi.lavocedelpaese.info\/index.php\/wp-json\/wp\/v2\/posts"}],"about":[{"href":"https:\/\/archivioturi.lavocedelpaese.info\/index.php\/wp-json\/wp\/v2\/types\/post"}],"author":[{"embeddable":true,"href":"https:\/\/archivioturi.lavocedelpaese.info\/index.php\/wp-json\/wp\/v2\/users\/1"}],"replies":[{"embeddable":true,"href":"https:\/\/archivioturi.lavocedelpaese.info\/index.php\/wp-json\/wp\/v2\/comments?post=5481"}],"version-history":[{"count":0,"href":"https:\/\/archivioturi.lavocedelpaese.info\/index.php\/wp-json\/wp\/v2\/posts\/5481\/revisions"}],"wp:featuredmedia":[{"embeddable":true,"href":"https:\/\/archivioturi.lavocedelpaese.info\/index.php\/wp-json\/wp\/v2\/media\/5477"}],"wp:attachment":[{"href":"https:\/\/archivioturi.lavocedelpaese.info\/index.php\/wp-json\/wp\/v2\/media?parent=5481"}],"wp:term":[{"taxonomy":"category","embeddable":true,"href":"https:\/\/archivioturi.lavocedelpaese.info\/index.php\/wp-json\/wp\/v2\/categories?post=5481"},{"taxonomy":"post_tag","embeddable":true,"href":"https:\/\/archivioturi.lavocedelpaese.info\/index.php\/wp-json\/wp\/v2\/tags?post=5481"}],"curies":[{"name":"wp","href":"https:\/\/api.w.org\/{rel}","templated":true}]}}