{"id":5430,"date":"2011-02-27T07:42:44","date_gmt":"2011-02-27T07:42:44","guid":{"rendered":"https:\/\/archivioturi.lavocedelpaese.info\/index.php\/2011\/02\/27\/prova-dorchestra-ne-parliamo-con-il-presidente-dellass-orpheo\/"},"modified":"2011-02-27T07:42:44","modified_gmt":"2011-02-27T07:42:44","slug":"prova-dorchestra-ne-parliamo-con-il-presidente-dellass-orpheo","status":"publish","type":"post","link":"https:\/\/archivioturi.lavocedelpaese.info\/index.php\/2011\/02\/27\/prova-dorchestra-ne-parliamo-con-il-presidente-dellass-orpheo\/","title":{"rendered":"\u2018PROVA D\u2019ORCHESTRA\u2019. NE PARLIAMO CON IL PRESIDENTE"},"content":{"rendered":"<p><img loading=\"lazy\" decoding=\"async\" class=\" size-full wp-image-4003\" alt=\"orpheo_orchestra\" height=\"150\" width=\"320\" src=\"https:\/\/archivioturi.lavocedelpaese.info\/wp-content\/uploads\/2010\/12\/orpheo_orchestra.jpg\" \/> <\/p>\n<p style=\"text-align: center;\"><span style=\"font-family: verdana, geneva; font-size: 16px;\">&#8216;Un progetto musicale per tutti gli appassionati di musica&#8217;.<\/span><\/p>\n<p style=\"text-align: justify;\">\u00a0<\/p>\n<p style=\"text-align: justify;\"><span style=\"font-size: 10pt;\"><span style=\"font-family: verdana, geneva;\">Con delibera n 18 del 17 febbraio, l\u2019Amministrazione Comunale ha siglato un accordo di collaborazione con l\u2019<strong>Associazione Culturale Musicale \u201cOrpheo\u201d per il progetto \u201cProva d\u2019Orchestra\u201d<\/strong> di cui Turi \u00e8 il Comune capofila.<\/span><\/span><\/p>\n<p style=\"text-align: justify;\"><span style=\"font-size: 10pt;\"><span style=\"font-family: verdana, geneva;\">Presentato all\u2019inizio del 2010 e indirizzato alla formazione di un\u2019orchestra di ragazzi dai 18 ai 30 anni residenti nei comuni interessati al progetto (Turi, Gioia del Colle, Putignano e Casamassima) rientra nei progetti voluti e proposti dall\u2019assessorato alla Pianificazione economico-finanziaria e tributi, all\u2019innovazione tecnologica, informatizzazione e SIT, all\u2019associazionismo e ai rapporti con la Pro Loco.<\/span><\/span><\/p>\n<p style=\"text-align: justify;\"><span style=\"font-size: 10pt;\"><span style=\"font-family: verdana, geneva;\">Il Dipartimento della Giovent\u00f9 della Presidenza del Consiglio dei Ministri (Dipartimento) e l\u2019Associazione Nazionale dei Comuni Italiani (ANCI) hanno stipulato il 22 luglio 2009 un Accordo per promuovere una politica organica che sappia investire sui giovani come risorsa, anche attraverso la partecipazione ad iniziative e progetti con enti pubblici e privati, associazioni ed altre istituzioni interessate. Per questo l\u2019ANCI ha deciso di sostenere con un contributo pari a \u20ac. 48.000,00, tale iniziativa per la quale ogni comune associa una quota di 3.000 \u20ac ciascuno.<\/span><\/span><\/p>\n<p style=\"text-align: justify;\"><span style=\"font-size: 10pt;\"><span style=\"font-family: verdana, geneva;\">Con la delibera del\u00a0 17 febbraio, che giunge comunque in ritardo rispetto ai tempi previsti di realizzazione del progetto, assegna quota 24.000,00 \u20ac lordi all\u2019Associazione \u201cOrpheo\u201d, utili per l\u2019organizzazione e la gestione dell\u2019intero progetto.<\/span><\/span><\/p>\n<p style=\"text-align: justify;\"><span style=\"font-size: 10pt;\"><span style=\"font-family: verdana, geneva;\">Dalla voce del presidente dell\u2019Associazione, il <strong>Maestro Raffaele Pagliaruli<\/strong>, abbiamo voluto dedicare maggiore attenzione alla questione per la quale, durante una riunione in sede comunale, l\u2019Ass. \u201cMaria SS. Ausiliatrice\u201d decise di declinare l\u2019invito a collaborare e lasciare tutta l\u2019organizzazione del progetto alla sola Associazione C. M. \u201cOrpheo\u201d.<\/span><\/span><\/p>\n<p style=\"text-align: justify;\"><span style=\"font-size: 10pt;\"><span style=\"font-family: verdana, geneva;\">\u201cI destinatari di questo progetto, che sar\u00e0 realizzato da me, Direttore Artistico, Livio Lerede che curer\u00e0 il settore Amministrativo e la collaborazione delle altre associazioni turesi come la \u2018Maria SS. Ausiliatrice\u2019 e la \u2018Magia Sonora\u2019 sar\u00e0 indirizzato anche ai ragazzi che, inesperti, hanno passione ed interesse nei confronti della musica \u2013 sottolinea il M. Pagliaruli. Tutti i residenti dei quattro comuni interessati dal progetto potranno partecipare al bando che a breve sar\u00e0 disposto ed una commissione formata da noi musicisti selezioner\u00e0 i partecipanti. In totale saranno 60\u201d.<\/span><\/span><\/p>\n<p style=\"text-align: justify;\"><span style=\"font-size: 10pt;\"><span style=\"font-family: verdana, geneva;\">Ad ognuno di loro, come leggiamo dalla stessa delibera, verr\u00e0 consegnata una borsa di studio pari a 300 \u20ac. L&#8217;intero importo affidato all&#8217;associazione musicale turese sar\u00e0 indirizzato al pagamento dei maestri impegnati nel percorso formativo e agli stages che nel corso dei mesi verranno realizzati.<\/span><\/span><\/p>\n<p style=\"text-align: justify;\"><span style=\"font-size: 10pt;\"><span style=\"font-family: verdana, geneva;\">&#8220;Rispetto al progetto presentato inizialmente ci sono diverse modifiche che verranno inserite, come il numero degli strumenti o la presenza di un maestro di canto lirico. Vorrei sottolineare &#8211; aggiunge Raffaele Pagliaruli &#8211; che il nostro obiettivo \u00e8 invitare un Maestro esterno ai 4 comuni interessati al progetto; super partes e che sappia offrire non solo professionalit\u00e0, ma anche equit\u00e0 e pari opportunit\u00e0 a tutti i partecipanti. Abbiamo gi\u00e0 individuato alcuni nomi, ma nulla di definitivo.&#8221;<\/span><\/span><\/p>\n<p style=\"text-align: justify;\"><span style=\"font-size: 10pt;\"><span style=\"font-family: verdana, geneva;\">Aspetto pi\u00f9 importante di questo grande progetto intercomunale \u00e8 la possibilit\u00e0 che viene conferita a molti ragazzi di poter suonare ed entrare in un&#8217;orchestra, direttamente guidati da esperti musicisti. &#8220;Se il progetto ottiene un buon risultato e viene apprezzato il nostro lavoro, ci piacerebbe ripetere questa esperienza che non potevamo lasciarci sfuggire. Raramente vengono offerte delle possibilit\u00e0 economiche alla cultura. Ci impegneremo a realizzarlo nel migliore<\/span><\/span><span style=\"font-family: verdana, geneva; font-size: 13px;\"> dei modi<\/span><span style=\"font-family: verdana, geneva; font-size: 13px;\">&#8220;. Ultima considerazione, conclude il Maestro Paglairuli, \u00e8 il nostro ringraziamento a chi, effettivame<\/span><span style=\"font-family: verdana, geneva; font-size: 13px;\">n<\/span><span style=\"font-family: verdana, geneva; font-size: 13px;\">te, si \u00e8 impegnatonel realizzare e progettare tale piano. &#8220;Ringraziamo le progettiste Teresa Leone, Clelia Menelao e Rosangela Valenzano dello Studio Acm\u00e8 di Rutigliano, senza il cui lavoro non si poteva realizzare questa importante finestra musicale sulle nostre cittadine&#8221;.<\/span><\/p>\n","protected":false},"excerpt":{"rendered":"<p><img loading=\"lazy\" decoding=\"async\" class=\" size-full wp-image-4003\" alt=\"orpheo_orchestra\" height=\"150\" width=\"320\" src=\"https:\/\/archivioturi.lavocedelpaese.info\/wp-content\/uploads\/2010\/12\/orpheo_orchestra.jpg\" \/> <\/p>\n","protected":false},"author":1,"featured_media":4003,"comment_status":"open","ping_status":"closed","sticky":false,"template":"","format":"standard","meta":{"colormag_page_container_layout":"default_layout","colormag_page_sidebar_layout":"default_layout","footnotes":""},"categories":[6],"tags":[],"class_list":["post-5430","post","type-post","status-publish","format-standard","has-post-thumbnail","hentry","category-cultura"],"_links":{"self":[{"href":"https:\/\/archivioturi.lavocedelpaese.info\/index.php\/wp-json\/wp\/v2\/posts\/5430","targetHints":{"allow":["GET"]}}],"collection":[{"href":"https:\/\/archivioturi.lavocedelpaese.info\/index.php\/wp-json\/wp\/v2\/posts"}],"about":[{"href":"https:\/\/archivioturi.lavocedelpaese.info\/index.php\/wp-json\/wp\/v2\/types\/post"}],"author":[{"embeddable":true,"href":"https:\/\/archivioturi.lavocedelpaese.info\/index.php\/wp-json\/wp\/v2\/users\/1"}],"replies":[{"embeddable":true,"href":"https:\/\/archivioturi.lavocedelpaese.info\/index.php\/wp-json\/wp\/v2\/comments?post=5430"}],"version-history":[{"count":0,"href":"https:\/\/archivioturi.lavocedelpaese.info\/index.php\/wp-json\/wp\/v2\/posts\/5430\/revisions"}],"wp:featuredmedia":[{"embeddable":true,"href":"https:\/\/archivioturi.lavocedelpaese.info\/index.php\/wp-json\/wp\/v2\/media\/4003"}],"wp:attachment":[{"href":"https:\/\/archivioturi.lavocedelpaese.info\/index.php\/wp-json\/wp\/v2\/media?parent=5430"}],"wp:term":[{"taxonomy":"category","embeddable":true,"href":"https:\/\/archivioturi.lavocedelpaese.info\/index.php\/wp-json\/wp\/v2\/categories?post=5430"},{"taxonomy":"post_tag","embeddable":true,"href":"https:\/\/archivioturi.lavocedelpaese.info\/index.php\/wp-json\/wp\/v2\/tags?post=5430"}],"curies":[{"name":"wp","href":"https:\/\/api.w.org\/{rel}","templated":true}]}}