{"id":5420,"date":"2011-02-25T11:20:56","date_gmt":"2011-02-25T11:20:56","guid":{"rendered":"https:\/\/archivioturi.lavocedelpaese.info\/index.php\/2011\/02\/25\/padre-eugenio-astori-guida-le-quarantore-alloratorio\/"},"modified":"2011-02-25T11:20:56","modified_gmt":"2011-02-25T11:20:56","slug":"padre-eugenio-astori-guida-le-quarantore-alloratorio","status":"publish","type":"post","link":"https:\/\/archivioturi.lavocedelpaese.info\/index.php\/2011\/02\/25\/padre-eugenio-astori-guida-le-quarantore-alloratorio\/","title":{"rendered":"PADRE EUGENIO  ASTORI GUIDA LE QUARANTORE ALL\u2019ORATORIO"},"content":{"rendered":"<p><img loading=\"lazy\" decoding=\"async\" class=\" size-full wp-image-5418\" src=\"https:\/\/archivioturi.lavocedelpaese.info\/wp-content\/uploads\/2011\/02\/padre_astori_2.jpg\" alt=\"padre_astori_2\" height=\"150\" width=\"320\" srcset=\"https:\/\/archivioturi.lavocedelpaese.info\/wp-content\/uploads\/2011\/02\/padre_astori_2.jpg 640w, https:\/\/archivioturi.lavocedelpaese.info\/wp-content\/uploads\/2011\/02\/padre_astori_2-300x141.jpg 300w\" sizes=\"auto, (max-width: 320px) 100vw, 320px\" \/> <\/p>\n<div style=\"text-align: justify;\"><span style=\"font-size: 10pt;\"><span style=\"font-family: verdana, geneva;\">Nella liturgia cattolica le Quarantore sono la rievocazione del periodo che intercorre tra la morte di Ges\u00f9, il venerd\u00ec pomeriggio, e la sua resurrezione, all\u2019alba della domenica mattina. Nella Bibbia il numero 40 ricorre spesso, accostato a situazioni di prova, di isolamento, di esercizio e di attesa.<\/span><\/span><\/div>\n<div style=\"text-align: justify;\"><span style=\"font-size: 10pt;\"><span style=\"font-family: verdana, geneva;\">Il diluvio universale (Gen 7,17) dura quaranta giorni; \u00e8 un arco di tempo molto preciso a significare che il diluvio \u00e8 durato il tempo necessario affinch\u00e8 i sopravvissuti fossero pronti a una nuova vita sulla terra.\u00a0Quaranta giorni trascorre Ges\u00f9 nel deserto (Mc 1,12) prima di affrontare il suo ministero pubblico. Sono quaranta invece le ore che Ges\u00f9 trascorre nella morte, vivendo cos\u00ec\u00a0 l\u2019ultima vicenda terrena e \u201cumana\u201d. La Chiesa ha nei secoli tenuto a ricordare\u00a0<strong>questo tempo molto particolare<\/strong> in cui Ges\u00f9 \u00e8 contemporaneamente morto come uomo e vivo come Dio. Nel 1546 le prime Quarantore di cui abbiamo notizia furono celebrate a Bologna, da allora ogni anno fino ad oggi la Chiesa pratica <strong>quaranta ore di adorazione eucaristica<\/strong>, ore di preghiera che spesso si snodano in diverse chiese della stessa citt\u00e0, in una sorta di staffetta di preghiera che vede tutta la comunit\u00e0 impegnata nell\u2019adorazione e nella riflessione. Tradizionalmente le Quarantore si vivono <strong>nel periodo che precede il mercoled\u00ec delle ceneri<\/strong> e dunque l\u2019inizio di Quaresima.<\/span><\/span><\/div>\n<p><span style=\"font-size: 10pt;\"><span style=\"font-family: verdana, geneva;\"><strong><img loading=\"lazy\" decoding=\"async\" class=\" alignright size-full wp-image-5419\" style=\"margin-top: 10px; margin-bottom: 10px; margin-left: 10px; float: right;\" alt=\"padre_astori_1\" src=\"https:\/\/archivioturi.lavocedelpaese.info\/wp-content\/uploads\/2011\/02\/padre_astori_1.jpg\" height=\"448\" width=\"336\" srcset=\"https:\/\/archivioturi.lavocedelpaese.info\/wp-content\/uploads\/2011\/02\/padre_astori_1.jpg 336w, https:\/\/archivioturi.lavocedelpaese.info\/wp-content\/uploads\/2011\/02\/padre_astori_1-225x300.jpg 225w\" sizes=\"auto, (max-width: 336px) 100vw, 336px\" \/><\/p>\n<div style=\"text-align: justify;\"><span style=\"font-weight: normal;\"><strong>Anche a Turi<\/strong>, come ogni anno, ogni chiesa ha preso parte alla liturgia delle Quarantore, dedicando tre giornate all\u2019esposizione di Ges\u00f9 Eucarestia e alla preghiera comunitaria. \u201cGuardare l\u2019Ostia per vederLo! \u2013 ci spiega cos\u00ec la liturgia delle Quarantore l\u2019arciprete <strong>don Giovanni Amodio<\/strong> \u2013 Chi teme il Signore abiter\u00e0 nella sua casa (Sal 14). Guardare l\u2019Ostia, quindi, per prendere confidenza con Ges\u00f9. Parlare di continuo con Lui per sentirsi sempre pi\u00f9 a casa Sua.\u201d<\/span><\/div>\n<p><\/strong><\/span><\/span><\/p>\n<p style=\"text-align: justify;\"><span style=\"font-size: 10pt;\"><span style=\"font-family: verdana, geneva;\">Le Quarantore sono cominciate il 14 febbraio nella chiesa di Nostra Signora di Lourdes, hanno poi toccato la chiesa di San Domenico e di Santa Chiara. Il 24 febbraio il testimone \u00e8 passato alla chiesa di Santa Maria Ausiliatrice. <strong>Don Maurizio Caldararo<\/strong> ha voluto, come ogni anno, arricchire questo momento con appuntamenti di preghiera e condivisione. Fino a sabato 26 a partire dalla S. Messa delle 8,30, la giornata si snoder\u00e0 con la tradizionale catechesi delle mamme, pensata appunto per le mamme che si fermano in chiesa dopo aver accompagnato i bambini a scuola. Alle 12 ci sar\u00e0 l\u2019Angelus, e la sera il rosario e i Vespri. <strong>Venerd\u00ec a partire dalle 20<\/strong> sar\u00e0 celebrata la veglia eucaristica.<\/span><\/span><\/p>\n<p style=\"text-align: justify;\"><span style=\"font-size: 10pt;\"><span style=\"font-family: verdana, geneva;\">Durante tutta la giornata saranno disponibili sacerdoti per le confessioni. <strong>Guider\u00e0 la preghiera padre Eugenio Astori<\/strong>, sacramentino. Segretario dei congressi eucaristici italiani e autore di diversi volumi e sussidi per la preghiera, ultima la guida spirituale per il congresso eucaristico di che si terr\u00e0 a settembre ad Ancona \u201cOtto schemi per la preghiera davanti all\u2019Eucarestia. <strong>Signore da chi andremo?<\/strong> Ges\u00f9 pane di vita\u201d, sar\u00e0 gradito ospite della comunit\u00e0 turese.<\/span><\/span><\/p>\n<p style=\"text-align: justify;\"><span style=\"font-size: 10pt;\"><span style=\"font-family: verdana, geneva;\">Le Quarantore continueranno a partire dalle 8,30, fino alla benedizione eucaristica delle 18,30 presso la chiesa di <strong>San Giovanni dal 28 febbraio al 2 marzo<\/strong>, per concludersi in <strong>Chiesa Madre dal 3 al 5 marzo<\/strong>.<\/span><\/span><\/p>\n","protected":false},"excerpt":{"rendered":"<p><img loading=\"lazy\" decoding=\"async\" class=\" size-full wp-image-5418\" src=\"https:\/\/archivioturi.lavocedelpaese.info\/wp-content\/uploads\/2011\/02\/padre_astori_2.jpg\" alt=\"padre_astori_2\" height=\"150\" width=\"320\" srcset=\"https:\/\/archivioturi.lavocedelpaese.info\/wp-content\/uploads\/2011\/02\/padre_astori_2.jpg 640w, https:\/\/archivioturi.lavocedelpaese.info\/wp-content\/uploads\/2011\/02\/padre_astori_2-300x141.jpg 300w\" sizes=\"auto, (max-width: 320px) 100vw, 320px\" \/> <\/p>\n","protected":false},"author":1,"featured_media":5418,"comment_status":"open","ping_status":"closed","sticky":false,"template":"","format":"standard","meta":{"colormag_page_container_layout":"default_layout","colormag_page_sidebar_layout":"default_layout","footnotes":""},"categories":[6],"tags":[],"class_list":["post-5420","post","type-post","status-publish","format-standard","has-post-thumbnail","hentry","category-cultura"],"_links":{"self":[{"href":"https:\/\/archivioturi.lavocedelpaese.info\/index.php\/wp-json\/wp\/v2\/posts\/5420","targetHints":{"allow":["GET"]}}],"collection":[{"href":"https:\/\/archivioturi.lavocedelpaese.info\/index.php\/wp-json\/wp\/v2\/posts"}],"about":[{"href":"https:\/\/archivioturi.lavocedelpaese.info\/index.php\/wp-json\/wp\/v2\/types\/post"}],"author":[{"embeddable":true,"href":"https:\/\/archivioturi.lavocedelpaese.info\/index.php\/wp-json\/wp\/v2\/users\/1"}],"replies":[{"embeddable":true,"href":"https:\/\/archivioturi.lavocedelpaese.info\/index.php\/wp-json\/wp\/v2\/comments?post=5420"}],"version-history":[{"count":0,"href":"https:\/\/archivioturi.lavocedelpaese.info\/index.php\/wp-json\/wp\/v2\/posts\/5420\/revisions"}],"wp:featuredmedia":[{"embeddable":true,"href":"https:\/\/archivioturi.lavocedelpaese.info\/index.php\/wp-json\/wp\/v2\/media\/5418"}],"wp:attachment":[{"href":"https:\/\/archivioturi.lavocedelpaese.info\/index.php\/wp-json\/wp\/v2\/media?parent=5420"}],"wp:term":[{"taxonomy":"category","embeddable":true,"href":"https:\/\/archivioturi.lavocedelpaese.info\/index.php\/wp-json\/wp\/v2\/categories?post=5420"},{"taxonomy":"post_tag","embeddable":true,"href":"https:\/\/archivioturi.lavocedelpaese.info\/index.php\/wp-json\/wp\/v2\/tags?post=5420"}],"curies":[{"name":"wp","href":"https:\/\/api.w.org\/{rel}","templated":true}]}}