{"id":5400,"date":"2011-02-23T07:37:35","date_gmt":"2011-02-23T07:37:35","guid":{"rendered":"https:\/\/archivioturi.lavocedelpaese.info\/index.php\/2011\/02\/23\/di-venere-presidente-alla-ricerca-di-un-comitato\/"},"modified":"2011-02-23T07:37:35","modified_gmt":"2011-02-23T07:37:35","slug":"di-venere-presidente-alla-ricerca-di-un-comitato","status":"publish","type":"post","link":"https:\/\/archivioturi.lavocedelpaese.info\/index.php\/2011\/02\/23\/di-venere-presidente-alla-ricerca-di-un-comitato\/","title":{"rendered":"DI VENERE PRESIDENTE ALLA RICERCA DI UN COMITATO"},"content":{"rendered":"<p><img loading=\"lazy\" decoding=\"async\" class=\" size-full wp-image-5399\" alt=\"santo\" height=\"150\" width=\"320\" src=\"https:\/\/archivioturi.lavocedelpaese.info\/wp-content\/uploads\/2011\/02\/santo.jpg\" srcset=\"https:\/\/archivioturi.lavocedelpaese.info\/wp-content\/uploads\/2011\/02\/santo.jpg 640w, https:\/\/archivioturi.lavocedelpaese.info\/wp-content\/uploads\/2011\/02\/santo-300x141.jpg 300w\" sizes=\"auto, (max-width: 320px) 100vw, 320px\" \/> <\/p>\n<div id=\"_mcePaste\" style=\"position: absolute; left: -10000px; top: 0px; width: 1px; height: 1px; overflow-x: hidden; overflow-y: hidden;\">Torniamo ad occuparci della nostra amata Festa di Sant\u2019Oronzo. Ventrella, (si sempre lui!), si era proposto<\/div>\n<div id=\"_mcePaste\" style=\"position: absolute; left: -10000px; top: 0px; width: 1px; height: 1px; overflow-x: hidden; overflow-y: hidden;\">come futuro Presidente, ma il Sindaco, dopo averlo chiamato a rapporto, aveva motivato l\u2019impossibilit\u00e0<\/div>\n<div id=\"_mcePaste\" style=\"position: absolute; left: -10000px; top: 0px; width: 1px; height: 1px; overflow-x: hidden; overflow-y: hidden;\">dell\u2019affidamento poich\u00e9 a Di Venere era gi\u00e0 stata inviata una proposta. Voci attendibili ci raccontano che Di<\/div>\n<div id=\"_mcePaste\" style=\"position: absolute; left: -10000px; top: 0px; width: 1px; height: 1px; overflow-x: hidden; overflow-y: hidden;\">Venere sarebbe intenzionato ad accettare al 99%. Si, al 99% perch\u00e9 sembra che chi non accetterebbe pi\u00f9<\/div>\n<div id=\"_mcePaste\" style=\"position: absolute; left: -10000px; top: 0px; width: 1px; height: 1px; overflow-x: hidden; overflow-y: hidden;\">di rimboccarsi le maniche \u00e8 il vecchio Comitato che sembra confermare le dimissioni: \u201cabbiamo percorso<\/div>\n<div id=\"_mcePaste\" style=\"position: absolute; left: -10000px; top: 0px; width: 1px; height: 1px; overflow-x: hidden; overflow-y: hidden;\">e completato un ciclo \u00e8 giunto il tempo di innovare\u201d. Un discorso che non fa una grinza, ma i fedelissimi<\/div>\n<div id=\"_mcePaste\" style=\"position: absolute; left: -10000px; top: 0px; width: 1px; height: 1px; overflow-x: hidden; overflow-y: hidden;\">di \u201cMarinuccio\u201d lavoravano e tanto dietro le quinte e la loro assenza si potrebbe far sentire in modo<\/div>\n<div id=\"_mcePaste\" style=\"position: absolute; left: -10000px; top: 0px; width: 1px; height: 1px; overflow-x: hidden; overflow-y: hidden;\">determinante nell\u2019organizzazione. Abbiamo provato a scavare e osservare in fondo e chiesto quali sono<\/div>\n<div id=\"_mcePaste\" style=\"position: absolute; left: -10000px; top: 0px; width: 1px; height: 1px; overflow-x: hidden; overflow-y: hidden;\">le vere motivazioni: \u201cci siamo anche stancati dopo tanti anni ed \u00e8 giusto che si cambi\u201d \u2013 e cos\u00ec &#8211; \u201cda tanti<\/div>\n<div id=\"_mcePaste\" style=\"position: absolute; left: -10000px; top: 0px; width: 1px; height: 1px; overflow-x: hidden; overflow-y: hidden;\">anni si pensa e si comunica che sar\u00e0 l\u2019ultimo anno, e poi si continua sempre\u201d. Non manca anche qualche<\/div>\n<div id=\"_mcePaste\" style=\"position: absolute; left: -10000px; top: 0px; width: 1px; height: 1px; overflow-x: hidden; overflow-y: hidden;\">velato attacco nel sottofondo: \u201cil Comandante dei Vigili Cassano invece di aiutarci&#8230;\u201d. Burocrazia e non<\/div>\n<div id=\"_mcePaste\" style=\"position: absolute; left: -10000px; top: 0px; width: 1px; height: 1px; overflow-x: hidden; overflow-y: hidden;\">solo. Il Comitato o gran parte di esso non ci sar\u00e0 pi\u00f9. E Di Venere cosa far\u00e0? La Giunta Gigantelli sa gi\u00e0 che<\/div>\n<div id=\"_mcePaste\" style=\"position: absolute; left: -10000px; top: 0px; width: 1px; height: 1px; overflow-x: hidden; overflow-y: hidden;\">quest\u2019ultimo Sant\u2019Oronzo precede le elezioni del 2012 e alcune voci ipotizzano che non pi\u00f9 20 mila ma<\/div>\n<div id=\"_mcePaste\" style=\"position: absolute; left: -10000px; top: 0px; width: 1px; height: 1px; overflow-x: hidden; overflow-y: hidden;\">quasi 40-50 mila euro potrebbero essere affidati al Presidente per poter mantenere una \u201cFesta Grande\u201d<\/div>\n<div id=\"_mcePaste\" style=\"position: absolute; left: -10000px; top: 0px; width: 1px; height: 1px; overflow-x: hidden; overflow-y: hidden;\">invidiata e ammirata da tutti i Comuni limitrofi. Ma resta il problema Comitato? Chi aiuterebbe Di Venere?<\/div>\n<div id=\"_mcePaste\" style=\"position: absolute; left: -10000px; top: 0px; width: 1px; height: 1px; overflow-x: hidden; overflow-y: hidden;\">Potrebbe rientrare dalla finestra Natalino? \u201cNon siamo la ruota di scorda di nessuno\u201d \u2013 deciso afferma<\/div>\n<div id=\"_mcePaste\" style=\"position: absolute; left: -10000px; top: 0px; width: 1px; height: 1px; overflow-x: hidden; overflow-y: hidden;\">Natalino e il suo gruppo di amici \u2013 \u201cabbiamo fatto un passo indietro come ci ha chiesto il Sindaco e non<\/div>\n<div id=\"_mcePaste\" style=\"position: absolute; left: -10000px; top: 0px; width: 1px; height: 1px; overflow-x: hidden; overflow-y: hidden;\">abbiamo pi\u00f9 nessun interesse\u201d. E dopo un tale rifiuto cosa potrebbe accadere al sensibilissimo Ago della<\/div>\n<div id=\"_mcePaste\" style=\"position: absolute; left: -10000px; top: 0px; width: 1px; height: 1px; overflow-x: hidden; overflow-y: hidden;\">Bilancia Ventrella?<\/div>\n<p style=\"text-align: justify;\"><span style=\"font-size: 10pt;\"><span style=\"font-family: verdana, geneva;\">Torniamo ad occuparci della nostra amata Festa di Sant\u2019Oronzo. <\/span><\/span><\/p>\n<p>\u00a0<\/p>\n<div style=\"text-align: justify;\"><span style=\"font-size: 10pt;\"><span style=\"font-family: verdana, geneva;\">Ventrella, (si sempre lui!), si era proposto <\/span><\/span><span style=\"font-family: verdana, geneva; font-size: 13px;\">come futuro Presidente, ma il Sindaco, dopo averlo chiamato a rapporto, aveva motivato l\u2019impossibilit\u00e0 <\/span><span style=\"font-family: verdana, geneva; font-size: 13px;\">dell\u2019affidamento poich\u00e9 a Di Venere era gi\u00e0 stata inviata una proposta.<\/span><\/div>\n<p><span><\/p>\n<div style=\"text-align: justify;\"><span style=\"font-family: verdana, geneva; font-size: 13px;\">Voci attendibili ci raccontano che Di <\/span><span style=\"font-family: verdana, geneva; font-size: 13px;\">Venere sarebbe intenzionato ad accettare al 99%. Si, al 99% perch\u00e9 sembra che chi non accetterebbe pi\u00f9 <\/span><span style=\"font-size: 10pt;\"><span style=\"font-family: verdana, geneva;\">di rimboccarsi le maniche \u00e8 il <strong>vecchio Comitato che sembra confermare le dimissioni<\/strong>: \u201cabbiamo percorso <\/span><\/span><span style=\"font-family: verdana, geneva; font-size: 13px;\">e completato un ciclo \u00e8 giunto il tempo di innovare\u201d.<\/span><\/div>\n<p><\/span><span><\/p>\n<p style=\"text-align: justify;\"><span style=\"font-family: verdana, geneva; font-size: 13px;\">Un discorso che non fa una grinza, ma i fedelissimi <\/span><span style=\"font-family: verdana, geneva; font-size: 13px;\">di \u201cMarinuccio\u201d lavoravano e tanto dietro le quinte e la loro assenza si potrebbe far sentire in modo <\/span><span style=\"font-family: verdana, geneva; font-size: 13px;\">determinante nell\u2019organizzazione. Abbiamo provato a scavare e osservare in fondo e chiesto quali sono <\/span><span style=\"font-family: verdana, geneva; font-size: 13px;\">le vere motivazioni: \u201cci siamo anche stancati dopo tanti anni ed \u00e8 giusto che si cambi\u201d \u2013 e cos\u00ec &#8211; \u201cda tanti <\/span><span style=\"font-family: verdana, geneva; font-size: 13px;\">anni si pensa e si comunica che sar\u00e0 l\u2019ultimo anno, e poi si continua sempre\u201d. Non manca anche qualche <\/span><span style=\"font-family: verdana, geneva; font-size: 13px;\">velato attacco nel sottofondo: \u201cil Comandante dei Vigili Cassano invece di aiutarci&#8230;\u201d.<\/span><\/p>\n<p><\/span><\/p>\n<p>\u00a0<\/p>\n<p style=\"text-align: justify;\"><span style=\"font-family: verdana, geneva; font-size: 13px;\">Burocrazia e non <\/span><span style=\"font-family: verdana, geneva; font-size: 13px;\">solo. Il Comitato o gran parte di esso non ci sar\u00e0 pi\u00f9. E Di Venere cosa far\u00e0? La Giunta Gigantelli sa gi\u00e0 che <\/span><span style=\"font-family: verdana, geneva; font-size: 13px;\">quest\u2019ultimo Sant\u2019Oronzo precede le elezioni del 2012 e alcune voci ipotizzano che non pi\u00f9 20 mila ma <\/span><span style=\"font-family: verdana, geneva; font-size: 13px;\">quasi 40-50 mila euro potrebbero essere affidati al Presidente per poter mantenere una \u201cFesta Grande\u201d <\/span><span style=\"font-family: verdana, geneva; font-size: 13px;\">invidiata e ammirata da tutti i Comuni limitrofi. Ma resta il problema Comitato? Chi aiuterebbe Di Venere?<\/span><\/p>\n<p style=\"text-align: justify;\"><span style=\"font-size: 10pt;\"><span style=\"font-family: verdana, geneva;\">Potrebbe rientrare dalla finestra Natalino? \u201cNon siamo la ruota di scorta di nessuno\u201d \u2013 deciso afferma <\/span><\/span><span style=\"font-family: verdana, geneva; font-size: 13px;\">Natalino e il suo gruppo di amici \u2013 \u201cabbiamo fatto un passo indietro come ci ha chiesto il Sindaco e non <\/span><span style=\"font-family: verdana, geneva; font-size: 13px;\">abbiamo pi\u00f9 nessun interesse\u201d. E dopo un tale rifiuto cosa potrebbe accadere al sensibilissimo Ago della <\/span><span style=\"font-family: verdana, geneva; font-size: 13px;\">Bilancia Ventrella?<\/span><\/p>\n<p>\u00a0<\/p>\n","protected":false},"excerpt":{"rendered":"<p><img loading=\"lazy\" decoding=\"async\" class=\" size-full wp-image-5399\" alt=\"santo\" height=\"150\" width=\"320\" src=\"https:\/\/archivioturi.lavocedelpaese.info\/wp-content\/uploads\/2011\/02\/santo.jpg\" srcset=\"https:\/\/archivioturi.lavocedelpaese.info\/wp-content\/uploads\/2011\/02\/santo.jpg 640w, https:\/\/archivioturi.lavocedelpaese.info\/wp-content\/uploads\/2011\/02\/santo-300x141.jpg 300w\" sizes=\"auto, (max-width: 320px) 100vw, 320px\" \/> <\/p>\n","protected":false},"author":1,"featured_media":5399,"comment_status":"open","ping_status":"closed","sticky":false,"template":"","format":"standard","meta":{"colormag_page_container_layout":"default_layout","colormag_page_sidebar_layout":"default_layout","footnotes":""},"categories":[7],"tags":[],"class_list":["post-5400","post","type-post","status-publish","format-standard","has-post-thumbnail","hentry","category-attualita"],"_links":{"self":[{"href":"https:\/\/archivioturi.lavocedelpaese.info\/index.php\/wp-json\/wp\/v2\/posts\/5400","targetHints":{"allow":["GET"]}}],"collection":[{"href":"https:\/\/archivioturi.lavocedelpaese.info\/index.php\/wp-json\/wp\/v2\/posts"}],"about":[{"href":"https:\/\/archivioturi.lavocedelpaese.info\/index.php\/wp-json\/wp\/v2\/types\/post"}],"author":[{"embeddable":true,"href":"https:\/\/archivioturi.lavocedelpaese.info\/index.php\/wp-json\/wp\/v2\/users\/1"}],"replies":[{"embeddable":true,"href":"https:\/\/archivioturi.lavocedelpaese.info\/index.php\/wp-json\/wp\/v2\/comments?post=5400"}],"version-history":[{"count":0,"href":"https:\/\/archivioturi.lavocedelpaese.info\/index.php\/wp-json\/wp\/v2\/posts\/5400\/revisions"}],"wp:featuredmedia":[{"embeddable":true,"href":"https:\/\/archivioturi.lavocedelpaese.info\/index.php\/wp-json\/wp\/v2\/media\/5399"}],"wp:attachment":[{"href":"https:\/\/archivioturi.lavocedelpaese.info\/index.php\/wp-json\/wp\/v2\/media?parent=5400"}],"wp:term":[{"taxonomy":"category","embeddable":true,"href":"https:\/\/archivioturi.lavocedelpaese.info\/index.php\/wp-json\/wp\/v2\/categories?post=5400"},{"taxonomy":"post_tag","embeddable":true,"href":"https:\/\/archivioturi.lavocedelpaese.info\/index.php\/wp-json\/wp\/v2\/tags?post=5400"}],"curies":[{"name":"wp","href":"https:\/\/api.w.org\/{rel}","templated":true}]}}