{"id":5394,"date":"2011-02-22T14:26:03","date_gmt":"2011-02-22T14:26:03","guid":{"rendered":"https:\/\/archivioturi.lavocedelpaese.info\/index.php\/2011\/02\/22\/suicidio-varese-pugliese-giornata-da-dimenticare\/"},"modified":"2011-02-22T14:26:03","modified_gmt":"2011-02-22T14:26:03","slug":"suicidio-varese-pugliese-giornata-da-dimenticare","status":"publish","type":"post","link":"https:\/\/archivioturi.lavocedelpaese.info\/index.php\/2011\/02\/22\/suicidio-varese-pugliese-giornata-da-dimenticare\/","title":{"rendered":"SUICIDIO VARESE, PUGLIESE GIORNATA DA DIMENTICARE"},"content":{"rendered":"<p><img loading=\"lazy\" decoding=\"async\" class=\" size-full wp-image-2075\" src=\"https:\/\/archivioturi.lavocedelpaese.info\/wp-content\/uploads\/2010\/05\/gepi_pugliese.jpg\" width=\"320\" height=\"150\" alt=\"gepi_pugliese\" srcset=\"https:\/\/archivioturi.lavocedelpaese.info\/wp-content\/uploads\/2010\/05\/gepi_pugliese.jpg 640w, https:\/\/archivioturi.lavocedelpaese.info\/wp-content\/uploads\/2010\/05\/gepi_pugliese-300x141.jpg 300w\" sizes=\"auto, (max-width: 320px) 100vw, 320px\" \/> <\/p>\n<p style=\"text-align: justify;\"><strong><span style=\"font-size: 10pt;\"><span style=\"font-family: verdana, geneva;\">Varese \u2013 Frosinone 3-3 (2-0)<\/span><\/span><\/strong><\/p>\n<p style=\"text-align: justify;\"><span style=\"font-size: 10pt;\"><span style=\"font-family: verdana, geneva;\">Il calcio \u00e8 bello perch\u00e9 \u00e8 imprevedibile. Ci sono giornate in cui ti riesce tutto, mentre altre in cui devi digerire una delusione. Ne sa qualcosa il Varese che nel posticipo della 27esima giornata si fa rimontare dal 3-1 al 3-3 nei minuti finali della gara. Gepi Pugliese gioca una buona partita, ma, purtroppo, ha sulla coscienza due dei tre gol degli ospiti. In realt\u00e0 la colpa \u00e8 da attribuire a tutto il reparto difensivo, anche se il neo entrato Cesaretti (Frosinone) nel secondo tempo ha creato diversi problemi sulla fascia sinistra del Varese. La Gazzetta dello Sport punisce Gepi con un 5 in pagella, attribuendo proprio a lui la responsabilit\u00e0 dei due gol. Peccato per qui due episodi, perch\u00e9 il terzino turese ha giocato una buona gara ed ha rischiato di segnare anche un gol. Siamo sicuri in un pronto riscatto nella prossima gara a Novara.<\/span><\/span><\/p>\n<p style=\"text-align: justify;\"><span style=\"font-size: 10pt;\"><span style=\"font-family: verdana, geneva;\">Il risultato finale non \u00e8 tutto sommato clamoroso, visto che i primi due gol del Varese nel primo tempo sono stati due regali della difesa frusinate, con Neto Pereira (Varese) implacabile sotto porta. Nella ripresa il Frosinone accorcia con Cesaretti (Frosinone), ma subisce ancora il 3-1 firmato da Correa (Varese). Forse appagati dal risultato, il Varese rallenta il gioco e permette negli ultimi dieci minuti di gioco la rimonta del Frosinone, firmato prima da Stellone, poi ancora da Cesaretti.<\/span><\/span><\/p>\n<p style=\"text-align: justify;\"><span style=\"font-size: 10pt;\"><span style=\"font-family: verdana, geneva;\">La situazione di classifica vede il Varese ancora in quarta posizione con 44 punti, dietro Atalanta, Novara e Siena. La Reggina, in quinta posizione, insegue a cinque punti dai biancorossi.<\/span><\/span><\/p>\n<p style=\"text-align: justify;\"><strong><span style=\"font-size: 10pt;\"><span style=\"font-family: verdana, geneva;\">Prossima giornata \u2013 28\u00b0 Giornata<\/span><\/span><\/strong><\/p>\n<p style=\"text-align: justify;\"><strong><span style=\"font-size: 10pt;\"><span style=\"font-family: verdana, geneva;\">Novara \u2013 Varese (sabato 26 febbraio ore 15)<\/span><\/span><\/strong><\/p>\n<p style=\"text-align: justify;\"><strong><span style=\"font-size: 10pt;\"><span style=\"font-family: verdana, geneva;\"><img loading=\"lazy\" decoding=\"async\" class=\" size-full wp-image-5393\" src=\"https:\/\/archivioturi.lavocedelpaese.info\/wp-content\/uploads\/2011\/02\/Varese-Frosino.jpg\" width=\"696\" height=\"541\" alt=\"Varese-Frosino\" srcset=\"https:\/\/archivioturi.lavocedelpaese.info\/wp-content\/uploads\/2011\/02\/Varese-Frosino.jpg 696w, https:\/\/archivioturi.lavocedelpaese.info\/wp-content\/uploads\/2011\/02\/Varese-Frosino-300x233.jpg 300w\" sizes=\"auto, (max-width: 696px) 100vw, 696px\" \/><\/span><\/span><\/strong><\/p>\n","protected":false},"excerpt":{"rendered":"<p><img loading=\"lazy\" decoding=\"async\" class=\" size-full wp-image-2075\" src=\"https:\/\/archivioturi.lavocedelpaese.info\/wp-content\/uploads\/2010\/05\/gepi_pugliese.jpg\" width=\"320\" height=\"150\" alt=\"gepi_pugliese\" srcset=\"https:\/\/archivioturi.lavocedelpaese.info\/wp-content\/uploads\/2010\/05\/gepi_pugliese.jpg 640w, https:\/\/archivioturi.lavocedelpaese.info\/wp-content\/uploads\/2010\/05\/gepi_pugliese-300x141.jpg 300w\" sizes=\"auto, (max-width: 320px) 100vw, 320px\" \/> <\/p>\n","protected":false},"author":1,"featured_media":2075,"comment_status":"open","ping_status":"closed","sticky":false,"template":"","format":"standard","meta":{"colormag_page_container_layout":"default_layout","colormag_page_sidebar_layout":"default_layout","footnotes":""},"categories":[5],"tags":[],"class_list":["post-5394","post","type-post","status-publish","format-standard","has-post-thumbnail","hentry","category-sport"],"_links":{"self":[{"href":"https:\/\/archivioturi.lavocedelpaese.info\/index.php\/wp-json\/wp\/v2\/posts\/5394","targetHints":{"allow":["GET"]}}],"collection":[{"href":"https:\/\/archivioturi.lavocedelpaese.info\/index.php\/wp-json\/wp\/v2\/posts"}],"about":[{"href":"https:\/\/archivioturi.lavocedelpaese.info\/index.php\/wp-json\/wp\/v2\/types\/post"}],"author":[{"embeddable":true,"href":"https:\/\/archivioturi.lavocedelpaese.info\/index.php\/wp-json\/wp\/v2\/users\/1"}],"replies":[{"embeddable":true,"href":"https:\/\/archivioturi.lavocedelpaese.info\/index.php\/wp-json\/wp\/v2\/comments?post=5394"}],"version-history":[{"count":0,"href":"https:\/\/archivioturi.lavocedelpaese.info\/index.php\/wp-json\/wp\/v2\/posts\/5394\/revisions"}],"wp:featuredmedia":[{"embeddable":true,"href":"https:\/\/archivioturi.lavocedelpaese.info\/index.php\/wp-json\/wp\/v2\/media\/2075"}],"wp:attachment":[{"href":"https:\/\/archivioturi.lavocedelpaese.info\/index.php\/wp-json\/wp\/v2\/media?parent=5394"}],"wp:term":[{"taxonomy":"category","embeddable":true,"href":"https:\/\/archivioturi.lavocedelpaese.info\/index.php\/wp-json\/wp\/v2\/categories?post=5394"},{"taxonomy":"post_tag","embeddable":true,"href":"https:\/\/archivioturi.lavocedelpaese.info\/index.php\/wp-json\/wp\/v2\/tags?post=5394"}],"curies":[{"name":"wp","href":"https:\/\/api.w.org\/{rel}","templated":true}]}}