{"id":5374,"date":"2011-02-21T07:09:34","date_gmt":"2011-02-21T07:09:34","guid":{"rendered":"https:\/\/archivioturi.lavocedelpaese.info\/index.php\/2011\/02\/21\/tundo-insoddisfatto-verso-lottavo-rimpasto\/"},"modified":"2011-02-21T07:09:34","modified_gmt":"2011-02-21T07:09:34","slug":"tundo-insoddisfatto-verso-lottavo-rimpasto","status":"publish","type":"post","link":"https:\/\/archivioturi.lavocedelpaese.info\/index.php\/2011\/02\/21\/tundo-insoddisfatto-verso-lottavo-rimpasto\/","title":{"rendered":"TUNDO INSODDISFATTO, VERSO L\u2019OTTAVO RIMPASTO?"},"content":{"rendered":"<p><img loading=\"lazy\" decoding=\"async\" class=\" size-full wp-image-3554\" alt=\"Vignetta_satira2\" height=\"150\" width=\"320\" src=\"https:\/\/archivioturi.lavocedelpaese.info\/wp-content\/uploads\/2010\/11\/Vignetta_satira2.jpg\" srcset=\"https:\/\/archivioturi.lavocedelpaese.info\/wp-content\/uploads\/2010\/11\/Vignetta_satira2.jpg 640w, https:\/\/archivioturi.lavocedelpaese.info\/wp-content\/uploads\/2010\/11\/Vignetta_satira2-300x141.jpg 300w\" sizes=\"auto, (max-width: 320px) 100vw, 320px\" \/> <\/p>\n<p style=\"text-align: justify;\"><span style=\"font-size: 10pt;\"><span style=\"font-family: verdana, geneva;\">Sta per scoppiare, nella settimana della probabile doppia seduta del \u00a0Consiglio comunale che ha da discutere, approvare e prendere tante decisioni, il caso Paolo Tundo. Pare che il neo vice-sindaco non sia assolutamente soddisfatto di come viene trattato dai \u2018capoccioni\u2019 della maggioranza (Boccardi, Gigantelli, D\u2019Autilia, D\u2019Addabbo).<\/span><\/span><\/p>\n<p style=\"text-align: justify;\"><span style=\"font-size: 10pt;\"><span style=\"font-family: verdana, geneva;\">Paolo si lamenta di come non venga messo al corrente di nulla. Come se non esistesse. Con le decisioni prese sulla sua testa. Un trattamento che Tundo, forse\u00a0 distratto finora dalla fascia tricolore\u00a0 da vice-sindaco, non aveva notato subito.<\/span><\/span><\/p>\n<p style=\"text-align: justify;\"><span style=\"font-size: 10pt;\"><span style=\"font-family: verdana, geneva;\">E adesso Paolo Tundo ha deciso di accettare l\u2019invito della De Florio e di Luisi che formano un gruppo \u2018virtuale\u2019 di due consiglieri-ex assessori alla Polizia municipale, che-stanno-e-non-stanno nella maggioranza, che vogliono sfiduciare il sindaco ma votano la fiducia, che fanno in consiglio dichiarazioni di fuoco contro questa amministrazione ma votano a favore della Giunta.<\/span><\/span><\/p>\n<p style=\"text-align: justify;\"><span style=\"font-size: 10pt;\"><span style=\"font-family: verdana, geneva;\">Insomma, ci sembra alquanto strano che un politico come Tundo faccia parte di un gruppo dalle idee molto chiare che per\u00f2, al tempo stesso, non abbia deciso cosa voglia fare da grande.<\/span><\/span><\/p>\n<p style=\"text-align: justify;\"><span style=\"font-size: 10pt;\"><span style=\"font-family: verdana, geneva;\">Ed \u00e8 per questo che il sindaco non fa altro che corteggiare la De Florio e Luisi per occupare l\u2019ultimo posto vacante da assessore, non volendosi rivolgere all\u2019Ago della bilancia Natalino Ventrella e prima di essere costretto a richiamare l\u2019 esterno per tutte le stagioni, Antonio Tateo.<\/span><\/span><\/p>\n<p style=\"text-align: justify;\"><span style=\"font-size: 10pt;\"><span style=\"font-family: verdana, geneva;\">Ultim\u2019ora. Natalino Ventrella ci fa sapere che \u00e8 fuori regione da luned\u00ec 21 febbraio a mercoled\u00ec 23 e quindi non potr\u00e0 essere alle sedute del Consiglio comunale. Ci chiediamo: l\u2019assenza dell\u2019Ago della bilancia, come viene chiamato Ventrella, cosa\u00a0 comporter\u00e0? Lo scopriremo presto\u2026<\/span><\/span><\/p>\n<p style=\"text-align: justify;\"><span style=\"font-size: 10pt;\"><span style=\"font-family: verdana, geneva;\"><img loading=\"lazy\" decoding=\"async\" class=\" size-full wp-image-5373\" src=\"https:\/\/archivioturi.lavocedelpaese.info\/wp-content\/uploads\/2011\/02\/don_giovanni-sindaco.Botrugno08.jpg\" width=\"583\" height=\"480\" alt=\"don_giovanni-sindaco.Botrugno08\" srcset=\"https:\/\/archivioturi.lavocedelpaese.info\/wp-content\/uploads\/2011\/02\/don_giovanni-sindaco.Botrugno08.jpg 583w, https:\/\/archivioturi.lavocedelpaese.info\/wp-content\/uploads\/2011\/02\/don_giovanni-sindaco.Botrugno08-300x247.jpg 300w\" sizes=\"auto, (max-width: 583px) 100vw, 583px\" \/><\/span><\/span><\/p>\n<p style=\"text-align: justify;\"><span style=\"font-family: verdana, geneva; font-size: x-small;\"><br \/><\/span><\/p>\n","protected":false},"excerpt":{"rendered":"<p><img loading=\"lazy\" decoding=\"async\" class=\" size-full wp-image-3554\" alt=\"Vignetta_satira2\" height=\"150\" width=\"320\" src=\"https:\/\/archivioturi.lavocedelpaese.info\/wp-content\/uploads\/2010\/11\/Vignetta_satira2.jpg\" srcset=\"https:\/\/archivioturi.lavocedelpaese.info\/wp-content\/uploads\/2010\/11\/Vignetta_satira2.jpg 640w, https:\/\/archivioturi.lavocedelpaese.info\/wp-content\/uploads\/2010\/11\/Vignetta_satira2-300x141.jpg 300w\" sizes=\"auto, (max-width: 320px) 100vw, 320px\" \/> <\/p>\n","protected":false},"author":1,"featured_media":3554,"comment_status":"open","ping_status":"closed","sticky":false,"template":"","format":"standard","meta":{"colormag_page_container_layout":"default_layout","colormag_page_sidebar_layout":"default_layout","footnotes":""},"categories":[9],"tags":[],"class_list":["post-5374","post","type-post","status-publish","format-standard","has-post-thumbnail","hentry","category-la-voce-del-paese"],"_links":{"self":[{"href":"https:\/\/archivioturi.lavocedelpaese.info\/index.php\/wp-json\/wp\/v2\/posts\/5374","targetHints":{"allow":["GET"]}}],"collection":[{"href":"https:\/\/archivioturi.lavocedelpaese.info\/index.php\/wp-json\/wp\/v2\/posts"}],"about":[{"href":"https:\/\/archivioturi.lavocedelpaese.info\/index.php\/wp-json\/wp\/v2\/types\/post"}],"author":[{"embeddable":true,"href":"https:\/\/archivioturi.lavocedelpaese.info\/index.php\/wp-json\/wp\/v2\/users\/1"}],"replies":[{"embeddable":true,"href":"https:\/\/archivioturi.lavocedelpaese.info\/index.php\/wp-json\/wp\/v2\/comments?post=5374"}],"version-history":[{"count":0,"href":"https:\/\/archivioturi.lavocedelpaese.info\/index.php\/wp-json\/wp\/v2\/posts\/5374\/revisions"}],"wp:featuredmedia":[{"embeddable":true,"href":"https:\/\/archivioturi.lavocedelpaese.info\/index.php\/wp-json\/wp\/v2\/media\/3554"}],"wp:attachment":[{"href":"https:\/\/archivioturi.lavocedelpaese.info\/index.php\/wp-json\/wp\/v2\/media?parent=5374"}],"wp:term":[{"taxonomy":"category","embeddable":true,"href":"https:\/\/archivioturi.lavocedelpaese.info\/index.php\/wp-json\/wp\/v2\/categories?post=5374"},{"taxonomy":"post_tag","embeddable":true,"href":"https:\/\/archivioturi.lavocedelpaese.info\/index.php\/wp-json\/wp\/v2\/tags?post=5374"}],"curies":[{"name":"wp","href":"https:\/\/api.w.org\/{rel}","templated":true}]}}