{"id":5328,"date":"2011-02-14T13:39:01","date_gmt":"2011-02-14T13:39:01","guid":{"rendered":"https:\/\/archivioturi.lavocedelpaese.info\/index.php\/2011\/02\/14\/catalano-il-pug-e-chi-lha-visto\/"},"modified":"2011-02-14T13:39:01","modified_gmt":"2011-02-14T13:39:01","slug":"catalano-il-pug-e-chi-lha-visto","status":"publish","type":"post","link":"https:\/\/archivioturi.lavocedelpaese.info\/index.php\/2011\/02\/14\/catalano-il-pug-e-chi-lha-visto\/","title":{"rendered":"CATALANO: \u2018IL PUG? E CHI L&#8217;HA VISTO!\u2019"},"content":{"rendered":"<p><img loading=\"lazy\" decoding=\"async\" class=\" size-full wp-image-5326\" alt=\"Catalano_logo-SEL\" height=\"150\" width=\"320\" src=\"https:\/\/archivioturi.lavocedelpaese.info\/wp-content\/uploads\/2011\/02\/Catalano_logo-SEL.jpg\" \/> <\/p>\n<p style=\"text-align: justify;\"><span style=\"font-size: 10pt;\"><span style=\"font-family: verdana, geneva;\">Sulla questione PUG abbiamo ascoltato anche la voce di<strong> Nico Catalano<\/strong>, che non ha risparmiato attacchi pungenti.<\/span><\/span><\/p>\n<p style=\"text-align: justify;\"><strong><span style=\"font-size: 10pt;\"><span style=\"font-family: verdana, geneva;\">Sembrerebbe che il PUG, dopo tanto discutere e dopo tanti rinvii stia finalmente giungendo alla sua felice conclusione, lei come lo trova?<\/span><\/span><\/strong><\/p>\n<p style=\"text-align: justify;\"><span style=\"font-size: 10pt;\"><span style=\"font-family: verdana, geneva;\">\u201cIl PUG? E chi l&#8217;ha visto! L&#8217;amministrazione si era impegnata a realizzarlo entro il trentuno dicembre perch\u00e8 era uno di quei punti evidenti che avevano lo scopo di rilanciare in qualche modo questa esperienza politica Gigantelli-Boccerdi. Siamo quasi a met\u00e0 febbraio, le bugie oltre al naso lungo fanno anche le gambe corte perci\u00f2 questa gente non riesce ad andare molto lontano\u201d.<\/span><\/span><\/p>\n<p style=\"text-align: justify;\"><strong><span style=\"font-size: 10pt;\"><span style=\"font-family: verdana, geneva;\">Perch\u00e8 secondo lei il PUG turese \u00e8 stato soggetto a cos\u00ec tanti rinvii, decisioni e incertezze nel corso degli anni?<\/span><\/span><\/strong><\/p>\n<p style=\"text-align: justify;\"><span style=\"font-size: 10pt;\"><span style=\"font-family: verdana, geneva;\">\u201cA mio avviso ci\u00f2 \u00e8 avvenuto perch\u00e8 non c&#8217;\u00e8 la volont\u00e0 reale di fare il PUG, anche perch\u00e8 solitamente a fine mandato si tende a non spingersi mai verso decisioni impopolari in quanto si preferisce sempre una fase amministrativa piuttosto clientelare\u201d.<\/span><\/span><\/p>\n<p style=\"text-align: justify;\"><strong><span style=\"font-size: 10pt;\"><span style=\"font-family: verdana, geneva;\">Lei ritiene che nella realizzazione del PUG dell&#8217;amministrazione Gigantelli ci sia abbastanza trasparenza?<\/span><\/span><\/strong><\/p>\n<p style=\"text-align: justify;\"><span style=\"font-size: 10pt;\"><span style=\"font-family: verdana, geneva;\">\u201cNon \u00e8 mio compito capire se c&#8217;\u00e8 o meno trasparenza. Ci sono le sedi giudiziarie apposite per queste cose. In ogni caso l&#8217;invasione del mattone \u00e8 ormai dovunque, il punto \u00e8 che le costruzioni realizzate a Turi non sono mai state realizzate seguendo le logiche della buona abitabilit\u00e0 e offrendo servizi in grado di migliorare la qualit\u00e0 della vita. Qui esiste solo il guadagno per le ditte costruttrici che hanno dimostrato di non avere proprio nulla di buono da offrire alla collettivit\u00e0: una sorta di sciacallaggio immobiliare. Negli anni scorsi l&#8217;amministrazione De Grisantis \u00e8 stata pi\u00f9 volte incolpata di aver iniziato questa fase di pessima cementificazione, ma la Giunta Gigantelli non se n&#8217;\u00e8 stata certo con le mani in mano. Ad esempio quanti vani sono stati approvati dal maggio 2007 ad oggi? Mi piacerebbe saperlo per poter confrontare questo numero con quello di altri comuni limitrofi\u201d.<\/span><\/span><\/p>\n<p style=\"text-align: justify;\"><strong><span style=\"font-size: 10pt;\"><span style=\"font-family: verdana, geneva;\">Secondo Lei la soluzione a questo problema, dove risiederebbe?<\/span><\/span><\/strong><\/p>\n<p style=\"text-align: justify;\"><span style=\"font-size: 10pt;\"><span style=\"font-family: verdana, geneva;\">\u201cA Turi quando si parla di edilizia, come ho gi\u00e0 detto, si parla solo ed esclusivamente di lauti guadagni per le imprese a discapito di tutta la collettivit\u00e0, invece dovrebbe essere il contrario. Dove sono le piste ciclabili, i giardini, i parcheggi, i servizi in genere che migliorano la qualit\u00e0 della vita dei cittadini. L&#8217;edilizia a Turi vuol solo dire speculazione. \u00c8 basilare, secondo me, cambiare la mentalit\u00e0 politica e sopratutto amministrativa, cos\u00ec non si pu\u00f2 andare avanti, \u00e8 necessario secondo me coinvolgere tutta la societ\u00e0 civile. Non si pu\u00f2 accettare supinamente che pochi amministratori in combutta con alcune imprese edili rovinino un intero paese fino a questo punto\u201d.<\/span><\/span><\/p>\n<p style=\"text-align: justify;\"><span style=\"font-size: 10pt;\"><span style=\"font-family: verdana, geneva;\"> <\/span><\/span><\/p>\n<hr \/>\n<p>\u00a0<\/p>\n<p style=\"text-align: justify;\"><span style=\"font-size: 10pt;\"><span style=\"font-family: verdana, geneva;\"><strong>VENTRELLA: \u201cSONO IO L\u2019AGO DELLA BILANCIA\u201d<\/strong><\/span><\/span><\/p>\n<p><span style=\"font-size: 10pt;\"><span style=\"font-family: verdana, geneva;\"><img loading=\"lazy\" decoding=\"async\" class=\" alignleft size-full wp-image-5327\" style=\"margin-top: 10px; margin-right: 10px; margin-bottom: 10px; float: left;\" alt=\"ventrella_telefono\" height=\"235\" width=\"314\" src=\"https:\/\/archivioturi.lavocedelpaese.info\/wp-content\/uploads\/2011\/02\/ventrella_telefono.jpg\" srcset=\"https:\/\/archivioturi.lavocedelpaese.info\/wp-content\/uploads\/2011\/02\/ventrella_telefono.jpg 314w, https:\/\/archivioturi.lavocedelpaese.info\/wp-content\/uploads\/2011\/02\/ventrella_telefono-300x225.jpg 300w\" sizes=\"auto, (max-width: 314px) 100vw, 314px\" \/><\/span><\/span><\/p>\n<p style=\"text-align: justify;\"><span style=\"font-size: 10pt;\"><span style=\"font-family: verdana, geneva;\">Mentre De Novellis affermava di essere lui l\u2019ago della bilancia del PUG, a distanza di poche ore, in un&#8217;altra sede, veniva rilasciata alla nostra redazione questa dichiarazione: \u201cPUG? L\u2019ago della bilancia sono io!\u201d. Ventrella dunque rivendica a se, come De Novellis, il ruolo di \u201cgiudice\u201d. Ventrella dunque voter\u00e0 questo Piano Urbanistico? \u201cHo sempre detto di s\u00ec con coerenza. Lo voter\u00f2\u201d \u2013 e incalza \u2013 \u201cnon sono semplicemente l\u2019ago della bilancia, ma rappresento qualcosa di pi\u00f9. Se questo PUG sar\u00e0 approvato sar\u00e0 solo e soltanto merito mio\u201d. Attualmente \u00e8 ancora tutto in mano all\u2019Autorit\u00e0 di Bacino \u2013 \u201csecondo i miei conti potremmo andare in Consiglio nella prima decade di Marzo\u201d.<\/span><\/span><\/p>\n<p style=\"text-align: justify;\"><span style=\"font-size: 10pt;\"><span style=\"font-family: verdana, geneva;\">Si prevedono cos\u00ec tempi rapidi consigliere? \u201cSi, molto brevi, dopo l\u2019approvazione ci saranno i sessanta giorni per le osservazioni e nel giro di un anno potrebbe essere adottato.\u201d E le osservazioni potrebbero far perdere ulteriore tempo? \u201cFermiamoci qui&#8230; le osservazioni saranno da valutare e si torner\u00e0 in Consiglio\u201d.<\/span><\/span><\/p>\n<p style=\"text-align: justify;\"><span style=\"font-size: 10pt;\"><span style=\"font-family: verdana, geneva;\">La Redazione<\/span><\/span><\/p>\n","protected":false},"excerpt":{"rendered":"<p><img loading=\"lazy\" decoding=\"async\" class=\" size-full wp-image-5326\" alt=\"Catalano_logo-SEL\" height=\"150\" width=\"320\" src=\"https:\/\/archivioturi.lavocedelpaese.info\/wp-content\/uploads\/2011\/02\/Catalano_logo-SEL.jpg\" \/> <\/p>\n","protected":false},"author":1,"featured_media":5326,"comment_status":"open","ping_status":"closed","sticky":false,"template":"","format":"standard","meta":{"colormag_page_container_layout":"default_layout","colormag_page_sidebar_layout":"default_layout","footnotes":""},"categories":[4],"tags":[],"class_list":["post-5328","post","type-post","status-publish","format-standard","has-post-thumbnail","hentry","category-politica"],"_links":{"self":[{"href":"https:\/\/archivioturi.lavocedelpaese.info\/index.php\/wp-json\/wp\/v2\/posts\/5328","targetHints":{"allow":["GET"]}}],"collection":[{"href":"https:\/\/archivioturi.lavocedelpaese.info\/index.php\/wp-json\/wp\/v2\/posts"}],"about":[{"href":"https:\/\/archivioturi.lavocedelpaese.info\/index.php\/wp-json\/wp\/v2\/types\/post"}],"author":[{"embeddable":true,"href":"https:\/\/archivioturi.lavocedelpaese.info\/index.php\/wp-json\/wp\/v2\/users\/1"}],"replies":[{"embeddable":true,"href":"https:\/\/archivioturi.lavocedelpaese.info\/index.php\/wp-json\/wp\/v2\/comments?post=5328"}],"version-history":[{"count":0,"href":"https:\/\/archivioturi.lavocedelpaese.info\/index.php\/wp-json\/wp\/v2\/posts\/5328\/revisions"}],"wp:featuredmedia":[{"embeddable":true,"href":"https:\/\/archivioturi.lavocedelpaese.info\/index.php\/wp-json\/wp\/v2\/media\/5326"}],"wp:attachment":[{"href":"https:\/\/archivioturi.lavocedelpaese.info\/index.php\/wp-json\/wp\/v2\/media?parent=5328"}],"wp:term":[{"taxonomy":"category","embeddable":true,"href":"https:\/\/archivioturi.lavocedelpaese.info\/index.php\/wp-json\/wp\/v2\/categories?post=5328"},{"taxonomy":"post_tag","embeddable":true,"href":"https:\/\/archivioturi.lavocedelpaese.info\/index.php\/wp-json\/wp\/v2\/tags?post=5328"}],"curies":[{"name":"wp","href":"https:\/\/api.w.org\/{rel}","templated":true}]}}