{"id":5304,"date":"2011-02-09T12:20:01","date_gmt":"2011-02-09T12:20:01","guid":{"rendered":"https:\/\/archivioturi.lavocedelpaese.info\/index.php\/2011\/02\/09\/precisazioni-relative-alla-gara-del-29-gennaio\/"},"modified":"2011-02-09T12:20:01","modified_gmt":"2011-02-09T12:20:01","slug":"precisazioni-relative-alla-gara-del-29-gennaio","status":"publish","type":"post","link":"https:\/\/archivioturi.lavocedelpaese.info\/index.php\/2011\/02\/09\/precisazioni-relative-alla-gara-del-29-gennaio\/","title":{"rendered":"PRECISAZIONI RELATIVE ALLA GARA DEL 29 GENNAIO"},"content":{"rendered":"<p><img loading=\"lazy\" decoding=\"async\" class=\" size-full wp-image-2939\" src=\"https:\/\/archivioturi.lavocedelpaese.info\/wp-content\/uploads\/2010\/09\/thuriae_stemma.jpg\" width=\"320\" height=\"150\" alt=\"thuriae_stemma\" srcset=\"https:\/\/archivioturi.lavocedelpaese.info\/wp-content\/uploads\/2010\/09\/thuriae_stemma.jpg 640w, https:\/\/archivioturi.lavocedelpaese.info\/wp-content\/uploads\/2010\/09\/thuriae_stemma-300x141.jpg 300w\" sizes=\"auto, (max-width: 320px) 100vw, 320px\" \/> <\/p>\n<p style=\"padding-top: 0px; padding-right: 0px; padding-bottom: 10px; padding-left: 0px; color: #000000; font: normal normal normal 12px\/16px Arial, Helvetica, sans-serif; text-align: justify; margin: 0px;\"><span style=\"font-size: 10pt;\"><span style=\"font-family: verdana, geneva;\">L\u2019ASd Thuriae, in merito ad alcune cronache apparse su organi di stampa a diffusione locale, relative alla gara casalinga contro l\u2019Audace Monopoli svoltasi sabato 29 gennaio, tiene a precisare quanto segue.<\/span><\/span><\/p>\n<p>\u00a0<\/p>\n<li style=\"text-align: justify; padding: 0px; margin: 0px;\"><span style=\"font-size: 10pt;\"><span style=\"font-family: verdana, geneva;\">Il rispetto dei valori fondamentali dell\u2019etica sportiva costituiscono il fondamento dell\u2019attivit\u00e0 della nostra societ\u00e0. A questi valori sono informati quotidianamente i comportamenti e l\u2019agire concreto dei dirigenti e dei tecnici, in special modo nel loro quotidiano rapportarsi con i ragazzi del settore giovanile. Sicch\u00e8 ci risulta quanto meno ingiusto (se non peggio insultante) subire \u201clezioni\u201d al riguardo.<\/span><\/span><\/li>\n<li style=\"text-align: justify; padding: 0px; margin: 0px;\"><span style=\"font-size: 10pt;\"><span style=\"font-family: verdana, geneva;\">Durante la gara contro l\u2019Audace Monopoli si sono verificati obiettivamente comportamenti scorretti da parte di alcuni nostri atleti; il fatto che tali comportamenti siano stati posti in essere come reazione a precedenti provocazioni, divenute nostro malgrado una pessima consuetudine durante le gare in trasferta, non costituisce da parte nostra nessuna attenuante. Sebbene sia la prima volta che ci\u00f2 accade in casa ASd Thuriae, la societ\u00e0 si riserva di adoperare nei confronti degli atleti coinvolti i provvedimenti disciplinari che riterr\u00e0 pi\u00f9 opportuni.<\/span><\/span><\/li>\n<li style=\"text-align: justify; padding: 0px; margin: 0px;\"><span style=\"font-size: 10pt;\"><span style=\"font-family: verdana, geneva;\">Infine ci preme rammentare che i nostri tecnici e dirigenti presenti sul rettangolo di gioco, si sono adoperati per sedare ogni attrito venutosi a creare fra i protagonisti della tenzone sportiva. Infatti, al termine della gara, durante il \u201cterzo tempo\u201d, le due compagini si sono salutate cordialmente.<\/span><\/span><\/li>\n<p>\u00a0<\/p>\n<p style=\"text-align: right;\"><span style=\"font-family: verdana, geneva; font-size: 13px;\">Ufficio stampa Asd Thuriae<\/span><\/p>\n<p>\u00a0<\/p>\n","protected":false},"excerpt":{"rendered":"<p><img loading=\"lazy\" decoding=\"async\" class=\" size-full wp-image-2939\" src=\"https:\/\/archivioturi.lavocedelpaese.info\/wp-content\/uploads\/2010\/09\/thuriae_stemma.jpg\" width=\"320\" height=\"150\" alt=\"thuriae_stemma\" srcset=\"https:\/\/archivioturi.lavocedelpaese.info\/wp-content\/uploads\/2010\/09\/thuriae_stemma.jpg 640w, https:\/\/archivioturi.lavocedelpaese.info\/wp-content\/uploads\/2010\/09\/thuriae_stemma-300x141.jpg 300w\" sizes=\"auto, (max-width: 320px) 100vw, 320px\" \/> <\/p>\n","protected":false},"author":1,"featured_media":2939,"comment_status":"open","ping_status":"closed","sticky":false,"template":"","format":"standard","meta":{"colormag_page_container_layout":"default_layout","colormag_page_sidebar_layout":"default_layout","footnotes":""},"categories":[5],"tags":[],"class_list":["post-5304","post","type-post","status-publish","format-standard","has-post-thumbnail","hentry","category-sport"],"_links":{"self":[{"href":"https:\/\/archivioturi.lavocedelpaese.info\/index.php\/wp-json\/wp\/v2\/posts\/5304","targetHints":{"allow":["GET"]}}],"collection":[{"href":"https:\/\/archivioturi.lavocedelpaese.info\/index.php\/wp-json\/wp\/v2\/posts"}],"about":[{"href":"https:\/\/archivioturi.lavocedelpaese.info\/index.php\/wp-json\/wp\/v2\/types\/post"}],"author":[{"embeddable":true,"href":"https:\/\/archivioturi.lavocedelpaese.info\/index.php\/wp-json\/wp\/v2\/users\/1"}],"replies":[{"embeddable":true,"href":"https:\/\/archivioturi.lavocedelpaese.info\/index.php\/wp-json\/wp\/v2\/comments?post=5304"}],"version-history":[{"count":0,"href":"https:\/\/archivioturi.lavocedelpaese.info\/index.php\/wp-json\/wp\/v2\/posts\/5304\/revisions"}],"wp:featuredmedia":[{"embeddable":true,"href":"https:\/\/archivioturi.lavocedelpaese.info\/index.php\/wp-json\/wp\/v2\/media\/2939"}],"wp:attachment":[{"href":"https:\/\/archivioturi.lavocedelpaese.info\/index.php\/wp-json\/wp\/v2\/media?parent=5304"}],"wp:term":[{"taxonomy":"category","embeddable":true,"href":"https:\/\/archivioturi.lavocedelpaese.info\/index.php\/wp-json\/wp\/v2\/categories?post=5304"},{"taxonomy":"post_tag","embeddable":true,"href":"https:\/\/archivioturi.lavocedelpaese.info\/index.php\/wp-json\/wp\/v2\/tags?post=5304"}],"curies":[{"name":"wp","href":"https:\/\/api.w.org\/{rel}","templated":true}]}}