{"id":5290,"date":"2011-02-04T11:02:09","date_gmt":"2011-02-04T11:02:09","guid":{"rendered":"https:\/\/archivioturi.lavocedelpaese.info\/index.php\/2011\/02\/04\/quote-rosa-nelle-cariche-sociali-della-m-maria-ss-ausiliatrice\/"},"modified":"2011-02-04T11:02:09","modified_gmt":"2011-02-04T11:02:09","slug":"quote-rosa-nelle-cariche-sociali-della-m-maria-ss-ausiliatrice","status":"publish","type":"post","link":"https:\/\/archivioturi.lavocedelpaese.info\/index.php\/2011\/02\/04\/quote-rosa-nelle-cariche-sociali-della-m-maria-ss-ausiliatrice\/","title":{"rendered":"QUOTE ROSA NELLE CARICHE SOCIALI  DELL\u2019A. M. \u201cMARIA SS. AUSILIATRICE\u201d"},"content":{"rendered":"<p><img loading=\"lazy\" decoding=\"async\" class=\" size-full wp-image-1070\" src=\"https:\/\/archivioturi.lavocedelpaese.info\/wp-content\/uploads\/2009\/12\/banda_turi.jpg\" width=\"320\" height=\"150\" alt=\"banda_turi\" srcset=\"https:\/\/archivioturi.lavocedelpaese.info\/wp-content\/uploads\/2009\/12\/banda_turi.jpg 640w, https:\/\/archivioturi.lavocedelpaese.info\/wp-content\/uploads\/2009\/12\/banda_turi-300x141.jpg 300w\" sizes=\"auto, (max-width: 320px) 100vw, 320px\" \/> <\/p>\n<p style=\"text-align: justify;\"><span style=\"font-size: 10pt;\"><span style=\"font-family: verdana, geneva;\">Come da statuto ogni due anni ci sono le elezioni per il rinnovo delle cariche sociali.<\/span><\/span><\/p>\n<p style=\"text-align: justify;\"><span style=\"font-size: 10pt;\"><span style=\"font-family: verdana, geneva;\">Quest\u2019anno per la prima volta \u00e8 stata eletta, nel direttivo dell\u2019associazione, una figura femminile.<\/span><\/span><\/p>\n<p style=\"text-align: justify;\"><span style=\"font-size: 10pt;\"><span style=\"font-family: verdana, geneva;\">Questo \u00e8 un evento singolare e molto gradito poich\u00e9 nelle bande musicali, da sempre, \u00e8 predominante la figura maschile.<\/span><\/span><\/p>\n<p style=\"text-align: justify;\"><span style=\"font-size: 10pt;\"><span style=\"font-family: verdana, geneva;\">Sono stati eletti:<\/span><\/span><\/p>\n<p style=\"text-align: justify;\"><span style=\"font-size: 10pt;\"><span style=\"font-family: verdana, geneva;\">Presidente CIPRIANI Vito Michele &#8211; Responsabile Artistico SAVINO Valerio &#8211; Vice Presidente DE MICHELE Gaetano &#8211; Tesoriere PALAZZO Antonio &#8211; Segretaria TRISOLINI Anna &#8211; Responsabile alle Pubbliche Relazione DI PINTO Oronzo &#8211; Responsabile agli Eventi SABINO Gianni &#8211; Responsabile ai Beni dell\u2019Associazione DE MARCO Cesare.<\/span><\/span><\/p>\n<p style=\"text-align: justify;\"><span style=\"font-size: 10pt;\"><span style=\"font-family: verdana, geneva;\">Il primo intendimento degli eletti \u00e8 quello di continuare a perseguire <strong><span style=\"text-decoration: underline;\">i valori e gli obiettivi<\/span><\/strong> trasmessi nel 1989 dal Presidente Onorario Mons. Giovanni Cipriani<\/span><\/span><\/p>\n<p style=\"text-align: justify;\"><span style=\"font-size: 10pt;\"><span style=\"font-family: verdana, geneva;\">ovvero di essere orgogliosi di:<\/span><\/span><\/p>\n<ol>\n<li style=\"text-align: justify;\"><span style=\"font-size: 10pt;\"><span style=\"font-family: verdana, geneva;\"><strong><em><span style=\"text-decoration: underline;\">non dimenticare la nostra identit\u00e0 ed essere riconoscenti dei luoghi ove abbiamo avuto l\u2019opportunit\u00e0 di coltivare la passione per la musica<\/span><\/em><\/strong><em><span style=\"text-decoration: underline;\">.<\/span><\/em> Siamo la banda dell\u2019Oratorio riconosciuta ufficialmente dall\u2019Amministrazione Comunale di Turi quale <strong><em>\u201cBANDA MUSICALE CITTADINA\u201d<\/em><\/strong> al fine di mantenere in vita <st1:personname w:st=\"on\" productid=\"la Tradizione Bandistica\">la <strong>Tradizione Bandistica<\/strong><\/st1:personname><strong> Pugliese e in particolare quella Turese<\/strong>, partecipando ai \u201critmi sociali\u201d della nostra comunit\u00e0 ossia processioni, cortei, piccoli eventi musicali. <\/span><\/span><\/li>\n<li>\n<div style=\"text-align: justify;\"><span style=\"font-size: 10pt;\"><span style=\"font-family: verdana, geneva;\"><strong><em><span style=\"text-decoration: underline;\">vedere giovani che<\/span><\/em><\/strong>,<strong><em> <\/em><\/strong>dopo aver condiviso la passione per la musica e aver vissuto per un periodo le attivit\u00e0 dell\u2019Associazione, <strong>raggiungono obiettivi importanti nella loro vita e in qualsiasi attivit\u00e0 professionale<\/strong>, realizzando i propri sogni senza che ci si contrappone a realizzare le identiche attivit\u00e0 dell\u2019Associazione, soprattutto in un piccolo contesto com\u2019\u00e8 la nostra cittadina.<\/span><\/span><\/div>\n<ol>\n<li style=\"text-align: justify;\"><span style=\"font-size: 10pt;\"><span style=\"font-family: verdana, geneva;\"><strong><em><span style=\"text-decoration: underline;\">svolgere attivit\u00e0 di utilit\u00e0 sociale.<\/span><\/em><\/strong> Attraverso il laboratorio musicale prima, e l\u2019entrata nella Banda Musicale Cittadina poi, contribuiamo ad arginare il fenomeno della devianza minorile.<\/span><\/span><\/li>\n<li style=\"text-align: justify;\"><span style=\"font-size: 10pt;\"><span style=\"font-family: verdana, geneva;\"><strong><em><span style=\"text-decoration: underline;\">avviare i giovani all\u2019interesse sano della musica.<\/span><\/em><\/strong> Questo \u00e8 concretizzato grazie all\u2019impegno, all\u2019abnegazione, che i docenti-soci, \u201cCIPRIANI Gianfranco \u2013 CIRILLI Cosimo &#8211; DE BELLIS Renato \u2013 DI BRINDISI Paolo &#8211; MAZZONE Giancarlo \u2013\u2013 MAGGIOLINI Vanna \u2013 SAVINO Valerio\u201d, dedicano al laboratorio musicale istituito dalla stessa Associazione (quest\u2019anno \u00e8 frequentato da ben 33 allievi).<\/span><\/span><\/li>\n<li style=\"text-align: justify;\"><span style=\"font-size: 10pt;\"><span style=\"font-family: verdana, geneva;\"><strong><em><span style=\"text-decoration: underline;\">mettersi al servizio di un\u2019entit\u00e0 che appartiene al territorio<\/span><\/em><\/strong><span style=\"text-decoration: underline;\">.<\/span> In realt\u00e0 l\u2019Associazione \u00e8 costituita da ben 55 soci-appassionati di musica, <strong>tutti turesi<\/strong>, assicurati e dichiarati all\u2019Associazione Nazionale delle Bande, ci\u00f2 per legalizzare l\u2019esibizione in banda.<\/span><\/span><\/li>\n<li style=\"text-align: justify;\"><span style=\"font-size: 10pt;\"><span style=\"font-family: verdana, geneva;\"><strong><em><span style=\"text-decoration: underline;\">valorizzare e tutelare la tradizione bandistica<\/span><\/em><\/strong> tenendo in vita la nostra storica Associazione con la visione che fra due anni raggiunger\u00e0 il cinquantesimo anno dalla sua fondazione.<\/span><\/span><\/li>\n<li style=\"text-align: justify;\"><span style=\"font-size: 10pt;\"><span style=\"font-family: verdana, geneva;\"><strong><em><span style=\"text-decoration: underline;\">impegnarsi nel realizzare il progetto presentato alla Regione Puglia<\/span><\/em><\/strong> &#8211; Assessorato al Mediterraneo Aree Politiche per <st1:personname w:st=\"on\" productid=\"la Promozione\">la Promozione<\/st1:personname> del Territorio &#8211; denominato \u201c<st1:personname w:st=\"on\" productid=\"LA MUSICA BANDISTICA\">LA MUSICA BANDISTICA<\/st1:personname> VA OLTRE\u2026<st1:personname w:st=\"on\" productid=\"LA PUGLIA\">LA PUGLIA<\/st1:personname>\u201d ove \u00e8 prevista la collaborazione di molte associazioni e attivit\u00e0 produttive di Turi e come Partener Leader il Comune di Turi.<\/span><\/span><\/li>\n<\/ol>\n<\/li>\n<\/ol>\n<p><strong><em><span style=\"text-decoration: underline;\"><span style=\"font-size: 10pt;\"> <\/span><\/span><\/em><\/strong><\/p>\n<p style=\"text-align: right;\"><span style=\"font-size: 10pt;\"><span style=\"font-family: verdana, geneva;\">Il Presidente e il Direttivo<\/span><\/span><\/p>\n<p style=\"text-align: right;\"><span style=\"font-size: 10pt;\"><span style=\"font-family: verdana, geneva;\">dell\u2019Associazione Musicale<\/span><\/span><\/p>\n<p style=\"text-align: right;\"><span style=\"font-size: 10pt;\"><span style=\"font-family: verdana, geneva;\">\u201cMaria SS. Asusiliatrice\u201d di<\/span><\/span><\/p>\n<p style=\"text-align: right;\"><span style=\"text-decoration: underline;\"><span style=\"font-size: 10pt;\"><span style=\"font-family: verdana, geneva;\">T\u00a0 U\u00a0 R\u00a0 I<\/span><\/span><\/span><\/p>\n","protected":false},"excerpt":{"rendered":"<p><img loading=\"lazy\" decoding=\"async\" class=\" size-full wp-image-1070\" src=\"https:\/\/archivioturi.lavocedelpaese.info\/wp-content\/uploads\/2009\/12\/banda_turi.jpg\" width=\"320\" height=\"150\" alt=\"banda_turi\" srcset=\"https:\/\/archivioturi.lavocedelpaese.info\/wp-content\/uploads\/2009\/12\/banda_turi.jpg 640w, https:\/\/archivioturi.lavocedelpaese.info\/wp-content\/uploads\/2009\/12\/banda_turi-300x141.jpg 300w\" sizes=\"auto, (max-width: 320px) 100vw, 320px\" \/> <\/p>\n","protected":false},"author":1,"featured_media":1070,"comment_status":"open","ping_status":"closed","sticky":false,"template":"","format":"standard","meta":{"colormag_page_container_layout":"default_layout","colormag_page_sidebar_layout":"default_layout","footnotes":""},"categories":[7],"tags":[],"class_list":["post-5290","post","type-post","status-publish","format-standard","has-post-thumbnail","hentry","category-attualita"],"_links":{"self":[{"href":"https:\/\/archivioturi.lavocedelpaese.info\/index.php\/wp-json\/wp\/v2\/posts\/5290","targetHints":{"allow":["GET"]}}],"collection":[{"href":"https:\/\/archivioturi.lavocedelpaese.info\/index.php\/wp-json\/wp\/v2\/posts"}],"about":[{"href":"https:\/\/archivioturi.lavocedelpaese.info\/index.php\/wp-json\/wp\/v2\/types\/post"}],"author":[{"embeddable":true,"href":"https:\/\/archivioturi.lavocedelpaese.info\/index.php\/wp-json\/wp\/v2\/users\/1"}],"replies":[{"embeddable":true,"href":"https:\/\/archivioturi.lavocedelpaese.info\/index.php\/wp-json\/wp\/v2\/comments?post=5290"}],"version-history":[{"count":0,"href":"https:\/\/archivioturi.lavocedelpaese.info\/index.php\/wp-json\/wp\/v2\/posts\/5290\/revisions"}],"wp:featuredmedia":[{"embeddable":true,"href":"https:\/\/archivioturi.lavocedelpaese.info\/index.php\/wp-json\/wp\/v2\/media\/1070"}],"wp:attachment":[{"href":"https:\/\/archivioturi.lavocedelpaese.info\/index.php\/wp-json\/wp\/v2\/media?parent=5290"}],"wp:term":[{"taxonomy":"category","embeddable":true,"href":"https:\/\/archivioturi.lavocedelpaese.info\/index.php\/wp-json\/wp\/v2\/categories?post=5290"},{"taxonomy":"post_tag","embeddable":true,"href":"https:\/\/archivioturi.lavocedelpaese.info\/index.php\/wp-json\/wp\/v2\/tags?post=5290"}],"curies":[{"name":"wp","href":"https:\/\/api.w.org\/{rel}","templated":true}]}}