{"id":5281,"date":"2011-02-07T08:41:49","date_gmt":"2011-02-07T08:41:49","guid":{"rendered":"https:\/\/archivioturi.lavocedelpaese.info\/index.php\/2011\/02\/07\/congresso-uva-da-tavola-e-rischi-da-fitofarmaci\/"},"modified":"2011-02-07T08:41:49","modified_gmt":"2011-02-07T08:41:49","slug":"congresso-uva-da-tavola-e-rischi-da-fitofarmaci","status":"publish","type":"post","link":"https:\/\/archivioturi.lavocedelpaese.info\/index.php\/2011\/02\/07\/congresso-uva-da-tavola-e-rischi-da-fitofarmaci\/","title":{"rendered":"CONGRESSO UVA DA TAVOLA E RISCHI DA FITOFARMACI"},"content":{"rendered":"<p><img loading=\"lazy\" decoding=\"async\" height=\"150\" width=\"320\" src=\"http:\/\/www.conversanoweb.com\/\/images\/stories\/resta-onofrio-colapietra.jpg\" alt=\"resta-onofrio-colapietra\" style=\"float: left;\" \/> <\/p>\n<p><\/p>\n<h3 style=\"text-align: center;\"><strong>IL PROF. RESTA: &#8216;NON CRIMINALIZZARE GLI AGRICOLTORI. COMPETIZIONE E&#8217; SALUTE E SICUREZZA&#8217;<\/strong><\/h3>\n<h3 style=\"text-align: center;\">Consegnata la targa alla memoria di Peppino Di Donna, &#8220;un giocatore d&#8217;anticipo&#8221;.<\/h3>\n<p>\u00a0<\/p>\n<h3 style=\"text-align: center;\"><\/h3>\n<div style=\"text-align: center;\"><\/div>\n<div style=\"text-align: justify;\"><\/div>\n<p style=\"text-align: justify;\">A Conversano \u00e8 stato consegnato il Premio \u2018Targa d\u2019Argento\u2019 alla memoria di <strong>Giuseppe Di Donna<\/strong>, viticoltore nojano di uva da tavola, prematuramente scomparso un paio di mesi fa all\u2019et\u00e0 di soli 56 anni.<\/p>\n<div style=\"text-align: justify;\"><\/div>\n<p style=\"text-align: justify;\">Il premio \u00e8 stato consegnato nell\u2019ambito del <strong>14\u00b0 Congresso Nazionale Uva da Tavola<\/strong>, nel salone del Grand Hotel d\u2019Aragona, congresso presieduto dal dottor <strong>Mario Colapietra <\/strong>del CRA di Turi (Unit\u00e0 di ricerca per l\u2019uva da tavola e la viticoltura in ambiente mediterraneo).<\/p>\n<p style=\"text-align: justify;\">Oltre al turese Colapietra, durante i lavori \u00e8 intervenuto <strong>Onofrio Resta<\/strong>, in doppia veste di assessore provinciale alle attivit\u00e0 produttive quando ha consegnato la Targa Bacca d\u2019Oro a <strong>Nicola Leone<\/strong>, <img loading=\"lazy\" decoding=\"async\" height=\"198\" width=\"416\" src=\"http:\/\/www.conversanoweb.com\/\/images\/stories\/giuseppe-di-donna-noicattaro-resta-colapietra.jpg\" alt=\"giuseppe-di-donna-noicattaro-resta-colapietra\" style=\"margin: 4px; float: right;\" \/>fondatore della Carton Pack (<em>foto a destra<\/em>), una della aziende pi\u00f9 virtuose, vera eccellenza nel sud Italia.<\/p>\n<p style=\"text-align: justify;\">Il professor Resta in particolare, si \u00e8 poi distinto nella veste di direttore dell\u2019unit\u00e0 operativa malattie dell\u2019apparato respiratorio (Universit\u00e0 di Bari), introducendo la relazione della dottoressa <strong>Grimaldi <\/strong>e firmando un articolo per la rivista di settore \u201cL\u2019Informatore Agrario\u201d.<\/p>\n<div style=\"text-align: justify;\"><\/div>\n<p style=\"text-align: justify;\"><strong>IMPIEGO DEI FITOFARMACI E RISCHI<\/strong> &#8211; Resta ha sottolineato la necessit\u00e0 di informare, oltre che formare per limitare i fenomeni di intossicazione da agrofarmaci durante le fasi di preparazione e di impiego. Gli agricoltori vanno abituati a un\u2019attenta lettura dell\u2019etichetta e al corretto utilizzo dei dispositivi di protezione.<\/p>\n<p style=\"text-align: justify;\"><strong>\u201cNon dobbiamo criminalizzare gli agricoltori o fare opera di terrorismo<\/strong> \u2013 \u00e8 il monito di Resta \u2013 gli agricoltori non determinano il cancro. Ma non si possono chiudere gli occhi a un cattivo utilizzo di agrofarmaci, spesso smodato e illegale. Le sostanze possono provocare <strong>effetti acuti e cronici <\/strong>su chi li utilizza e chi vive con l\u2019agricoltore, a contatto con gli indumenti da lavoro\u201d.<\/p>\n<div style=\"text-align: justify;\"><\/div>\n<p style=\"text-align: justify;\">\u201cNon ci sono controlli &#8211; ha poi concluso, rivolgendosi alle migliaia di operatori e viticoltori presenti in sala &#8211; ma prima o poi i controlli ci saranno e a quel punto <strong>saremo esclusi dai mercati<\/strong>, se non faremo un\u2019opera di produzione di qualit\u00e0 e in totale sicurezza. All\u2019estero si va con prodotti competitivi, e la competizione nel futuro sar\u00e0 sempre pi\u00f9 sensibile alla salute del prodotto e  alla sicurezza del posto di lavoro\u201d.<\/p>\n<div style=\"text-align: justify;\"><\/div>\n<p style=\"text-align: justify;\"><strong>IL RICORDO DEL FIGLIO DI PEPPINO &#8211; <\/strong>Il figlio di Giuseppe Di Donna ha ritirato la targa.<\/p>\n<p style=\"text-align: justify;\"><img loading=\"lazy\" decoding=\"async\" height=\"238\" width=\"400\" src=\"http:\/\/www.noicattaroweb.it\/\/images\/stories\/archiviofoto\/congresso-nazionale-uva-da-tavola.jpg\" alt=\"congresso-nazionale-uva-da-tavola\" style=\"margin: 4px; float: left;\" \/> \u201cSono orgoglio di aver avuto un padre come Peppino, cos\u00ec usavano chiamarlo tutti \u2013 ha osservato commosso &#8211; Parlo del suo modo di porsi con gli altri. Pap\u00e0 era una persona vicina alle persone. Con il suo lavoro era un giocatore d\u2019anticipo. In tutte le sue ricerche e sperimentazioni ha sempre cercato il modo per arrivare per primo alla maturazione, se pensiamo alle prime tecniche dell\u2019incisione sull\u2019uva da tavola portate in agro di Noicattaro e sperimentate per la prima volta da mio padre. Se pensiamo ai teli di plastica: per primo a Noicattaro, ha creduto nelle possibilit\u00e0 e nelle capacit\u00e0 che avevano i teli di plastica per anticipare il raccolto. Con il genovese Peppino port\u00f2 a Noicattaro i primi teloni, da lui ha rilevato poi la sua fabbrica e i suoi macchinari, insieme a Michele Settanni.\u201d.<\/p>\n<div style=\"text-align: justify;\"><\/div>\n<p style=\"text-align: justify;\">Lo ha ricordato commosso il dottor Colapietra, illustrando alcune <strong>foto ricordo<\/strong>, anche le pi\u00f9 recenti. \u201cDi Donna ha dato un valido contributo all\u2019innovazione e alla crescita del settore dell\u2019uva da tavola. Peppino era molto attento alle innovazioni\u201d \u2013 hanno sottolineato i relatori mentre sullo sfondo scorrevano le immagini del viticoltore di Noicattaro.<img loading=\"lazy\" decoding=\"async\" height=\"292\" width=\"400\" src=\"http:\/\/www.noicattaroweb.it\/\/images\/stories\/archiviofoto\/di-donna-figlio-noicattaro-uva-fitofarmaci.jpg\" alt=\"di-donna-figlio-noicattaro-uva-fitofarmaci\" style=\"margin: 4px; float: right;\" \/><\/p>\n<p style=\"text-align: justify;\">In uno degli scatti, Peppino brandisce tra le mani uno dei comuni flaconi di fitoregolatori per concimare le piante.<\/p>\n<p style=\"text-align: justify;\">\u201cGiuseppe oltre a fare innovazione e a occuparsi delle plastiche per proteggere il raccolto e preservare il prodotto, si \u00e8 occupato anche di riscaldamento delle serre\u201d. Per anticipare il raccolto, perch\u00e9 lui era un po\u2019 cos\u00ec, uno che amava giocare d\u2019anticipo. Un gioco beffardo, uno scherzo della natura lo ha tradito, ha giocato d\u2019anticipo per lui, strappandolo prematuramente alla vita.<\/p>\n<p style=\"text-align: justify;\">\u00a0<\/p>\n<p style=\"text-align: justify;\"><a href=\"attualita\/1444-pesticidi-in-agricoltura-rischi-per-la-salute-turese.html\" target=\"_blank\" rel=\"noopener\">VEDI ANCHE PESTICIDI IN AGRICOLTURA E RISCHI<\/a><\/p>\n<p style=\"text-align: justify;\"><a href=\"attualita\/1444-pesticidi-in-agricoltura-rischi-per-la-salute-turese.html\" target=\"_blank\" rel=\"noopener\">VEDI ANCHE PESTICIDI E AGRICOLTURA A TURI<\/a><\/p>\n<p style=\"text-align: justify;\"><a href=\"attualita\/1444-pesticidi-in-agricoltura-rischi-per-la-salute-turese.html\" target=\"_blank\" rel=\"noopener\">LA CONSULTA PROVINCIALE PER LA CERASICOLTURA<\/a><\/p>\n<p style=\"text-align: justify;\"><a href=\"http:\/\/www.youtube.com\/watch?v=BM4Pp4bHGrI\" target=\"_blank\" rel=\"noopener\">IL VIDEO E L&#8217;IMPIEGO DEI FITOFARMACI<\/a><\/p>\n<p style=\"text-align: justify;\"><img loading=\"lazy\" decoding=\"async\" height=\"389\" width=\"400\" src=\"http:\/\/www.conversanoweb.com\/\/images\/stories\/grimaldi-resta.jpg\" alt=\"grimaldi-resta\" style=\"float: left;\" \/><\/p>\n","protected":false},"excerpt":{"rendered":"<p><img loading=\"lazy\" decoding=\"async\" height=\"150\" width=\"320\" src=\"http:\/\/www.conversanoweb.com\/\/images\/stories\/resta-onofrio-colapietra.jpg\" alt=\"resta-onofrio-colapietra\" style=\"float: left;\" \/> <\/p>\n","protected":false},"author":1,"featured_media":0,"comment_status":"open","ping_status":"closed","sticky":false,"template":"","format":"standard","meta":{"colormag_page_container_layout":"default_layout","colormag_page_sidebar_layout":"default_layout","footnotes":""},"categories":[7],"tags":[],"class_list":["post-5281","post","type-post","status-publish","format-standard","hentry","category-attualita"],"_links":{"self":[{"href":"https:\/\/archivioturi.lavocedelpaese.info\/index.php\/wp-json\/wp\/v2\/posts\/5281","targetHints":{"allow":["GET"]}}],"collection":[{"href":"https:\/\/archivioturi.lavocedelpaese.info\/index.php\/wp-json\/wp\/v2\/posts"}],"about":[{"href":"https:\/\/archivioturi.lavocedelpaese.info\/index.php\/wp-json\/wp\/v2\/types\/post"}],"author":[{"embeddable":true,"href":"https:\/\/archivioturi.lavocedelpaese.info\/index.php\/wp-json\/wp\/v2\/users\/1"}],"replies":[{"embeddable":true,"href":"https:\/\/archivioturi.lavocedelpaese.info\/index.php\/wp-json\/wp\/v2\/comments?post=5281"}],"version-history":[{"count":0,"href":"https:\/\/archivioturi.lavocedelpaese.info\/index.php\/wp-json\/wp\/v2\/posts\/5281\/revisions"}],"wp:attachment":[{"href":"https:\/\/archivioturi.lavocedelpaese.info\/index.php\/wp-json\/wp\/v2\/media?parent=5281"}],"wp:term":[{"taxonomy":"category","embeddable":true,"href":"https:\/\/archivioturi.lavocedelpaese.info\/index.php\/wp-json\/wp\/v2\/categories?post=5281"},{"taxonomy":"post_tag","embeddable":true,"href":"https:\/\/archivioturi.lavocedelpaese.info\/index.php\/wp-json\/wp\/v2\/tags?post=5281"}],"curies":[{"name":"wp","href":"https:\/\/api.w.org\/{rel}","templated":true}]}}