{"id":5272,"date":"2011-02-05T08:00:07","date_gmt":"2011-02-05T08:00:07","guid":{"rendered":"https:\/\/archivioturi.lavocedelpaese.info\/index.php\/2011\/02\/05\/tundo-gli-ex-combattenti-ed-il-118\/"},"modified":"2011-02-05T08:00:07","modified_gmt":"2011-02-05T08:00:07","slug":"tundo-gli-ex-combattenti-ed-il-118","status":"publish","type":"post","link":"https:\/\/archivioturi.lavocedelpaese.info\/index.php\/2011\/02\/05\/tundo-gli-ex-combattenti-ed-il-118\/","title":{"rendered":"TUNDO, GLI EX COMBATTENTI ED IL 118"},"content":{"rendered":"<p><img loading=\"lazy\" decoding=\"async\" class=\" size-full wp-image-3338\" src=\"https:\/\/archivioturi.lavocedelpaese.info\/wp-content\/uploads\/2010\/10\/Circolo_Antonio_Gramsci_1.jpg\" width=\"320\" height=\"150\" alt=\"Circolo_Antonio_Gramsci_1\" \/> <\/p>\n<p style=\"text-align: justify;\"><span style=\"font-size: 10pt;\"><span style=\"font-family: verdana, geneva;\">A fronte della &#8220;reazione adirata ed offesa&#8221; del vicesindaco Paolo Tundo rispetto al nostro racconto circa il trattamento riservato dagli amministratori agli ex Combattenti, noi del CIRCOLO POLITICO &#8220;A. Gramsci&#8221; (espressione di Sinistra Ecologia e Libert\u00e0\u00a0 e Federazione della Sinistra) intendiamo precisare che il nostro intervento \u00e8 stato generato da testimonianze delle quali ci siamo fatti portavoce, senza alcuna rielaborazione distorta, dichiarando solidariet\u00e0 agli ex Combattenti per un episodio che anche in passato ha visto protagoniste le relative amministrazioni di turno.<\/span><\/span><\/p>\n<p style=\"text-align: justify;\"><span style=\"font-size: 10pt;\"><span style=\"font-family: verdana, geneva;\">Conveniamo sulla necessit\u00e0 di poter destinare parte di quei locali ad altro uso,\u00a0 anche se restiamo perplessi sulla fattibilit\u00e0: da moltissimi anni tali stanze sono nella disponibilit\u00e0 degli ex combattenti, consuetudine consolidata che non fa pesare la mancanza di servizi igienici e ci domandiamo come si possa destinare uno o pi\u00f9 locali ad altri fruitori senza tali servizi.<\/span><\/span><\/p>\n<p style=\"text-align: justify;\"><span style=\"font-size: 10pt;\"><span style=\"font-family: verdana, geneva;\">Ci\u00f2 che non condividiamo \u00e8 la forma con la quale si voleva ottenere lo scopo, cos\u00ec come non raccogliamo l&#8217;invito a rassegnare pubbliche scuse al vicesindaco: compito primario di qualsivoglia partito politico \u00e8 quello di raccogliere le istanze e le rimostranze\u00a0 della cittadinanza, portandole all&#8217;attenzione generale e tramutandole, ove possibile, in proposta politica. Se tale indicazione viene raccolta da chi di dovere ( come ci pare sia avvenuto), \u00a0la politica ha forse ancora la capacit\u00e0 di assolvere ai suoi obiettivi.<\/span><\/span><\/p>\n<p style=\"text-align: justify;\"><span style=\"font-size: 10pt;\"><span style=\"font-family: verdana, geneva;\">Le scuse dovrebbero, invece, provenire (ma siamo certi che il vicesindaco abbia gi\u00e0 provveduto al riguardo) da chi, essendo al governo, abusa del suo ruolo, adottando comportamenti arroganti ed autoritari, aggravati dall&#8217;atteggiamento recidivo, dal momento che abbiamo notizia che gli amministratori abbiano perpetrato il metodo dello &#8220;sfratto selvaggio&#8221; anche nei confronti dell&#8217; Universit\u00e0 della Terza Et\u00e0.<\/span><\/span><\/p>\n<p style=\"text-align: justify;\"><span style=\"font-size: 10pt;\"><span style=\"font-family: verdana, geneva;\">Circa la questione del 118 citata dal vicesindaco, ci preme puntualizzare che l&#8217;impegno del circolo nel sollecitare le istituzioni regionali preposte affinch\u00e9 venga mantenuto il servizio di ambulanza medicalizzata nel comune di Turi \u00e8 totale, attivo e senza remore alcuna.<\/span><\/span><\/p>\n<p style=\"text-align: justify;\"><span style=\"font-size: 10pt;\"><span style=\"font-family: verdana, geneva;\">Pur ritenendo necessario l&#8217;impegno affinch\u00e9 le politiche sanitarie regionali conservino e rafforzino il livello qualitativo dei servizi sanitari offerti, non si pu\u00f2 nascondere la miope e contraddittoria posizione di chi strilla per un&#8217;ambulanza tagliata, in prima battuta, da quello stesso governo di centrodestra di cui Tundo si considera orgogliosa espressione.<\/span><\/span><\/p>\n<p>\u00a0<\/p>\n","protected":false},"excerpt":{"rendered":"<p><img loading=\"lazy\" decoding=\"async\" class=\" size-full wp-image-3338\" src=\"https:\/\/archivioturi.lavocedelpaese.info\/wp-content\/uploads\/2010\/10\/Circolo_Antonio_Gramsci_1.jpg\" width=\"320\" height=\"150\" alt=\"Circolo_Antonio_Gramsci_1\" \/> <\/p>\n","protected":false},"author":1,"featured_media":3338,"comment_status":"open","ping_status":"closed","sticky":false,"template":"","format":"standard","meta":{"colormag_page_container_layout":"default_layout","colormag_page_sidebar_layout":"default_layout","footnotes":""},"categories":[4],"tags":[],"class_list":["post-5272","post","type-post","status-publish","format-standard","has-post-thumbnail","hentry","category-politica"],"_links":{"self":[{"href":"https:\/\/archivioturi.lavocedelpaese.info\/index.php\/wp-json\/wp\/v2\/posts\/5272","targetHints":{"allow":["GET"]}}],"collection":[{"href":"https:\/\/archivioturi.lavocedelpaese.info\/index.php\/wp-json\/wp\/v2\/posts"}],"about":[{"href":"https:\/\/archivioturi.lavocedelpaese.info\/index.php\/wp-json\/wp\/v2\/types\/post"}],"author":[{"embeddable":true,"href":"https:\/\/archivioturi.lavocedelpaese.info\/index.php\/wp-json\/wp\/v2\/users\/1"}],"replies":[{"embeddable":true,"href":"https:\/\/archivioturi.lavocedelpaese.info\/index.php\/wp-json\/wp\/v2\/comments?post=5272"}],"version-history":[{"count":0,"href":"https:\/\/archivioturi.lavocedelpaese.info\/index.php\/wp-json\/wp\/v2\/posts\/5272\/revisions"}],"wp:featuredmedia":[{"embeddable":true,"href":"https:\/\/archivioturi.lavocedelpaese.info\/index.php\/wp-json\/wp\/v2\/media\/3338"}],"wp:attachment":[{"href":"https:\/\/archivioturi.lavocedelpaese.info\/index.php\/wp-json\/wp\/v2\/media?parent=5272"}],"wp:term":[{"taxonomy":"category","embeddable":true,"href":"https:\/\/archivioturi.lavocedelpaese.info\/index.php\/wp-json\/wp\/v2\/categories?post=5272"},{"taxonomy":"post_tag","embeddable":true,"href":"https:\/\/archivioturi.lavocedelpaese.info\/index.php\/wp-json\/wp\/v2\/tags?post=5272"}],"curies":[{"name":"wp","href":"https:\/\/api.w.org\/{rel}","templated":true}]}}