{"id":527,"date":"2009-10-23T12:20:38","date_gmt":"2009-10-23T12:20:38","guid":{"rendered":"https:\/\/archivioturi.lavocedelpaese.info\/index.php\/2009\/10\/23\/conferenza-stampa-della-maggioranza\/"},"modified":"2009-10-23T12:20:38","modified_gmt":"2009-10-23T12:20:38","slug":"conferenza-stampa-della-maggioranza","status":"publish","type":"post","link":"https:\/\/archivioturi.lavocedelpaese.info\/index.php\/2009\/10\/23\/conferenza-stampa-della-maggioranza\/","title":{"rendered":"CONFERENZA STAMPA DELLA MAGGIORANZA"},"content":{"rendered":"<p><img loading=\"lazy\" decoding=\"async\" class=\" alignleft size-full wp-image-526\" style=\"margin: 5px; float: left;\" alt=\"conferenza\" src=\"https:\/\/archivioturi.lavocedelpaese.info\/wp-content\/uploads\/2009\/10\/conferenza.jpg\" width=\"320\" height=\"156\" \/> <\/p>\n<p>Si \u00e8 svolta ieri pomeriggio nella Sala Giunta del Palazzo Comunale la <strong>conferenza stampa<\/strong> organizzata dalla maggioranza per aggiornare i media, e quindi anche la cittadinanza, sull&#8217;operato della stessa, alla luce dell&#8217;esito delle votazioni in Consiglio Comunale del giorno precedente.<\/p>\n<p>Essendo numerosi gli interventi da citare, ci limiteremo a descriverli sottoforma di flash citando l&#8217;espositore che di volta in volta ha preso la parola. <strong>Il sindaco Enzo Gigantelli<\/strong> \u00e8 intervenuto spesso per incrementare le relazioni dei componenti della giunta. Assente l&#8217;assessore Teresita De Florio.<\/p>\n<p><strong>Avv. Gianfranco D&#8217;Autilia, assessore alla Trasparenza, Appalti e Contratti.<\/strong><\/p>\n<ul>\n<li>Lo scopo di questa Amministrazione \u00e8 vivere la citt\u00e0 con passione rendendo Turi a misura d&#8217;uomo.<\/li>\n<li>A breve cominceranno i lavori per il marciapiede in via Rutigliano che collegher\u00e0 il centro citt\u00e0 con il cimitero.<\/li>\n<li>Si sta provvedendo a definire il progetto delle acque meteoriche, con relativa raccolta e smistamento.<\/li>\n<li>Asilo di via Mola. Se Turi vuole diventare un paese dormitorio allora non ne avremmo bisogno. Per catalizzare, invece, tutto all&#8217;interno del paese, l&#8217;asilo serve per chi lavora fuori o non ha parenti in loco che possano occuparsi dei bambini.<\/li>\n<li>Turi non risultava iscritto nel programma &#8220;cerasicoltura&#8221; del Sistema Regionale Pugliese. Si \u00e8 provveduto a recuperare questa mancanza.<\/li>\n<li>PIP. Approvato in giunta il primo piano di fattibilit\u00e0.<\/li>\n<\/ul>\n<p><strong>Dott. Michele Boccardi.<\/strong><\/p>\n<ul>\n<li>Dopo 30 anni Turi ha una palestra polifunzionale. Tutti gli sport troveranno il loro spazio. Il &#8220;palazzetto&#8221; ha superato i collaudi statici e strutturali e grazie al sindaco possiamo da questa settimana cominciare a giocare ed accogliere i turesi (Il sindaco con un&#8217;ordinanza, ha permesso alla societ\u00e0 ASP Turi, che ne avr\u00e0 l&#8217;affidamento provvisorio di utilizzo, prima della regolare gara d&#8217;appalto, di cominciare ad allenarsi e a disputare le gare di campionato). Finalmente un sogno si avvera. <\/li>\n<li>Ringraziamenti calorosi sono andati alla giunta tutta, al direttore generale, dott.ssa Anglana e alla responsabile dell&#8217;atto urbanistico, architetta Susca.<\/li>\n<\/ul>\n<p><strong>Paolo Tundo<\/strong>, assessore ai Piani di Zona e allo Sport.<\/p>\n<ul>\n<li>Stiamo puntando affinch\u00e9 le strutture sportiva messe a disposizione della cittadinanza siano durature e che non si ritorni a non averle pi\u00f9 a disposizione dopo sei mesi. Si sta cercando di affidarle a societ\u00e0 sportive che ne mantengano lo stato di decoro ed efficienza.<\/li>\n<li>Si sta provvedendo a partecipare a progetti per i quali sono previsti finanziamenti ingenti da parte delle enti sovra comunali ed europee.<\/li>\n<li>Il progetto Famiglie accoglienti ha avuto un buon successo con l&#8217;argomentazione di problematiche familiari.<\/li>\n<li>Partir\u00e0 a breve la raccolta differenziata. Dal 1\u00b0 novembre cominceranno 15 giorni di prova per poi passare alla vera e propria fase esecutiva.<\/li>\n<li>Risolto il problema di &#8220;Pedro&#8221;, Pietro Cistulli, persona emarginata dalla societ\u00e0, \u00a0a cui \u00e8 stata data una casa decorosa nel centro storico e una pensioncina mensile.<\/li>\n<li>Si sta procedendo con la Realizzazione del Punto Sport.<\/li>\n<li>A giorni saranno fruibili tutti i campetti dell&#8217;aera del campo sportivo, escluso il campo di calcio a 11; la gara per la gestione \u00e8 stata vinta dalla societ\u00e0 ASD Calcio Point Turi.<\/li>\n<\/ul>\n<p><strong>Modesto Cazzetta<\/strong>, assessore alle politiche della scuola e marketing territoriale.<\/p>\n<ul>\n<li>Il mondo scolastico, checch\u00e9 se ne dica, \u00e8 monitorato costantemente da questa Amministrazione.<\/li>\n<li>L&#8217;ascensore della scuola media finalmente \u00e8 tornato funzionante dopo 6 anni dai lavori di ristrutturazione.<\/li>\n<li>A breve parte il servizio mensa che punter\u00e0 alla qualit\u00e0. E qualit\u00e0 significa costi in pi\u00f9 che il Comune ha deciso di sostenere per non gravare sulle tasche dei cittadini.<\/li>\n<li>Scuole. Non viviamo pi\u00f9 una situazione emergenziale grazie all&#8217;organizzazione, precedente all&#8217;anno scolastico, di progetti da sviluppare durante e a termine dello stesso. <\/li>\n<li>Si proceder\u00e0 alla verifica della staticit\u00e0 degli edifici delle scuole elementare e media e della messa in sicurezza degli impianti delle stesse. Il tutto con fondi regionali pari a 90mila \u20ac ca. e 50mila \u20ac di fondi comunali.<\/li>\n<li>Gi\u00e0 da giugno 2009\u00a0 \u00e8 stato dato un incarico a un professionista che sta monitorando continuanemte l&#8217;inghiottitoio della scuola materna presso la caserma dei carabinieri. A breve si avr\u00e0 una relazione dettagliata su quanto venuto fuori ma, in via ufficiosa, \u00e8 stato gi\u00e0 detto che la situazione \u00e8 stabile.<\/li>\n<\/ul>\n<p><strong>Giacomo Valentini<\/strong>, assessore all&#8217;Agricoltura.<\/p>\n<ul>\n<li>Siamo in piena crisi economica e crisi agricola. Noi cercheremo di andare avanti. Con gli assessori Cazzetta e D&#8217;Autilia si sta lavorando per organizzare riunioni con i sindaci dei Comuni del circondario, assessori al ramo e associazioni di categoria per tentare di arginare questa crisi. Gli incontri si terranno a Turi.<\/li>\n<\/ul>\n<p><strong>Antonio Tateo<\/strong>, assessore alla Comunicazione, relazioni esterne e innovazione tecnologica.<\/p>\n<ul>\n<li>Turi ha ampliato il proprio sistema turistico. Stiamo cercando di accedere a progetti gi\u00e0 finanziati e per molti altri si sta lavorando per intercettare fondi della Regione.<\/li>\n<li>Concluso l&#8217;accordo con le Ferrovie del Sud-Est che hanno permesso al Comune di Turi di ottenere 220mila \u20ac\u00a0 a fondo perduto dalla Regione (a cui si aggiungeranno 60mila \u20ac comunali) per la realizzazione di un sovrappasso pedonale che metter\u00e0 in collegamento via Tito Caracciolo con via Gioia.<\/li>\n<li>Si presume che a breve il progetto per la ristrutturazione del centro storico venga accettato dal Piano Strategico BA 2015 e si ottengano fondi ingenti per attuarlo. <\/li>\n<li>Non si pu\u00f2 elaborare un progetto senza che questo sia condiviso dall&#8217;area vasta. Parlare di progetti campati in aria \u00e8 un buco nell&#8217;acqua assicurato.<\/li>\n<li>L&#8217;impianto telefonico del Comune \u00e8 stato completamente riorganizzato con un centralino e numeri specifici per ogni dipendente comunale.<\/li>\n<li>Instaurato un accordo con la Fondazione Gramsci per rendere pi\u00f9 fruibili i manufatti conservati nella Biblioteca. Si sta pensando ad un evento pubblico per promuovere ci\u00f2.<\/li>\n<li>Biblioteca. Si pensa di rendere la biblioteca un luogo moderno, non pi\u00f9 accostabile all&#8217;idea degli scaffali polverosi pieni di libri datati.<\/li>\n<li>Levante Film Festival. Il Comune ha dato il Patrocinio a cinque giornate dedicate alla proiezione di quarantadue film in lingua originale, sottotitolati, con la possibilit\u00e0 di accogliere cento spettatori per\u00a0 ogni proiezione. Il tutto si svolger\u00e0 nella sala convegni del Centro Culturale Polivalente.<\/li>\n<\/ul>\n<p><strong>Franco D&#8217;Addabbo<\/strong>, vice sindaco.<\/p>\n<ul>\n<li>Tutti i provvedimenti della nostra Amministrazione hanno una logica ben precisa. Niente \u00e8 fatto senza un motivo di causa-effetto.<\/li>\n<li>Ex cinema Zaccheo. I 600 mila \u20ac di guadagno che il Comune di Turi ricaver\u00e0 a demolizione e vendita avvenute, serviranno a dare una mano alle casse comunali, in debito di 8,5milioni di \u20ac.<\/li>\n<li>L&#8217;Agenzia del Territorio ha provveduto a stimare il secondo immobile che si pensa di alienare. \u00c8 stato valutato 1 milione e 280 mila \u20ac l&#8217;immobile in cui attualmente \u00e8 in affitto l&#8217;ASL. <\/li>\n<li>Presunti abusi edilizi. Si sta cercando di fare una previsione di intervento nell&#8217;area dell&#8217;ex cinema. 10mila metri cubi di casa quanto potranno impattare con il circondario abitato? Se questo sar\u00e0 valutato come un problema si provveder\u00e0 a decentralizzare l&#8217;intervento per rientrare nei parametri previsti.<\/li>\n<li>PIP (Piano Insediamenti Produttivi &#8211; zona industriale). Si \u00e8 puntato sul Projevt Financing per una progettazione ecocompatibile. Non \u00e8 escluso che si pensi a ubicare in quell&#8217;area l&#8217;asilo nido, dato che molti nuovi posti di lavoro potrebbero essere occupati da persone con bambini a carico.<\/li>\n<li>Anche il cimitero \u00e8 stato affidando al Project Financing. Si stanno aspettando gli studi di fattibilit\u00e0 per procedere con l&#8217;allargamento dell&#8217;area cimiteriale e la progettazione del marciapiede che lo colleghi con il paese.<\/li>\n<li>PUG (Piano Urbanistico Generale) : siamo alla fase conclusiva dell&#8217;iter: si aspetta solo l&#8217;ok delle\u00a0 Autorit\u00e0 di Bacino senza le quali non si pu\u00f2 procedere.<\/li>\n<li>Caserma:\u00a0 il Comune ha pensato di contribuire con 20mila \u20ac l&#8217;anno alle spese di locazione dei locali che ospiteranno la caserma dei carabinieri nei due anni che utili alla ristrutturazione dell&#8217;attuale caserma.<\/li>\n<\/ul>\n","protected":false},"excerpt":{"rendered":"<p><img loading=\"lazy\" decoding=\"async\" class=\" alignleft size-full wp-image-526\" style=\"margin: 5px; float: left;\" alt=\"conferenza\" src=\"https:\/\/archivioturi.lavocedelpaese.info\/wp-content\/uploads\/2009\/10\/conferenza.jpg\" width=\"320\" height=\"156\" \/> <\/p>\n","protected":false},"author":1,"featured_media":526,"comment_status":"open","ping_status":"closed","sticky":false,"template":"","format":"standard","meta":{"colormag_page_container_layout":"default_layout","colormag_page_sidebar_layout":"default_layout","footnotes":""},"categories":[4],"tags":[],"class_list":["post-527","post","type-post","status-publish","format-standard","has-post-thumbnail","hentry","category-politica"],"_links":{"self":[{"href":"https:\/\/archivioturi.lavocedelpaese.info\/index.php\/wp-json\/wp\/v2\/posts\/527","targetHints":{"allow":["GET"]}}],"collection":[{"href":"https:\/\/archivioturi.lavocedelpaese.info\/index.php\/wp-json\/wp\/v2\/posts"}],"about":[{"href":"https:\/\/archivioturi.lavocedelpaese.info\/index.php\/wp-json\/wp\/v2\/types\/post"}],"author":[{"embeddable":true,"href":"https:\/\/archivioturi.lavocedelpaese.info\/index.php\/wp-json\/wp\/v2\/users\/1"}],"replies":[{"embeddable":true,"href":"https:\/\/archivioturi.lavocedelpaese.info\/index.php\/wp-json\/wp\/v2\/comments?post=527"}],"version-history":[{"count":0,"href":"https:\/\/archivioturi.lavocedelpaese.info\/index.php\/wp-json\/wp\/v2\/posts\/527\/revisions"}],"wp:featuredmedia":[{"embeddable":true,"href":"https:\/\/archivioturi.lavocedelpaese.info\/index.php\/wp-json\/wp\/v2\/media\/526"}],"wp:attachment":[{"href":"https:\/\/archivioturi.lavocedelpaese.info\/index.php\/wp-json\/wp\/v2\/media?parent=527"}],"wp:term":[{"taxonomy":"category","embeddable":true,"href":"https:\/\/archivioturi.lavocedelpaese.info\/index.php\/wp-json\/wp\/v2\/categories?post=527"},{"taxonomy":"post_tag","embeddable":true,"href":"https:\/\/archivioturi.lavocedelpaese.info\/index.php\/wp-json\/wp\/v2\/tags?post=527"}],"curies":[{"name":"wp","href":"https:\/\/api.w.org\/{rel}","templated":true}]}}