{"id":5210,"date":"2011-01-30T03:08:27","date_gmt":"2011-01-30T03:08:27","guid":{"rendered":"https:\/\/archivioturi.lavocedelpaese.info\/index.php\/2011\/01\/30\/natalino-non-demorde-a-me-la-festa-patronale\/"},"modified":"2011-01-30T03:08:27","modified_gmt":"2011-01-30T03:08:27","slug":"natalino-non-demorde-a-me-la-festa-patronale","status":"publish","type":"post","link":"https:\/\/archivioturi.lavocedelpaese.info\/index.php\/2011\/01\/30\/natalino-non-demorde-a-me-la-festa-patronale\/","title":{"rendered":"NATALINO NON DEMORDE: \u201cA ME LA FESTA PATRONALE!\u201d"},"content":{"rendered":"<p><img loading=\"lazy\" decoding=\"async\" class=\" size-full wp-image-5209\" src=\"https:\/\/archivioturi.lavocedelpaese.info\/wp-content\/uploads\/2011\/01\/Natalino_Ventrella.jpg\" width=\"320\" height=\"150\" alt=\"Natalino_Ventrella\" srcset=\"https:\/\/archivioturi.lavocedelpaese.info\/wp-content\/uploads\/2011\/01\/Natalino_Ventrella.jpg 640w, https:\/\/archivioturi.lavocedelpaese.info\/wp-content\/uploads\/2011\/01\/Natalino_Ventrella-300x141.jpg 300w\" sizes=\"auto, (max-width: 320px) 100vw, 320px\" \/> <\/p>\n<p style=\"text-align: justify;\"><span style=\"font-size: 10pt;\"><span style=\"font-family: verdana, geneva;\">Malgrado sia sabato e l\u2019ora tarda, ci contatta il consigliere comunale Natalino Ventrella. Ha necessit\u00e0 di parlare con un cronista di Turiweb. Sembra teso, stanco, viene subito al dunque infervorandosi:<\/span><\/span><\/p>\n<p style=\"text-align: justify;\"><span style=\"font-size: 10pt;\"><span style=\"font-family: verdana, geneva;\">\u201c<strong>Tra luned\u00ec e marted\u00ec \u2013 ci dice &#8211; contatter\u00f2 don Giovanni Amodio e gli dir\u00f2 di aspettare a formalizzare la delega a Di Venere<\/strong> e a rivedere tutto ci\u00f2 che riguarda la carica alla presidenza del comitato per la Festa patronale.\u201d Il tempo di accendere il registratore e il consigliere Ventrella:<\/span><\/span><\/p>\n<p style=\"text-align: justify;\"><span style=\"font-size: 10pt;\"><span style=\"font-family: verdana, geneva;\">\u201c<strong>Nei primi giorni della prossima settimana contatter\u00f2 il sindaco Gigantelli e il consigliere regionale\u00a0 Boccardi. <\/strong> La proposta che far\u00f2 loro sar\u00e0 questa: io chieder\u00f2 di essere nominato presidente del nuovo Comitato della Festa, del quale abbiamo gi\u00e0 individuato 10 componenti, compreso Andrea Saffi al quale chieder\u00f2 la sua importante collaborazione. Giammaria Di Venere, se vuole entrare lo potr\u00e0 fare ma deve essere solo in funzione del lancio del pallone aerostatico. Il Comitato sar\u00e0 aperto a tutti e per tutto l\u2019anno. Dir\u00f2 a don Giovanni di mediare fra le diverse posizioni e di fare una riflessione per il bene di tutti e per il bene di Turi. Se no\u2026<\/span><\/span><\/p>\n<p style=\"text-align: justify;\"><span style=\"font-size: 10pt;\"><span style=\"font-family: verdana, geneva;\">Don Giovanni deve capire che per 17 anni \u00e8 stato Di Venere il presidente, poi lui stesso ha dichiarato di voler smettere. Quindi \u00e8 giunto il momento di cambiare. \u00a0Se avremo segnali positivi, presto daremo vita al nuovo Comitato.<\/span><\/span><\/p>\n<p style=\"text-align: justify;\"><span style=\"font-size: 10pt;\"><span style=\"font-family: verdana, geneva;\">Far\u00f2 a don Giovanni l\u2019invito a soprassedere, per il bene di tutti, all\u2019incarico a Di Venere Giammaria. E questo perch\u00e9 la maggior parte dei cittadini non vuole pi\u00f9 Marinuccio come presidente della Festa patronale.<\/span><\/span><\/p>\n<p style=\"text-align: justify;\"><span style=\"font-size: 10pt;\"><span style=\"font-family: verdana, geneva;\">Sia comunque chiaro che siamo disposti a fare un passo indietro se don Giovanni vorr\u00e0 Di Venere presidente, assumendosi per\u00f2 le sue responsabilit\u00e0.\u201d<\/span><\/span><\/p>\n<p style=\"text-align: justify;\"><span style=\"font-size: 10pt;\"><span style=\"font-family: verdana, geneva;\">Il signor Ventrella termina cos\u00ec la sua dichiarazione, non prima di aver garantito la totale trasparenza di questa operazione: \u201cVerranno pubblicate tutte le cifre, dal primo all\u2019ultimo centesimo\u2026\u201d<\/span><\/span><\/p>\n","protected":false},"excerpt":{"rendered":"<p><img loading=\"lazy\" decoding=\"async\" class=\" size-full wp-image-5209\" src=\"https:\/\/archivioturi.lavocedelpaese.info\/wp-content\/uploads\/2011\/01\/Natalino_Ventrella.jpg\" width=\"320\" height=\"150\" alt=\"Natalino_Ventrella\" srcset=\"https:\/\/archivioturi.lavocedelpaese.info\/wp-content\/uploads\/2011\/01\/Natalino_Ventrella.jpg 640w, https:\/\/archivioturi.lavocedelpaese.info\/wp-content\/uploads\/2011\/01\/Natalino_Ventrella-300x141.jpg 300w\" sizes=\"auto, (max-width: 320px) 100vw, 320px\" \/> <\/p>\n","protected":false},"author":1,"featured_media":5209,"comment_status":"open","ping_status":"closed","sticky":false,"template":"","format":"standard","meta":{"colormag_page_container_layout":"default_layout","colormag_page_sidebar_layout":"default_layout","footnotes":""},"categories":[7],"tags":[],"class_list":["post-5210","post","type-post","status-publish","format-standard","has-post-thumbnail","hentry","category-attualita"],"_links":{"self":[{"href":"https:\/\/archivioturi.lavocedelpaese.info\/index.php\/wp-json\/wp\/v2\/posts\/5210","targetHints":{"allow":["GET"]}}],"collection":[{"href":"https:\/\/archivioturi.lavocedelpaese.info\/index.php\/wp-json\/wp\/v2\/posts"}],"about":[{"href":"https:\/\/archivioturi.lavocedelpaese.info\/index.php\/wp-json\/wp\/v2\/types\/post"}],"author":[{"embeddable":true,"href":"https:\/\/archivioturi.lavocedelpaese.info\/index.php\/wp-json\/wp\/v2\/users\/1"}],"replies":[{"embeddable":true,"href":"https:\/\/archivioturi.lavocedelpaese.info\/index.php\/wp-json\/wp\/v2\/comments?post=5210"}],"version-history":[{"count":0,"href":"https:\/\/archivioturi.lavocedelpaese.info\/index.php\/wp-json\/wp\/v2\/posts\/5210\/revisions"}],"wp:featuredmedia":[{"embeddable":true,"href":"https:\/\/archivioturi.lavocedelpaese.info\/index.php\/wp-json\/wp\/v2\/media\/5209"}],"wp:attachment":[{"href":"https:\/\/archivioturi.lavocedelpaese.info\/index.php\/wp-json\/wp\/v2\/media?parent=5210"}],"wp:term":[{"taxonomy":"category","embeddable":true,"href":"https:\/\/archivioturi.lavocedelpaese.info\/index.php\/wp-json\/wp\/v2\/categories?post=5210"},{"taxonomy":"post_tag","embeddable":true,"href":"https:\/\/archivioturi.lavocedelpaese.info\/index.php\/wp-json\/wp\/v2\/tags?post=5210"}],"curies":[{"name":"wp","href":"https:\/\/api.w.org\/{rel}","templated":true}]}}