{"id":5201,"date":"2011-01-28T12:58:55","date_gmt":"2011-01-28T12:58:55","guid":{"rendered":"https:\/\/archivioturi.lavocedelpaese.info\/index.php\/2011\/01\/28\/cosa-significa-essere-italiani\/"},"modified":"2011-01-28T12:58:55","modified_gmt":"2011-01-28T12:58:55","slug":"cosa-significa-essere-italiani","status":"publish","type":"post","link":"https:\/\/archivioturi.lavocedelpaese.info\/index.php\/2011\/01\/28\/cosa-significa-essere-italiani\/","title":{"rendered":"\u201cCOSA SIGNIFICA ESSERE ITALIANI ?!\u201d"},"content":{"rendered":"<p><img loading=\"lazy\" decoding=\"async\" class=\" size-full wp-image-5200\" src=\"https:\/\/archivioturi.lavocedelpaese.info\/wp-content\/uploads\/2011\/01\/presidi.png\" width=\"320\" height=\"150\" alt=\"presidi\" srcset=\"https:\/\/archivioturi.lavocedelpaese.info\/wp-content\/uploads\/2011\/01\/presidi.png 640w, https:\/\/archivioturi.lavocedelpaese.info\/wp-content\/uploads\/2011\/01\/presidi-300x141.png 300w\" sizes=\"auto, (max-width: 320px) 100vw, 320px\" \/> <\/p>\n<p style=\"text-align: justify;\"><span style=\"font-size: 10pt;\"><span style=\"font-family: verdana, geneva;\">IL PRESIDIO DEL LIBRO DI TURI, CON IL PATROCINIO DEL COMUNE DI TURI<\/span><\/span><\/p>\n<p style=\"text-align: justify;\"><span style=\"font-size: 10pt;\"><span style=\"font-family: verdana, geneva;\">IN OCCASIONE DEL 150\u00b0 ANNIVERSARIO DELL&#8217;UNITA&#8217; D&#8217;ITALIA<\/span><\/span><\/p>\n<p style=\"text-align: justify;\"><span style=\"font-size: 10pt;\"><span style=\"font-family: verdana, geneva;\">BANDISCE\u00a0 IL CONCORSO LETTERARIO<\/span><\/span><\/p>\n<p style=\"text-align: justify;\"><span style=\"font-size: 10pt;\"><span style=\"font-family: verdana, geneva;\"><br \/><\/span><\/span><\/p>\n<p style=\"text-align: center;\"><span style=\"font-size: 10pt;\"><span style=\"font-size: 12pt;\"><strong>\u201cCOSA SIGNIFICA ESSERE ITALIANI ?!\u201d<\/strong><\/span><\/span><\/p>\n<p style=\"text-align: justify;\"><span style=\"font-size: 10pt;\"><span style=\"font-family: verdana, geneva;\"> <\/span><\/span><\/p>\n<p style=\"text-align: justify;\"><span style=\"font-size: 10pt;\"><span style=\"font-family: verdana, geneva;\">Raccontalo in un: DISEGNO- POESIA- RACCONTO- CORTOMETRAGGIO<\/span><\/span><\/p>\n<p style=\"text-align: justify;\"><span style=\"font-size: 10pt;\"><span style=\"font-family: verdana, geneva;\"><br \/><\/span><\/span><\/p>\n<p style=\"text-align: justify;\"><span style=\"font-size: 10pt;\"><span style=\"font-family: verdana, geneva;\"> <\/span><\/span><\/p>\n<p style=\"text-align: justify;\"><strong><span style=\"font-size: 10pt;\"><span style=\"font-family: verdana, geneva;\">REGOLAMENTO<\/span><\/span><\/strong><\/p>\n<p><strong><span style=\"font-size: 10pt;\"><span style=\"font-family: verdana, geneva;\"> <\/span><\/span><\/strong><\/p>\n<p style=\"text-align: justify;\"><span style=\"font-size: 10pt;\"><span style=\"font-size: 12pt;\"><span><span style=\"font-size: 10pt;\"><span style=\"font-family: verdana, geneva;\"><span style=\"text-decoration: underline;\">Possono partecipare <strong>alunni di ogni scuola, singolarmente o in gruppi<\/strong><\/span><\/span><\/span><span style=\"font-family: verdana, geneva;\">.<\/span><\/span><\/span><\/span><\/p>\n<p style=\"text-align: justify;\"><span style=\"font-size: 10pt;\"><span style=\"font-family: verdana, geneva;\">\u00c8 possibile partecipare a pi\u00f9 sezioni contemporaneamente, con pi\u00f9 opere per sezione.<\/span><\/span><\/p>\n<p style=\"text-align: justify;\"><span style=\"font-size: 10pt;\"><span style=\"font-family: verdana, geneva;\"><strong>1) Sezione racconto <\/strong>un racconto a tema libero, che non superi le 3 cartelle.<\/span><\/span><\/p>\n<p style=\"text-align: justify;\"><span style=\"font-size: 10pt;\"><span style=\"font-family: verdana, geneva;\"><strong>2) Sezione poesia <\/strong>poesie in lingua italiana, max 3.<\/span><\/span><\/p>\n<p style=\"text-align: justify;\"><span style=\"font-size: 10pt;\"><span style=\"font-family: verdana, geneva;\"><strong>3) Sezione cortometraggio<\/strong> Possono partecipare cortometraggi inediti in lingua italiana a tematica storica, riguardanti il tema del 150\u00b0 Anniversario dell&#8217;Unit\u00e0 di Italia, della durata max di 10 minuti.<\/span><\/span><\/p>\n<p><strong><span style=\"font-size: 10pt;\"><span style=\"font-family: verdana, geneva;\"> <\/span><\/span><\/strong><\/p>\n<p><strong><span style=\"font-size: 10pt;\"><span style=\"font-family: verdana, geneva;\"> <\/span><\/span><\/strong><\/p>\n<p style=\"text-align: justify;\"><span style=\"font-size: 10pt;\"><span style=\"font-family: verdana, geneva;\"><strong>4) Sezione disegno <\/strong>Qualsisi tecnica grafica-pittorica<\/span><\/span><\/p>\n<pre style=\"line-height: 17px; white-space: normal;\"><p style=\"text-align: justify;\"><span style=\"font-size: 10pt;\"><span style=\"font-family: verdana, geneva;\">A seguito di numerose richieste, il Presidio del Libro di Turi ha deciso di estendere la <strong>partecipazione<\/strong>, gratuita, al concorso, <strong>anche agli adulti<\/strong>.\u00a0<\/span><\/span><\/p><p style=\"text-align: justify;\"><span style=\"font-size: 10pt;\"><span style=\"font-family: verdana, geneva;\">\u00a0<\/span><\/span><span style=\"font-family: verdana, geneva; font-size: 13px;\"><span style=\"text-decoration: underline;\">Verr\u00e0 pertanto aperta\u00a0una <strong>Sezione <\/strong>anche per tutti coloro che <strong>non sono <\/strong><strong>studenti<\/strong><\/span>.<\/span><\/p><\/pre>\n<p style=\"text-align: justify;\"><span style=\"font-size: 10pt;\"><span style=\"font-family: verdana, geneva;\">La partecipazione \u00e8 gratuita.<\/span><\/span><\/p>\n<p style=\"text-align: justify;\"><span style=\"font-size: 10pt;\"><span style=\"font-family: verdana, geneva;\">I partecipanti devono unire insieme al progetto presentato una scheda con dati anagrafici, breve sintesi del lavoro svolto, scuola di appartenenza.<\/span><\/span><\/p>\n<p style=\"text-align: justify;\"><span style=\"font-size: 10pt;\"><span style=\"font-family: verdana, geneva;\">Gli elaborati, firmati, dovranno essere consegnati\u00a0 entro il <span style=\"text-decoration: underline;\">15 Marzo 2011<\/span> al Presidio del Libro di Turi, presso Libreria Eleutera, via G. Elefante 11 (Siamo a disposizione per ulteriori chiarimenti)<\/span><\/span><\/p>\n<p style=\"text-align: justify;\"><span style=\"font-size: 10pt;\"><span style=\"font-family: verdana, geneva;\">Un&#8217;apposita giuria selezioner\u00e0 i lavori che verranno esposti in una mostra aperta a tutti.<\/span><\/span><\/p>\n<p style=\"text-align: justify;\"><span style=\"font-size: 10pt;\"><span style=\"font-family: verdana, geneva;\">Ai vincitori di ogni sezione verr\u00e0 assegnato un Diploma di Merito e libri.<\/span><\/span><\/p>\n<p style=\"text-align: justify;\"><span style=\"font-size: 10pt;\"><span style=\"font-family: verdana, geneva;\"><strong>La premiazione avverr\u00e0 domenica 10 aprile, dopo l&#8217;incontro con l&#8217;Autore ERALDO AFFINATI<\/strong>.<\/span><\/span><\/p>\n<p style=\"text-align: justify;\"><span style=\"font-size: 10pt;\"><span style=\"font-family: verdana, geneva;\"><br \/><\/span><\/span><\/p>\n","protected":false},"excerpt":{"rendered":"<p><img loading=\"lazy\" decoding=\"async\" class=\" size-full wp-image-5200\" src=\"https:\/\/archivioturi.lavocedelpaese.info\/wp-content\/uploads\/2011\/01\/presidi.png\" width=\"320\" height=\"150\" alt=\"presidi\" srcset=\"https:\/\/archivioturi.lavocedelpaese.info\/wp-content\/uploads\/2011\/01\/presidi.png 640w, https:\/\/archivioturi.lavocedelpaese.info\/wp-content\/uploads\/2011\/01\/presidi-300x141.png 300w\" sizes=\"auto, (max-width: 320px) 100vw, 320px\" \/> <\/p>\n","protected":false},"author":1,"featured_media":5200,"comment_status":"open","ping_status":"closed","sticky":false,"template":"","format":"standard","meta":{"colormag_page_container_layout":"default_layout","colormag_page_sidebar_layout":"default_layout","footnotes":""},"categories":[7],"tags":[],"class_list":["post-5201","post","type-post","status-publish","format-standard","has-post-thumbnail","hentry","category-attualita"],"_links":{"self":[{"href":"https:\/\/archivioturi.lavocedelpaese.info\/index.php\/wp-json\/wp\/v2\/posts\/5201","targetHints":{"allow":["GET"]}}],"collection":[{"href":"https:\/\/archivioturi.lavocedelpaese.info\/index.php\/wp-json\/wp\/v2\/posts"}],"about":[{"href":"https:\/\/archivioturi.lavocedelpaese.info\/index.php\/wp-json\/wp\/v2\/types\/post"}],"author":[{"embeddable":true,"href":"https:\/\/archivioturi.lavocedelpaese.info\/index.php\/wp-json\/wp\/v2\/users\/1"}],"replies":[{"embeddable":true,"href":"https:\/\/archivioturi.lavocedelpaese.info\/index.php\/wp-json\/wp\/v2\/comments?post=5201"}],"version-history":[{"count":0,"href":"https:\/\/archivioturi.lavocedelpaese.info\/index.php\/wp-json\/wp\/v2\/posts\/5201\/revisions"}],"wp:featuredmedia":[{"embeddable":true,"href":"https:\/\/archivioturi.lavocedelpaese.info\/index.php\/wp-json\/wp\/v2\/media\/5200"}],"wp:attachment":[{"href":"https:\/\/archivioturi.lavocedelpaese.info\/index.php\/wp-json\/wp\/v2\/media?parent=5201"}],"wp:term":[{"taxonomy":"category","embeddable":true,"href":"https:\/\/archivioturi.lavocedelpaese.info\/index.php\/wp-json\/wp\/v2\/categories?post=5201"},{"taxonomy":"post_tag","embeddable":true,"href":"https:\/\/archivioturi.lavocedelpaese.info\/index.php\/wp-json\/wp\/v2\/tags?post=5201"}],"curies":[{"name":"wp","href":"https:\/\/api.w.org\/{rel}","templated":true}]}}