{"id":5186,"date":"2011-01-27T07:08:11","date_gmt":"2011-01-27T07:08:11","guid":{"rendered":"https:\/\/archivioturi.lavocedelpaese.info\/index.php\/2011\/01\/27\/27-gennaio-per-non-dimenticare\/"},"modified":"2011-01-27T07:08:11","modified_gmt":"2011-01-27T07:08:11","slug":"27-gennaio-per-non-dimenticare","status":"publish","type":"post","link":"https:\/\/archivioturi.lavocedelpaese.info\/index.php\/2011\/01\/27\/27-gennaio-per-non-dimenticare\/","title":{"rendered":"27 GENNAIO: PER NON DIMENTICARE"},"content":{"rendered":"<p><img loading=\"lazy\" decoding=\"async\" class=\" size-full wp-image-5185\" alt=\"auschwitz-1\" height=\"150\" width=\"320\" src=\"https:\/\/archivioturi.lavocedelpaese.info\/wp-content\/uploads\/2011\/01\/auschwitz-1.jpg\" srcset=\"https:\/\/archivioturi.lavocedelpaese.info\/wp-content\/uploads\/2011\/01\/auschwitz-1.jpg 640w, https:\/\/archivioturi.lavocedelpaese.info\/wp-content\/uploads\/2011\/01\/auschwitz-1-300x141.jpg 300w\" sizes=\"auto, (max-width: 320px) 100vw, 320px\" \/> <\/p>\n<p style=\"text-align: justify; color: #000000; margin-right: 0px; margin-left: 0px; text-indent: 0pt;\"><span style=\"font-size: 10pt;\"><span style=\"font-family: verdana, geneva;\">Il <strong>27 gennaio<\/strong> del 1945 furono aperti i cancelli di Auschwitz, il campo di concentramento e di sterminio costruito dai nazisti nella Polonia occupata, dove persero la vita oltre un milione di ebrei, tra cui molte migliaia di ebrei italiani.<\/span><\/span><\/p>\n<p style=\"text-align: justify; color: #000000; margin-right: 0px; margin-left: 0px; text-indent: 0pt;\"><span style=\"font-size: 10pt;\"><span style=\"font-family: verdana, geneva;\">Il <strong>Giorno della Memoria<\/strong>, che il 27 gennaio del 2011 celebriamo per l\u2019undicesima volta, \u00e8 stato istituito <strong>per non dimenticare la Shoah<\/strong> e le altre vittime dei crimini nazisti, monito affinch\u00e8 quanto avvenuto non si ripeta mai pi\u00f9, per nessun popolo, in nessun tempo e in nessun luogo.<\/span><\/span><\/p>\n<p style=\"text-align: justify; color: #000000; margin-right: 0px; margin-left: 0px; text-indent: 0pt;\"><span style=\"font-size: 10pt;\"><span style=\"font-family: verdana, geneva;\">In Italia, la tragedia della Shoah colp\u00ec il popolo ebraico con le leggi razziali del \u201938 e, successivamente, con le deportazioni, iniziate con l\u2019occupazione nazista avvenuta dopo l\u2019armistizio dell\u20198 settembre 1943. Anche altre persone e categorie furono perseguitate dal regime, \u201ccolpevoli\u201d di una diversit\u00e0 di idee, di valori, di appartenza etnica o religiosa.<\/span><\/span><\/p>\n<p style=\"text-align: justify; color: #000000; margin-right: 0px; margin-left: 0px; text-indent: 0pt;\"><span style=\"font-size: 10pt;\"><span style=\"font-family: verdana, geneva;\">Tale volont\u00e0 liberticida e antidemocratica rappresent\u00f2 un vero e proprio passo indietro rispetto alle conquiste e alle idee di libert\u00e0 e democrazia che nel secolo precedente erano state alla base dei moti che portarono all\u2019unit\u00e0 d\u2019Italia, interruzione ventennale di un processo di ritrovata dignit\u00e0 e piena integrazione per gli ebrei italiani, il cui filo venne ripreso subito dopo la fine del secondo conflitto mondiale.<\/span><\/span><\/p>\n<p style=\"text-align: justify; color: #000000; margin-right: 0px; margin-left: 0px; text-indent: 0pt;\"><span style=\"font-size: 10pt;\"><span style=\"font-family: verdana, geneva;\">L\u2019Italia unita aveva significato per la minoranza ebraica l\u2019emancipazione, la chiusura dei ghetti, l\u2019agognata raggiunta parit\u00e0 con gli altri cittadini dopo secoli di emarginazione. Una libert\u00e0 e una uguaglianza che appunto il fascismo neg\u00f2 solo pochi decenni dopo, nel 1938, con l\u2019emanazione delle leggi razziali, funesto presagio di quanto avverr\u00e0, tragicamente, in seguito.<\/span><\/span><\/p>\n<p style=\"text-align: justify; color: #000000; margin-right: 0px; margin-left: 0px; text-indent: 0pt;\"><span style=\"font-size: 10pt;\"><span style=\"font-family: verdana, geneva;\">Il 17 marzo del 2011 ricorreranno i 150 anni dalla proclamazione dell\u2019Unit\u00e0. Una data che sta molto a cuore a tutti noi anche perch\u00e9 a quel processo storico gli ebrei presero parte con forza, convinzione e passione.<\/span><\/span><\/p>\n<p style=\"text-align: justify; color: #000000; margin-right: 0px; margin-left: 0px; text-indent: 0pt;\"><span style=\"font-family: verdana, geneva; font-size: x-small;\"><br \/><\/span><\/p>\n","protected":false},"excerpt":{"rendered":"<p><img loading=\"lazy\" decoding=\"async\" class=\" size-full wp-image-5185\" alt=\"auschwitz-1\" height=\"150\" width=\"320\" src=\"https:\/\/archivioturi.lavocedelpaese.info\/wp-content\/uploads\/2011\/01\/auschwitz-1.jpg\" srcset=\"https:\/\/archivioturi.lavocedelpaese.info\/wp-content\/uploads\/2011\/01\/auschwitz-1.jpg 640w, https:\/\/archivioturi.lavocedelpaese.info\/wp-content\/uploads\/2011\/01\/auschwitz-1-300x141.jpg 300w\" sizes=\"auto, (max-width: 320px) 100vw, 320px\" \/> <\/p>\n","protected":false},"author":1,"featured_media":5185,"comment_status":"open","ping_status":"closed","sticky":false,"template":"","format":"standard","meta":{"colormag_page_container_layout":"default_layout","colormag_page_sidebar_layout":"default_layout","footnotes":""},"categories":[7],"tags":[],"class_list":["post-5186","post","type-post","status-publish","format-standard","has-post-thumbnail","hentry","category-attualita"],"_links":{"self":[{"href":"https:\/\/archivioturi.lavocedelpaese.info\/index.php\/wp-json\/wp\/v2\/posts\/5186","targetHints":{"allow":["GET"]}}],"collection":[{"href":"https:\/\/archivioturi.lavocedelpaese.info\/index.php\/wp-json\/wp\/v2\/posts"}],"about":[{"href":"https:\/\/archivioturi.lavocedelpaese.info\/index.php\/wp-json\/wp\/v2\/types\/post"}],"author":[{"embeddable":true,"href":"https:\/\/archivioturi.lavocedelpaese.info\/index.php\/wp-json\/wp\/v2\/users\/1"}],"replies":[{"embeddable":true,"href":"https:\/\/archivioturi.lavocedelpaese.info\/index.php\/wp-json\/wp\/v2\/comments?post=5186"}],"version-history":[{"count":0,"href":"https:\/\/archivioturi.lavocedelpaese.info\/index.php\/wp-json\/wp\/v2\/posts\/5186\/revisions"}],"wp:featuredmedia":[{"embeddable":true,"href":"https:\/\/archivioturi.lavocedelpaese.info\/index.php\/wp-json\/wp\/v2\/media\/5185"}],"wp:attachment":[{"href":"https:\/\/archivioturi.lavocedelpaese.info\/index.php\/wp-json\/wp\/v2\/media?parent=5186"}],"wp:term":[{"taxonomy":"category","embeddable":true,"href":"https:\/\/archivioturi.lavocedelpaese.info\/index.php\/wp-json\/wp\/v2\/categories?post=5186"},{"taxonomy":"post_tag","embeddable":true,"href":"https:\/\/archivioturi.lavocedelpaese.info\/index.php\/wp-json\/wp\/v2\/tags?post=5186"}],"curies":[{"name":"wp","href":"https:\/\/api.w.org\/{rel}","templated":true}]}}