{"id":5171,"date":"2011-01-26T07:04:32","date_gmt":"2011-01-26T07:04:32","guid":{"rendered":"https:\/\/archivioturi.lavocedelpaese.info\/index.php\/2011\/01\/26\/iscrizione-bambini-qualche-consiglio\/"},"modified":"2011-01-26T07:04:32","modified_gmt":"2011-01-26T07:04:32","slug":"iscrizione-bambini-qualche-consiglio","status":"publish","type":"post","link":"https:\/\/archivioturi.lavocedelpaese.info\/index.php\/2011\/01\/26\/iscrizione-bambini-qualche-consiglio\/","title":{"rendered":"ISCRIZIONE BAMBINI: QUALCHE CONSIGLIO"},"content":{"rendered":"<p><img loading=\"lazy\" decoding=\"async\" class=\" size-full wp-image-5120\" src=\"https:\/\/archivioturi.lavocedelpaese.info\/wp-content\/uploads\/2011\/01\/flc_bari.jpg\" width=\"320\" height=\"150\" alt=\"flc_bari\" \/><\/p>\n<p style=\"text-align: justify;\"><span style=\"font-size: 10pt;\"> <\/span><\/p>\n<p style=\"text-align: justify;\"><span style=\"font-size: 13px; font-family: verdana, geneva;\">La FLC CGIL intende informare le famiglie di Turi che stanno per iscrivere i propri figli alla prima classe della scuola primaria.<\/span><\/p>\n<p style=\"text-align: justify;\"><strong><span style=\"font-size: 10pt;\"><span style=\"font-family: verdana, geneva;\">SI CONSIDERA DOVEROSO FAR SAPERE CHE:<\/span><\/span><\/strong><\/p>\n<ol>\n<li style=\"text-align: justify;\"><span style=\"font-size: 10pt;\"><span style=\"font-family: verdana, geneva;\">Anche quest&#8217;anno i genitori dovranno <strong>indicare, secondo un ordine di preferenza, \u00a0tutti i modelli orari, che sono quello a 24, 27, 30, 40 ore, ma le scuole potranno garantire solo il modello a 27 ore. Le preferenze indicate resteranno soltanto una formalit\u00e0. Il modello a 30 e 40 ore non potr\u00e0 essere garantito.<\/strong><\/span><\/span><\/li>\n<li style=\"text-align: justify;\"><span style=\"font-size: 10pt;\"><span style=\"font-family: verdana, geneva;\">visti i famigerati tagli agli organici imposti dal governo di centrodestra e dal ministro Gelmini,<strong> <\/strong>per il prossimo anno scolastico il tempo scuola di 30 ore settimanali non sar\u00e0 attuabile:\u00a0 infatti gli organici degli insegnanti\u00a0 saranno calcolati per coprire<strong> il modello delle 27 ore di lezione e non pi\u00f9 di 30 (<\/strong>se non per le quarte e quinte classi); il che non \u00e8 affatto una cosa da poco: <\/span><\/span><\/li>\n<li style=\"text-align: justify;\"><span style=\"font-size: 10pt;\"><span style=\"font-family: verdana, geneva;\">un bambino che avr\u00e0 frequentato 5 anni di scuola primaria per 27 ore settimanali piuttosto che per 30 si ritrover\u00e0 con ben <strong>18 settimane di tempo scuola in meno, pi\u00f9 di mezzo anno<\/strong> rubato ai suoi ritmi di apprendimento!<\/span><\/span><\/li>\n<li style=\"text-align: justify;\"><span style=\"font-size: 10pt;\"><span style=\"font-family: verdana, geneva;\">ancora <strong>pi\u00f9 grave<\/strong> il confronto con il modello a 40 ore: in questo caso un bambino che frequenta per 27 ore settimanali, rispetto a un bambino che svolge settimanalmente 40 ore di lezione, <strong>perde<\/strong> un periodo di formazione pari a <strong>13 ore settimanali<\/strong> che, per 33 settimane annue,\u00a0 equivale a <strong>369 ore in un anno<\/strong> ovvero <strong>1.845 ore nel quinquennio<\/strong> (complessivamente \u00a0un anno e mezzo di scuola rubato ai suoi ritmi di apprendimento nel quinquennio!!);<\/span><\/span><\/li>\n<li style=\"text-align: justify;\"><span style=\"font-size: 10pt;\"><span style=\"font-family: verdana, geneva;\">Con meno insegnanti,con classi pi\u00f9 numerose, con meno tempo scuola sar\u00e0 sempre pi\u00f9 difficile portare avanti una didattica di qualit\u00e0. Quali soluzioni potrebbero risultare determinanti per salvaguardare un\u2019adeguata qualit\u00e0 dell&#8217;apprendimento?<\/span><\/span><\/li>\n<\/ol>\n<p style=\"text-align: justify;\"><strong><span style=\"font-size: 10pt;\"><span style=\"font-family: verdana, geneva;\">LA FLC CGIL BARI CHIEDE ALLE FAMIGLIE DI:<\/span><\/span><\/strong><\/p>\n<ol start=\"1\">\n<li style=\"text-align: justify;\"><strong><span style=\"font-size: 10pt;\"><span style=\"font-family: verdana, geneva;\">esprimere con chiarezza e senza      esitazioni solo ed esclusivamente la scelte dei modelli orari basati sulle      40 e sulle 30 \u00a0ore rifiutandosi categoricamente di indicare altre      preferenze;<\/span><\/span><\/strong><\/li>\n<li style=\"text-align: justify;\"><span style=\"font-size: 10pt;\"><span style=\"font-family: verdana, geneva;\">attivarsi <strong>sin da ora <\/strong>con\u00a0      gli Enti locali (Sindaci e giunte comunali) affinch\u00e9 garantiscano il      necessario sostegno ai bisogni espressi dalle Scuole soprattutto per      l\u2019attivazione del tempo pieno; anche la FLC CGIL di Bari, far\u00e0 la sua      parte invitando le proprie strutture comunali a richiedere tavoli comunali      di concertazione;<\/span><\/span><\/li>\n<li style=\"text-align: justify;\"><span style=\"font-size: 10pt;\"><span style=\"font-family: verdana, geneva;\">invitare anche i Dirigenti      Scolastici a persistere in tali richieste al Sindaco, come indicato, il <strong>14      gennaio u.s.,<\/strong> proprio dal Dirigente dell\u2019ambito territoriale di      Bari <strong>dott. Giovanni Lacoppola<\/strong>.<\/span><\/span><\/li>\n<\/ol>\n<p style=\"text-align: justify;\"><span style=\"font-size: 10pt;\"><span style=\"font-family: verdana, geneva;\"> <\/span><\/span><\/p>\n<p style=\"text-align: right;\"><span style=\"font-size: 10pt;\"><span style=\"font-family: verdana, geneva;\">FLC CGIL<\/span><\/span><\/p>\n<p style=\"text-align: right;\"><span style=\"font-size: 10pt;\"><span style=\"font-family: verdana, geneva;\">Delegato territoriale<\/span><\/span><\/p>\n<p style=\"text-align: right;\"><span style=\"font-size: 10pt;\"><span style=\"font-family: verdana, geneva;\">Filippo Losacco<\/span><\/span><\/p>\n","protected":false},"excerpt":{"rendered":"<p><img loading=\"lazy\" decoding=\"async\" class=\" size-full wp-image-5120\" src=\"https:\/\/archivioturi.lavocedelpaese.info\/wp-content\/uploads\/2011\/01\/flc_bari.jpg\" width=\"320\" height=\"150\" alt=\"flc_bari\" \/><\/p>\n<p style=\"text-align: justify;\"><span style=\"font-size: 10pt;\"> <\/span><\/p>\n","protected":false},"author":1,"featured_media":5120,"comment_status":"open","ping_status":"closed","sticky":false,"template":"","format":"standard","meta":{"colormag_page_container_layout":"default_layout","colormag_page_sidebar_layout":"default_layout","footnotes":""},"categories":[7],"tags":[],"class_list":["post-5171","post","type-post","status-publish","format-standard","has-post-thumbnail","hentry","category-attualita"],"_links":{"self":[{"href":"https:\/\/archivioturi.lavocedelpaese.info\/index.php\/wp-json\/wp\/v2\/posts\/5171","targetHints":{"allow":["GET"]}}],"collection":[{"href":"https:\/\/archivioturi.lavocedelpaese.info\/index.php\/wp-json\/wp\/v2\/posts"}],"about":[{"href":"https:\/\/archivioturi.lavocedelpaese.info\/index.php\/wp-json\/wp\/v2\/types\/post"}],"author":[{"embeddable":true,"href":"https:\/\/archivioturi.lavocedelpaese.info\/index.php\/wp-json\/wp\/v2\/users\/1"}],"replies":[{"embeddable":true,"href":"https:\/\/archivioturi.lavocedelpaese.info\/index.php\/wp-json\/wp\/v2\/comments?post=5171"}],"version-history":[{"count":0,"href":"https:\/\/archivioturi.lavocedelpaese.info\/index.php\/wp-json\/wp\/v2\/posts\/5171\/revisions"}],"wp:featuredmedia":[{"embeddable":true,"href":"https:\/\/archivioturi.lavocedelpaese.info\/index.php\/wp-json\/wp\/v2\/media\/5120"}],"wp:attachment":[{"href":"https:\/\/archivioturi.lavocedelpaese.info\/index.php\/wp-json\/wp\/v2\/media?parent=5171"}],"wp:term":[{"taxonomy":"category","embeddable":true,"href":"https:\/\/archivioturi.lavocedelpaese.info\/index.php\/wp-json\/wp\/v2\/categories?post=5171"},{"taxonomy":"post_tag","embeddable":true,"href":"https:\/\/archivioturi.lavocedelpaese.info\/index.php\/wp-json\/wp\/v2\/tags?post=5171"}],"curies":[{"name":"wp","href":"https:\/\/api.w.org\/{rel}","templated":true}]}}