{"id":5137,"date":"2011-01-21T07:00:19","date_gmt":"2011-01-21T07:00:19","guid":{"rendered":"https:\/\/archivioturi.lavocedelpaese.info\/index.php\/2011\/01\/21\/natalino-vuole-organizzare-la-festa-di-soronzo\/"},"modified":"2011-01-21T07:00:19","modified_gmt":"2011-01-21T07:00:19","slug":"natalino-vuole-organizzare-la-festa-di-soronzo","status":"publish","type":"post","link":"https:\/\/archivioturi.lavocedelpaese.info\/index.php\/2011\/01\/21\/natalino-vuole-organizzare-la-festa-di-soronzo\/","title":{"rendered":"NATALINO VUOLE ORGANIZZARE LA FESTA DI S.ORONZO"},"content":{"rendered":"<p><img loading=\"lazy\" decoding=\"async\" class=\" size-full wp-image-5136\" src=\"https:\/\/archivioturi.lavocedelpaese.info\/wp-content\/uploads\/2011\/01\/natalin.jpg\" width=\"320\" height=\"150\" alt=\"natalin\" \/> <\/p>\n<p style=\"text-align: justify;\"><span style=\"font-size: 10pt;\"><span style=\"font-family: verdana, geneva;\">\u201cIo e il mio gruppo \u2013 il consigliere comunale Natalino Ventrella ci parla a nome anche di Sante Tauro e \u00a0Pietro Colapietro &#8211; offriamo la nostra collaborazione per creare un nuovo Comitato Festa Patronale, insieme alle associazioni di categoria, agli operatori interessati, eccetera. Noi abbiamo delle idee innovative e desideriamo che Turi abbia una festa \u2018diversa\u2019. Offriamo gratuitamente al sindaco Gigantelli la nostra consulenza. Vogliamo fare tutto con la massima trasparenza e con bilanci pubblici. Vogliamo vincere la scommessa e presentare una Festa di sant\u2019Oronzo adeguata alle esigenze di tutta la collettivit\u00e0. Abbiamo contattato l\u2019agente del cantante Marco Mengoni. Aspettiamo ora una risposta da Gigantelli.\u201d<\/span><\/span><\/p>\n<p style=\"text-align: justify;\"><strong><span style=\"font-size: 10pt;\"><span style=\"font-family: verdana, geneva;\">Ma sapete chi \u00e8 a decidere il nome del presidente della Festa?<\/span><\/span><\/strong><\/p>\n<p style=\"text-align: justify;\"><span style=\"font-size: 10pt;\"><span style=\"font-family: verdana, geneva;\">\u201cDon Giovanni Amodio, sentito il parere del sindaco, avanza al vescovo la proposta di chi vuol fare la festa. Sono fiducioso. Siamo persone per bene, persone trasparenti. E vogliamo dare un contributo sostanziale a Turi. L\u2019hanno fatta altre persone che non erano capaci, la possiamo fare anche noi.\u201d<\/span><\/span><\/p>\n<p style=\"text-align: justify;\"><strong><span style=\"font-size: 10pt;\"><span style=\"font-family: verdana, geneva;\">Avete parlato con don Giovanni Amodio?<\/span><\/span><\/strong><\/p>\n<p style=\"text-align: justify;\"><span style=\"font-size: 10pt;\"><span style=\"font-family: verdana, geneva;\">\u201cAssolutamente no. Questa \u00e8 un\u2019esclusiva che noi diamo a Turiweb. Marinuccio Di Venere ha gi\u00e0 dichiarato che non la vuole fare pi\u00f9 la festa. Non \u00e8 che uno fa una dichiarazione la mattina e la sera cambia idea\u2026 Se gliela fanno rifare a Di Venere va bene lo stesso, dato che ha dimostrato di essere una persona perbene e capace. In caso contrario, perch\u00e9 non possiamo farla noi?\u201d<\/span><\/span><\/p>\n<p style=\"text-align: justify;\"><strong><span style=\"font-size: 10pt;\"><span style=\"font-family: verdana, geneva;\">Sareste disposti a lavorare con Di Venere Giammaria?<\/span><\/span><\/strong><\/p>\n<p style=\"text-align: justify;\"><span style=\"font-size: 10pt;\"><span style=\"font-family: verdana, geneva;\">\u201cNoi vogliamo l\u2019esclusiva. Il Comitato deve essere nuovo. Di Venere farebbe parte di questo nuovo comitato magari come presidente ad honorem. Noi vogliamo prenderci questa festa che altri non vogliono prendere perch\u00e9 \u00e8\u00a0 una \u201c rogna\u201d, bisogna vedere se ce la vogliono dare. Per\u00f2 se non ce la danno, pretenderemo delle spiegazioni.\u201d<\/span><\/span><\/p>\n<p style=\"text-align: justify;\"><strong><span style=\"font-size: 10pt;\"><span style=\"font-family: verdana, geneva;\">Ci potete anticipare qualche novit\u00e0 che apporterete alla\u00a0 festa patronale?<\/span><\/span><\/strong><\/p>\n<p style=\"text-align: justify;\"><span style=\"font-size: 10pt;\"><span style=\"font-family: verdana, geneva;\">\u201cI giorni dedicati alla festa saranno di meno. Il percorso del Carro sar\u00e0 sempre quello. Noi faremmo un corteo storico come quello del 16 agosto a Conversano, con il coinvolgimento di altri paesi per una festa allargata a pi\u00f9 comuni e a pi\u00f9 cortei in un momento storico condiviso. Altre novit\u00e0 le stiamo studiando, due delle quali restano top secret. Abbiamo tante idee&#8230;\u201d<\/span><\/span><\/p>\n<p style=\"text-align: justify;\"><strong><span style=\"font-size: 10pt;\"><span style=\"font-family: verdana, geneva;\">Con Di Venere presidente, molti si lamentano che gli orari non vengono rispettati\u2026<\/span><\/span><\/strong><\/p>\n<p style=\"text-align: justify;\"><span style=\"font-size: 10pt;\"><span style=\"font-family: verdana, geneva;\">\u201cNoi faremo rispettare gli orari col \u2018carro trionfale\u2019 che alle 22 deve arrivare in piazza. Poi la festa deve continuare, con i turisti che si fermeranno da noi in attesa dei tre fuochi d\u2019artificio che torneranno a chiudere la serata del 26 agosto. Scompare la serata dedicata ai soli fuochi pirotecnici.\u201d<\/span><\/span><\/p>\n<p>\u00a0<\/p>\n","protected":false},"excerpt":{"rendered":"<p><img loading=\"lazy\" decoding=\"async\" class=\" size-full wp-image-5136\" src=\"https:\/\/archivioturi.lavocedelpaese.info\/wp-content\/uploads\/2011\/01\/natalin.jpg\" width=\"320\" height=\"150\" alt=\"natalin\" \/> <\/p>\n","protected":false},"author":1,"featured_media":5136,"comment_status":"open","ping_status":"closed","sticky":false,"template":"","format":"standard","meta":{"colormag_page_container_layout":"default_layout","colormag_page_sidebar_layout":"default_layout","footnotes":""},"categories":[4],"tags":[],"class_list":["post-5137","post","type-post","status-publish","format-standard","has-post-thumbnail","hentry","category-politica"],"_links":{"self":[{"href":"https:\/\/archivioturi.lavocedelpaese.info\/index.php\/wp-json\/wp\/v2\/posts\/5137","targetHints":{"allow":["GET"]}}],"collection":[{"href":"https:\/\/archivioturi.lavocedelpaese.info\/index.php\/wp-json\/wp\/v2\/posts"}],"about":[{"href":"https:\/\/archivioturi.lavocedelpaese.info\/index.php\/wp-json\/wp\/v2\/types\/post"}],"author":[{"embeddable":true,"href":"https:\/\/archivioturi.lavocedelpaese.info\/index.php\/wp-json\/wp\/v2\/users\/1"}],"replies":[{"embeddable":true,"href":"https:\/\/archivioturi.lavocedelpaese.info\/index.php\/wp-json\/wp\/v2\/comments?post=5137"}],"version-history":[{"count":0,"href":"https:\/\/archivioturi.lavocedelpaese.info\/index.php\/wp-json\/wp\/v2\/posts\/5137\/revisions"}],"wp:featuredmedia":[{"embeddable":true,"href":"https:\/\/archivioturi.lavocedelpaese.info\/index.php\/wp-json\/wp\/v2\/media\/5136"}],"wp:attachment":[{"href":"https:\/\/archivioturi.lavocedelpaese.info\/index.php\/wp-json\/wp\/v2\/media?parent=5137"}],"wp:term":[{"taxonomy":"category","embeddable":true,"href":"https:\/\/archivioturi.lavocedelpaese.info\/index.php\/wp-json\/wp\/v2\/categories?post=5137"},{"taxonomy":"post_tag","embeddable":true,"href":"https:\/\/archivioturi.lavocedelpaese.info\/index.php\/wp-json\/wp\/v2\/tags?post=5137"}],"curies":[{"name":"wp","href":"https:\/\/api.w.org\/{rel}","templated":true}]}}