{"id":5119,"date":"2011-01-18T13:23:19","date_gmt":"2011-01-18T13:23:19","guid":{"rendered":"https:\/\/archivioturi.lavocedelpaese.info\/index.php\/2011\/01\/18\/festa-di-santantonio-abate-grande-successo\/"},"modified":"2011-01-18T13:23:19","modified_gmt":"2011-01-18T13:23:19","slug":"festa-di-santantonio-abate-grande-successo","status":"publish","type":"post","link":"https:\/\/archivioturi.lavocedelpaese.info\/index.php\/2011\/01\/18\/festa-di-santantonio-abate-grande-successo\/","title":{"rendered":"FESTA DI SANT\u2019ANTONIO ABATE: GRANDE SUCCESSO"},"content":{"rendered":"<p><img loading=\"lazy\" decoding=\"async\" class=\" size-full wp-image-5118\" src=\"https:\/\/archivioturi.lavocedelpaese.info\/wp-content\/uploads\/2011\/01\/s.antonio_17-1-11_15.jpg\" width=\"320\" height=\"150\" alt=\"s.antonio_17-1-11_15\" srcset=\"https:\/\/archivioturi.lavocedelpaese.info\/wp-content\/uploads\/2011\/01\/s.antonio_17-1-11_15.jpg 640w, https:\/\/archivioturi.lavocedelpaese.info\/wp-content\/uploads\/2011\/01\/s.antonio_17-1-11_15-300x141.jpg 300w\" sizes=\"auto, (max-width: 320px) 100vw, 320px\" \/> <\/p>\n<p style=\"text-align: justify;\"><strong><span style=\"font-size: 10pt;\"><span style=\"font-family: verdana, geneva;\">Ottimo risultato per l\u2019 Associazione \u201cTuresi a Cavallo\u201d <\/span><\/span><\/strong><\/p>\n<p style=\"text-align: justify;\"><span style=\"font-size: 10pt;\"><span style=\"font-family: verdana, geneva;\">In una serata fredda come quella di ieri, 17 Gennaio, in tanti si sono radunati attorno al fal\u00f2 preparato in Largo Pozzi pronto ad accogliere i tanti giunti per la <strong>festa in onore di San\u2019Antonio Abate<\/strong>.<\/span><\/span><\/p>\n<p style=\"text-align: justify;\"><span style=\"font-size: 10pt;\"><span style=\"font-family: verdana, geneva;\">Organizzata per il 6\u00b0 anno dall\u2019<strong>Associazione \u201cTuresi a Cavallo\u201d<\/strong>, la serata ha riscontrato un successo che si conferma e si accresce di anno in anno, da parte di turesi e turisti che si riuniscono per onorare il Santo protettore degli animali.<\/span><\/span><\/p>\n<p style=\"text-align: justify;\"><span style=\"font-size: 10pt;\"><span style=\"font-family: verdana, geneva;\">Quest\u2019anno, l\u2019Associazione ha donato alla comunit\u00e0 la statua del Santo realizzata dall\u2019artista turese Peppino Scotella, interamente realizzata in cartapesta e benedetta durante la funzione religiosa in Chiesa Madre da Don Lino Fanelli e Don F\u00e9licien. Realizzata in circa un anno di lavoro ed alta circa 1,70 metri, la statua di cartapesta \u00a0rester\u00e0 esposta in Chiesa Madre tutto l\u2019anno. Durante la messa, dalle parole del presidente dell\u2019Associazione \u201cTuresi a cavallo\u201d, Tonio Palmisano si apprende un sentito ringraziamento \u201ca Peppino Scotella per la bellissima statua che ha realizzato, a don Giovanni Amodio che ci ha sempre supportato. Un grazie va anche a don Maurizio Caldararo e don Giovanni Cipriani che negli scorsi anni hanno messo a nostra disposizione la loro statua. Siamo riconoscenti nei confronti dei cittadini e degli sponsor che hanno contribuito in maniera assolutamente alla realizzazione di questa serata\u201d.<\/span><\/span><\/p>\n<p style=\"text-align: justify;\"><span style=\"font-size: 10pt;\"><span style=\"font-family: verdana, geneva;\">Dopo la celebrazione religiosa, in processione San\u2019Antonio Abate \u00e8 stato condotto a Largo Pozzi, passando davanti la chiesa di San Giovanni e dal Carcere, dove \u00e8 seguita la benedizione dei tanti animali radunati dai loro padroni attorno al fal\u00f2. Subito dopo ha preso la parola il Sindaco, dott. Enzo Gigantelli, ringraziando l\u2019Associazione organizzatrice per l\u2019impegno profuso ogni anno per questa magnifica manifestazione e i cittadini per aver preso parte attivamente ad ogni sua fase.<\/span><\/span><\/p>\n<p style=\"text-align: justify;\"><span style=\"font-size: 10pt;\"><span style=\"font-family: verdana, geneva;\">Sebbene il rito nasca originariamente con l\u2019intento di benedire gli animali domestici per augurare agli allevatori un anno di serenit\u00e0 economica, negli anni \u00e8 diventata una consuetudine, per \u00a0bambini ed adulti quella di portare a far benedire anche animali come conigli, cani, gatti, tartarughe e pesci.<\/span><\/span><\/p>\n<p style=\"text-align: justify;\"><span style=\"font-size: 10pt;\"><span style=\"font-family: verdana, geneva;\">La permanenza dei festanti \u00e8 stata allietata dalla degustazione di prodotti tipici locali presso appositi stands e dalle note della Banda cittadina SS. Maria Ausiliatrice \u201csempre attenta alle esigenze della associazione\u201d &#8211; commenta il sig.r Palmisano. \u201cSiamo contenti per la riuscita dell\u2019evento che ogni anno riscontra sempre pi\u00f9 successo. A tutti i cittadini accorti va un ringraziamento particolare perch\u00e8 la loro costante presenza ci incoraggia ad andare avanti\u201d. \u00c8 stato espresso anche un ringraziamento ai componenti dell\u2019associazione per la loro preziosa presenza: a Vito Logrillo, Paolo Loisi, Giuseppe Lozupone, Gianvito Palmisano, Lorenzo Palmisano, Sebastiano Ritoli, Vitantonio Spada, Salvatore Mallardi, Antonio Valentini, Matteo Valentini, Angelo Carenza, Rocco Valentini, Giuseppe Antonio Loisi, Oronzo Giannuzzi, Damiano Giannuzzi, Giuseppe Patruno, Domenico Azzillonna, Pietro Daddabbo, Vito Lenato, Gianni Girolamo, Saverio Annese, Pietro Valenzano.<\/span><\/span><\/p>\n<p style=\"text-align: justify;\"><span style=\"font-size: 10pt;\"><span style=\"font-family: verdana, geneva;\">Di seguito potrete vedere il video della serata e, a seguire, qualche scatto fotografico.<\/span><\/span><\/p>\n<p><object data=\"http:\/\/www.youtube.com\/v\/LD1tPf-AzQE?fs=1&amp;hl=it_IT\" type=\"application\/x-shockwave-flash\" height=\"385\" width=\"640\"><param name=\"allowfullscreen\" value=\"true\" \/><param name=\"allowscriptaccess\" value=\"always\" \/><param name=\"src\" value=\"http:\/\/www.youtube.com\/v\/LD1tPf-AzQE?fs=1&amp;hl=it_IT\" \/><\/object><br \/>\n<object data=\"http:\/\/picasaweb.google.com\/s\/c\/bin\/slideshow.swf\" type=\"application\/x-shockwave-flash\" height=\"660\" width=\"660\"><param name=\"flashvars\" value=\"host=picasaweb.google.com&amp;hl=it&amp;feat=flashalbum&amp;RGB=0x000000&amp;feed=http%3A%2F%2Fpicasaweb.google.com%2Fdata%2Ffeed%2Fapi%2Fuser%2Fredazionerutiglianoweb%2Falbumid%2F5563516142323499617%3Falt%3Drss%26kind%3Dphoto%26hl%3Dit\" \/><param name=\"src\" value=\"http:\/\/picasaweb.google.com\/s\/c\/bin\/slideshow.swf\" \/><\/object><\/p>\n","protected":false},"excerpt":{"rendered":"<p><img loading=\"lazy\" decoding=\"async\" class=\" size-full wp-image-5118\" src=\"https:\/\/archivioturi.lavocedelpaese.info\/wp-content\/uploads\/2011\/01\/s.antonio_17-1-11_15.jpg\" width=\"320\" height=\"150\" alt=\"s.antonio_17-1-11_15\" srcset=\"https:\/\/archivioturi.lavocedelpaese.info\/wp-content\/uploads\/2011\/01\/s.antonio_17-1-11_15.jpg 640w, https:\/\/archivioturi.lavocedelpaese.info\/wp-content\/uploads\/2011\/01\/s.antonio_17-1-11_15-300x141.jpg 300w\" sizes=\"auto, (max-width: 320px) 100vw, 320px\" \/> <\/p>\n","protected":false},"author":1,"featured_media":5118,"comment_status":"open","ping_status":"closed","sticky":false,"template":"","format":"standard","meta":{"colormag_page_container_layout":"default_layout","colormag_page_sidebar_layout":"default_layout","footnotes":""},"categories":[6],"tags":[],"class_list":["post-5119","post","type-post","status-publish","format-standard","has-post-thumbnail","hentry","category-cultura"],"_links":{"self":[{"href":"https:\/\/archivioturi.lavocedelpaese.info\/index.php\/wp-json\/wp\/v2\/posts\/5119","targetHints":{"allow":["GET"]}}],"collection":[{"href":"https:\/\/archivioturi.lavocedelpaese.info\/index.php\/wp-json\/wp\/v2\/posts"}],"about":[{"href":"https:\/\/archivioturi.lavocedelpaese.info\/index.php\/wp-json\/wp\/v2\/types\/post"}],"author":[{"embeddable":true,"href":"https:\/\/archivioturi.lavocedelpaese.info\/index.php\/wp-json\/wp\/v2\/users\/1"}],"replies":[{"embeddable":true,"href":"https:\/\/archivioturi.lavocedelpaese.info\/index.php\/wp-json\/wp\/v2\/comments?post=5119"}],"version-history":[{"count":0,"href":"https:\/\/archivioturi.lavocedelpaese.info\/index.php\/wp-json\/wp\/v2\/posts\/5119\/revisions"}],"wp:featuredmedia":[{"embeddable":true,"href":"https:\/\/archivioturi.lavocedelpaese.info\/index.php\/wp-json\/wp\/v2\/media\/5118"}],"wp:attachment":[{"href":"https:\/\/archivioturi.lavocedelpaese.info\/index.php\/wp-json\/wp\/v2\/media?parent=5119"}],"wp:term":[{"taxonomy":"category","embeddable":true,"href":"https:\/\/archivioturi.lavocedelpaese.info\/index.php\/wp-json\/wp\/v2\/categories?post=5119"},{"taxonomy":"post_tag","embeddable":true,"href":"https:\/\/archivioturi.lavocedelpaese.info\/index.php\/wp-json\/wp\/v2\/tags?post=5119"}],"curies":[{"name":"wp","href":"https:\/\/api.w.org\/{rel}","templated":true}]}}