{"id":5099,"date":"2011-01-17T07:30:24","date_gmt":"2011-01-17T07:30:24","guid":{"rendered":"https:\/\/archivioturi.lavocedelpaese.info\/index.php\/2011\/01\/17\/morite-in-campagna-vi-spetta-la-copertina-di-fax\/"},"modified":"2011-01-17T07:30:24","modified_gmt":"2011-01-17T07:30:24","slug":"morite-in-campagna-vi-spetta-la-copertina-di-fax","status":"publish","type":"post","link":"https:\/\/archivioturi.lavocedelpaese.info\/index.php\/2011\/01\/17\/morite-in-campagna-vi-spetta-la-copertina-di-fax\/","title":{"rendered":"MORITE IN CAMPAGNA? VI SPETTA LA COPERTINA DI FAX"},"content":{"rendered":"<p><img loading=\"lazy\" decoding=\"async\" class=\" size-full wp-image-3554\" src=\"https:\/\/archivioturi.lavocedelpaese.info\/wp-content\/uploads\/2010\/11\/Vignetta_satira2.jpg\" width=\"320\" height=\"150\" alt=\"Vignetta_satira2\" srcset=\"https:\/\/archivioturi.lavocedelpaese.info\/wp-content\/uploads\/2010\/11\/Vignetta_satira2.jpg 640w, https:\/\/archivioturi.lavocedelpaese.info\/wp-content\/uploads\/2010\/11\/Vignetta_satira2-300x141.jpg 300w\" sizes=\"auto, (max-width: 320px) 100vw, 320px\" \/> <\/p>\n<p style=\"text-align: justify;\"><span style=\"font-size: 10pt;\"><span style=\"font-family: verdana, geneva;\">Bisogna morire nella maniera pi\u00f9 \u2018anonima\u2019 possibile, ma soprattutto bisogna andare a morire lontano da Turi. Altrimenti vi tocca la prima pagina di Fax con tante di quelle foto, possibilmente a colori. Soprattutto se morite in campagna non si sfugge. Fax vigila e non ve lo perdona. Nessuno \u00e8 immune dall\u2019andare a finire su Fax, sempre a caccia di notizie, anche quando non si tratta di notizie.<\/span><\/span><\/p>\n<p style=\"text-align: justify;\"><span style=\"font-size: 10pt;\"><span style=\"font-family: verdana, geneva;\">Nell\u2019ultimo numero del settimanale in questione, addirittura \u00e8 stata data la notizia di un turese 77enne deceduto per un arresto cardio-respiratorio mentre, armato di moto-zappa, arava il suo campo. Il problema \u00e8 che non \u00e8 stata data solo la notizia. \u00c8 stata dedicata all\u2019accaduto la pagina numero 11 con quattro fotografie anche, come dire, molto eloquenti.<\/span><\/span><\/p>\n<p style=\"text-align: justify;\"><span style=\"font-size: 10pt;\"><span style=\"font-family: verdana, geneva;\">Notizia \u2018sbattuta\u2019 pure e nientemeno sulla prima pagina dello stesso \u00a0settimanale con il titolo \u201cMuore in campagna\u201d.<\/span><\/span><\/p>\n<p style=\"text-align: justify;\"><span style=\"font-size: 10pt;\"><span style=\"font-family: verdana, geneva;\">Ci chiediamo: da quando fa notizia morire in campagna di morte naturale? Se fosse cos\u00ec, bisognerebbe avvisare tutti i turesi da 77 anni in su, ma anche da 77 anni in gi\u00f9, di non andare a morire in campagna. Fax, il vostro, il nostro \u2018angelo custode\u2019 \u00e8 pronto a portarci in copertina.<\/span><\/span><\/p>\n<p style=\"text-align: justify;\"><span style=\"font-size: 10pt;\"><span style=\"font-family: verdana, geneva;\">E tutto, chiss\u00e0, solo per un pugno di copie in pi\u00f9\u2026<\/span><\/span><\/p>\n<p style=\"text-align: center;\"><span style=\"font-size: 10pt;\"><span style=\"font-family: verdana, geneva;\"><img loading=\"lazy\" decoding=\"async\" class=\" size-full wp-image-5098\" alt=\"vign.17\" height=\"608\" width=\"480\" src=\"https:\/\/archivioturi.lavocedelpaese.info\/wp-content\/uploads\/2011\/01\/vign.17.jpg\" srcset=\"https:\/\/archivioturi.lavocedelpaese.info\/wp-content\/uploads\/2011\/01\/vign.17.jpg 480w, https:\/\/archivioturi.lavocedelpaese.info\/wp-content\/uploads\/2011\/01\/vign.17-237x300.jpg 237w\" sizes=\"auto, (max-width: 480px) 100vw, 480px\" \/><\/span><\/span><\/p>\n","protected":false},"excerpt":{"rendered":"<p><img loading=\"lazy\" decoding=\"async\" class=\" size-full wp-image-3554\" src=\"https:\/\/archivioturi.lavocedelpaese.info\/wp-content\/uploads\/2010\/11\/Vignetta_satira2.jpg\" width=\"320\" height=\"150\" alt=\"Vignetta_satira2\" srcset=\"https:\/\/archivioturi.lavocedelpaese.info\/wp-content\/uploads\/2010\/11\/Vignetta_satira2.jpg 640w, https:\/\/archivioturi.lavocedelpaese.info\/wp-content\/uploads\/2010\/11\/Vignetta_satira2-300x141.jpg 300w\" sizes=\"auto, (max-width: 320px) 100vw, 320px\" \/> <\/p>\n","protected":false},"author":1,"featured_media":3554,"comment_status":"open","ping_status":"closed","sticky":false,"template":"","format":"standard","meta":{"colormag_page_container_layout":"default_layout","colormag_page_sidebar_layout":"default_layout","footnotes":""},"categories":[9],"tags":[],"class_list":["post-5099","post","type-post","status-publish","format-standard","has-post-thumbnail","hentry","category-la-voce-del-paese"],"_links":{"self":[{"href":"https:\/\/archivioturi.lavocedelpaese.info\/index.php\/wp-json\/wp\/v2\/posts\/5099","targetHints":{"allow":["GET"]}}],"collection":[{"href":"https:\/\/archivioturi.lavocedelpaese.info\/index.php\/wp-json\/wp\/v2\/posts"}],"about":[{"href":"https:\/\/archivioturi.lavocedelpaese.info\/index.php\/wp-json\/wp\/v2\/types\/post"}],"author":[{"embeddable":true,"href":"https:\/\/archivioturi.lavocedelpaese.info\/index.php\/wp-json\/wp\/v2\/users\/1"}],"replies":[{"embeddable":true,"href":"https:\/\/archivioturi.lavocedelpaese.info\/index.php\/wp-json\/wp\/v2\/comments?post=5099"}],"version-history":[{"count":0,"href":"https:\/\/archivioturi.lavocedelpaese.info\/index.php\/wp-json\/wp\/v2\/posts\/5099\/revisions"}],"wp:featuredmedia":[{"embeddable":true,"href":"https:\/\/archivioturi.lavocedelpaese.info\/index.php\/wp-json\/wp\/v2\/media\/3554"}],"wp:attachment":[{"href":"https:\/\/archivioturi.lavocedelpaese.info\/index.php\/wp-json\/wp\/v2\/media?parent=5099"}],"wp:term":[{"taxonomy":"category","embeddable":true,"href":"https:\/\/archivioturi.lavocedelpaese.info\/index.php\/wp-json\/wp\/v2\/categories?post=5099"},{"taxonomy":"post_tag","embeddable":true,"href":"https:\/\/archivioturi.lavocedelpaese.info\/index.php\/wp-json\/wp\/v2\/tags?post=5099"}],"curies":[{"name":"wp","href":"https:\/\/api.w.org\/{rel}","templated":true}]}}