{"id":5097,"date":"2011-01-16T01:03:18","date_gmt":"2011-01-16T01:03:18","guid":{"rendered":"https:\/\/archivioturi.lavocedelpaese.info\/index.php\/2011\/01\/16\/rondo-veneziano-a-un-anno-dai-lavori-mai-cominciati\/"},"modified":"2011-01-16T01:03:18","modified_gmt":"2011-01-16T01:03:18","slug":"rondo-veneziano-a-un-anno-dai-lavori-mai-cominciati","status":"publish","type":"post","link":"https:\/\/archivioturi.lavocedelpaese.info\/index.php\/2011\/01\/16\/rondo-veneziano-a-un-anno-dai-lavori-mai-cominciati\/","title":{"rendered":"RONDO&#8217; VENEZIANO: A UN ANNO DAI LAVORI MAI COMINCIATI"},"content":{"rendered":"<p><img loading=\"lazy\" decoding=\"async\" class=\" alignleft size-full wp-image-974\" style=\"float: left;\" alt=\"statale_172\" src=\"https:\/\/archivioturi.lavocedelpaese.info\/wp-content\/uploads\/2009\/12\/statale_172.jpg\" width=\"320\" height=\"150\" srcset=\"https:\/\/archivioturi.lavocedelpaese.info\/wp-content\/uploads\/2009\/12\/statale_172.jpg 640w, https:\/\/archivioturi.lavocedelpaese.info\/wp-content\/uploads\/2009\/12\/statale_172-300x141.jpg 300w\" sizes=\"auto, (max-width: 320px) 100vw, 320px\" \/> <\/p>\n<p><strong><br \/><\/strong><\/p>\n<div style=\"text-align: center;\">\n<h3>IL BALLETTO DEI LAVORI APPALTATI, FINANZIATI MA MAI COMINCIATI<\/h3>\n<h3><strong>L&#8217;assessore Resta: &#8216;entro giugno sar\u00e0 completo&#8217;<\/strong><strong> <\/strong><\/h3>\n<h3><strong><br \/><\/strong><\/h3>\n<\/div>\n<div style=\"text-align: center;\"><\/div>\n<div style=\"text-align: justify;\">\n<p>Sulla questione rond\u00f2 lungo il tratto di statale 172, a Turi &#8211; lavori che dovevano essere partiti da circa un anno &#8211; l\u2019assessore provinciale <strong>Onofrio Resta <\/strong>assicura: \u201cIl progetto dei rond\u00f2 \u00e8 stato gi\u00e0 appaltato. A tra poco cominceranno i lavori. C\u2019\u00e8 gi\u00e0 una ditta a cui sono stati assegnati i lavori che non partono perch\u00e9 farli sotto il freddo complica la tenuta dell\u2019opera. Entro giugno tutto sar\u00e0 completo. Turi parte in ritardo, l\u2019abbiamo detto mille volte, per le problematiche idrogeologiche della zona e per il traffico\u201d.<\/p>\n<p>Dei rond\u00f2, davamo notizia anche il 18 febbraio 2010, quando l\u2019allora vicesindaco <strong>Franco D\u2019Addabbo <\/strong>annunciava l\u2019appalto dei lavori. Rond\u00f2 che per l\u2019assessore di Putignano, <strong>Saverio Campanella<\/strong> sono \u201cdeterminanti per la viabilit\u00e0\u201d: \u201cquando parliamo della strada della morte dobbiamo pensare che, grazie a quei delimitatori di traffico, gli incidenti possono diminuire del 90%, illuminati poi sono in grado di organizzare il flusso delle macchine. Penso al tratto di Turi, a Piturno, alla curva a gomito di San Biagio, impressionante\u201d.<\/p>\n<p>D\u2019Addabbo oggi torna cos\u00ec a interrogarsi: &#8220;Come mai i lavori non siano ancora cominciati?&#8221;. \u201cEppure \u2013 osserva \u2013 i rond\u00f2 sono stati finanziati, ed \u00e8 stata fatta la relativa gara d\u2019appalto. L\u2019inizio dei lavori era previsto nel gennaio 2010, a un anno esatto di tempo, ma a tutt\u2019oggi non c\u2019\u00e8 ombra di un solo cantiere. Evidentemente hanno avuto intoppi burocratici\u201d.<\/p>\n<p>\u00a0<\/p>\n<p><a target=\"_blank\" href=\"component\/content\/article\/31046-ss172-dei-trulli-finanziamenti-a-rischio.html\" rel=\"noopener\">VEDI ANCHE INCONTRO ALLA REGIONE SU MESSA IN SICUREZZA E LAVORI LUNGO LA SS DEI TRULLI<\/a><\/p>\n<\/div>\n<div style=\"text-align: center;\"><\/div>\n","protected":false},"excerpt":{"rendered":"<p><img loading=\"lazy\" decoding=\"async\" class=\" alignleft size-full wp-image-974\" style=\"float: left;\" alt=\"statale_172\" src=\"https:\/\/archivioturi.lavocedelpaese.info\/wp-content\/uploads\/2009\/12\/statale_172.jpg\" width=\"320\" height=\"150\" srcset=\"https:\/\/archivioturi.lavocedelpaese.info\/wp-content\/uploads\/2009\/12\/statale_172.jpg 640w, https:\/\/archivioturi.lavocedelpaese.info\/wp-content\/uploads\/2009\/12\/statale_172-300x141.jpg 300w\" sizes=\"auto, (max-width: 320px) 100vw, 320px\" \/> <\/p>\n","protected":false},"author":1,"featured_media":974,"comment_status":"open","ping_status":"closed","sticky":false,"template":"","format":"standard","meta":{"colormag_page_container_layout":"default_layout","colormag_page_sidebar_layout":"default_layout","footnotes":""},"categories":[7],"tags":[],"class_list":["post-5097","post","type-post","status-publish","format-standard","has-post-thumbnail","hentry","category-attualita"],"_links":{"self":[{"href":"https:\/\/archivioturi.lavocedelpaese.info\/index.php\/wp-json\/wp\/v2\/posts\/5097","targetHints":{"allow":["GET"]}}],"collection":[{"href":"https:\/\/archivioturi.lavocedelpaese.info\/index.php\/wp-json\/wp\/v2\/posts"}],"about":[{"href":"https:\/\/archivioturi.lavocedelpaese.info\/index.php\/wp-json\/wp\/v2\/types\/post"}],"author":[{"embeddable":true,"href":"https:\/\/archivioturi.lavocedelpaese.info\/index.php\/wp-json\/wp\/v2\/users\/1"}],"replies":[{"embeddable":true,"href":"https:\/\/archivioturi.lavocedelpaese.info\/index.php\/wp-json\/wp\/v2\/comments?post=5097"}],"version-history":[{"count":0,"href":"https:\/\/archivioturi.lavocedelpaese.info\/index.php\/wp-json\/wp\/v2\/posts\/5097\/revisions"}],"wp:featuredmedia":[{"embeddable":true,"href":"https:\/\/archivioturi.lavocedelpaese.info\/index.php\/wp-json\/wp\/v2\/media\/974"}],"wp:attachment":[{"href":"https:\/\/archivioturi.lavocedelpaese.info\/index.php\/wp-json\/wp\/v2\/media?parent=5097"}],"wp:term":[{"taxonomy":"category","embeddable":true,"href":"https:\/\/archivioturi.lavocedelpaese.info\/index.php\/wp-json\/wp\/v2\/categories?post=5097"},{"taxonomy":"post_tag","embeddable":true,"href":"https:\/\/archivioturi.lavocedelpaese.info\/index.php\/wp-json\/wp\/v2\/tags?post=5097"}],"curies":[{"name":"wp","href":"https:\/\/api.w.org\/{rel}","templated":true}]}}