{"id":5074,"date":"2011-01-12T08:35:17","date_gmt":"2011-01-12T08:35:17","guid":{"rendered":"https:\/\/archivioturi.lavocedelpaese.info\/index.php\/2011\/01\/12\/saranno-le-albicocche-la-coltura-alternativa\/"},"modified":"2011-01-12T08:35:17","modified_gmt":"2011-01-12T08:35:17","slug":"saranno-le-albicocche-la-coltura-alternativa","status":"publish","type":"post","link":"https:\/\/archivioturi.lavocedelpaese.info\/index.php\/2011\/01\/12\/saranno-le-albicocche-la-coltura-alternativa\/","title":{"rendered":"SARANNO LE ALBICOCCHE LA COLTURA ALTERNATIVA?"},"content":{"rendered":"<p><img loading=\"lazy\" decoding=\"async\" class=\" size-full wp-image-5073\" src=\"https:\/\/archivioturi.lavocedelpaese.info\/wp-content\/uploads\/2011\/01\/albero-di-albicocco1.jpg\" width=\"320\" height=\"150\" alt=\"albero-di-albicocco1\" srcset=\"https:\/\/archivioturi.lavocedelpaese.info\/wp-content\/uploads\/2011\/01\/albero-di-albicocco1.jpg 640w, https:\/\/archivioturi.lavocedelpaese.info\/wp-content\/uploads\/2011\/01\/albero-di-albicocco1-300x141.jpg 300w\" sizes=\"auto, (max-width: 320px) 100vw, 320px\" \/> <\/p>\n<p style=\"text-align: justify;\"><span style=\"font-size: 10pt;\"><span style=\"font-family: verdana, geneva;\">L\u2019agricoltura prova a voltare pagina. Secondo gli operatori del settore, la monocoltura \u00e8 uno dei pericoli che gli imprenditori \u00a0agricoli devono sempre cercare di evitare.<\/span><\/span><\/p>\n<p style=\"text-align: justify;\"><span style=\"font-size: 10pt;\"><span style=\"font-family: verdana, geneva;\">Nella campagna turese \u00e8 gi\u00e0 una fortuna che, insieme alla cerasicoltura, si sia fatta strada la produzione dell\u2019uva da tavola, soprattutto \u2018Italia\u2019, e\u00a0 delle percoche. Durante questi ultimi anni sono state quasi del tutto cancellate coltivazioni secolari come \u00a0mandorle \u00a0e \u00a0olive ed altri tentativi mal riusciti di colture recenti, \u00a0come i kiwi.<\/span><\/span><\/p>\n<p style=\"text-align: justify;\"><span style=\"font-size: 10pt;\"><span style=\"font-family: verdana, geneva;\">Adesso \u00e8 la volta degli albicocchi che da qualche anno vengono sperimentati nelle nostre zone. I frutti di queste piante produttive e autofertili \u00a0sono di qualit\u00e0 ottimale: grossi, duri, profumati, molto richiesti e con un mercato attivo e in espansione.<\/span><\/span><\/p>\n<p style=\"text-align: justify;\"><span style=\"font-size: 10pt;\"><span style=\"font-family: verdana, geneva;\">\u201cQueste \u00a0nuove variet\u00e0 di albicocchi \u2013 ci dice Vincenzo Petruzzi della locale Coldiretti \u2013 assicurano il binomio quantit\u00e0-qualit\u00e0. E non c\u2019\u00e8 bisogno di \u201cfare la scelta\u201d come succede con le percoche. I frutti, che maturano il primo periodo di agosto, hanno tutti la stessa grandezza. Cos\u00ec la commercializzazione \u00e8 favorita.<\/span><\/span><\/p>\n<p style=\"text-align: justify;\"><span style=\"font-size: 10pt;\"><span style=\"font-family: verdana, geneva;\">Dovrebbero andare a meraviglia, solo che bisogna che il tutto sia sperimentato e valutato sul campo. Verso Putignano, Rutigliano, Mola ci sono gi\u00e0 piantagioni di albicocchi a frutto. E ormai la campagna turese \u00e8 circondata.\u201d<\/span><\/span><\/p>\n<p style=\"text-align: justify;\"><span style=\"font-size: 10pt;\"><span style=\"font-family: verdana, geneva;\">Mettere su un albicoccheto \u00e8 pi\u00f9 semplice e meno costoso di \u201calzare\u201d un \u2018tendone\u2019 di uva Italia. Indispensabile \u00e8 un impianto di irrigazione. E questo perch\u00e9 \u00e8 un frutto che matura al centro dell\u2019estate e ha bisogno di tanta acqua.<\/span><\/span><\/p>\n<p style=\"text-align: justify;\"><span style=\"font-size: 10pt;\"><span style=\"font-family: verdana, geneva;\">Queste nuove variet\u00e0 di albicocchi vanno a frutto in 3-4 anni. La cosa \u00e8 importante perch\u00e9 cos\u00ec in pochi anni si riesce ad ammortizzare le spese iniziali di messa a punto dell\u2019impianto.<\/span><\/span><\/p>\n","protected":false},"excerpt":{"rendered":"<p><img loading=\"lazy\" decoding=\"async\" class=\" size-full wp-image-5073\" src=\"https:\/\/archivioturi.lavocedelpaese.info\/wp-content\/uploads\/2011\/01\/albero-di-albicocco1.jpg\" width=\"320\" height=\"150\" alt=\"albero-di-albicocco1\" srcset=\"https:\/\/archivioturi.lavocedelpaese.info\/wp-content\/uploads\/2011\/01\/albero-di-albicocco1.jpg 640w, https:\/\/archivioturi.lavocedelpaese.info\/wp-content\/uploads\/2011\/01\/albero-di-albicocco1-300x141.jpg 300w\" sizes=\"auto, (max-width: 320px) 100vw, 320px\" \/> <\/p>\n","protected":false},"author":1,"featured_media":5073,"comment_status":"open","ping_status":"closed","sticky":false,"template":"","format":"standard","meta":{"colormag_page_container_layout":"default_layout","colormag_page_sidebar_layout":"default_layout","footnotes":""},"categories":[4],"tags":[],"class_list":["post-5074","post","type-post","status-publish","format-standard","has-post-thumbnail","hentry","category-politica"],"_links":{"self":[{"href":"https:\/\/archivioturi.lavocedelpaese.info\/index.php\/wp-json\/wp\/v2\/posts\/5074","targetHints":{"allow":["GET"]}}],"collection":[{"href":"https:\/\/archivioturi.lavocedelpaese.info\/index.php\/wp-json\/wp\/v2\/posts"}],"about":[{"href":"https:\/\/archivioturi.lavocedelpaese.info\/index.php\/wp-json\/wp\/v2\/types\/post"}],"author":[{"embeddable":true,"href":"https:\/\/archivioturi.lavocedelpaese.info\/index.php\/wp-json\/wp\/v2\/users\/1"}],"replies":[{"embeddable":true,"href":"https:\/\/archivioturi.lavocedelpaese.info\/index.php\/wp-json\/wp\/v2\/comments?post=5074"}],"version-history":[{"count":0,"href":"https:\/\/archivioturi.lavocedelpaese.info\/index.php\/wp-json\/wp\/v2\/posts\/5074\/revisions"}],"wp:featuredmedia":[{"embeddable":true,"href":"https:\/\/archivioturi.lavocedelpaese.info\/index.php\/wp-json\/wp\/v2\/media\/5073"}],"wp:attachment":[{"href":"https:\/\/archivioturi.lavocedelpaese.info\/index.php\/wp-json\/wp\/v2\/media?parent=5074"}],"wp:term":[{"taxonomy":"category","embeddable":true,"href":"https:\/\/archivioturi.lavocedelpaese.info\/index.php\/wp-json\/wp\/v2\/categories?post=5074"},{"taxonomy":"post_tag","embeddable":true,"href":"https:\/\/archivioturi.lavocedelpaese.info\/index.php\/wp-json\/wp\/v2\/tags?post=5074"}],"curies":[{"name":"wp","href":"https:\/\/api.w.org\/{rel}","templated":true}]}}