{"id":5054,"date":"2011-01-10T10:00:24","date_gmt":"2011-01-10T10:00:24","guid":{"rendered":"https:\/\/archivioturi.lavocedelpaese.info\/index.php\/2011\/01\/10\/mike-resta-a-turi-chiesto-durgenza-un-consiglio\/"},"modified":"2011-01-10T10:00:24","modified_gmt":"2011-01-10T10:00:24","slug":"mike-resta-a-turi-chiesto-durgenza-un-consiglio","status":"publish","type":"post","link":"https:\/\/archivioturi.lavocedelpaese.info\/index.php\/2011\/01\/10\/mike-resta-a-turi-chiesto-durgenza-un-consiglio\/","title":{"rendered":"&#8216;MIKE RESTA A TURI!&#8217;. CHIESTO D&#8217;URGENZA UN CONSIGLIO"},"content":{"rendered":"<p><img loading=\"lazy\" decoding=\"async\" class=\" alignleft size-full wp-image-1291\" style=\"float: left;\" alt=\"paolo_tundo-boccardi\" src=\"https:\/\/archivioturi.lavocedelpaese.info\/wp-content\/uploads\/2010\/01\/paolo_tundo-boccardi.jpg\" width=\"320\" height=\"150\" srcset=\"https:\/\/archivioturi.lavocedelpaese.info\/wp-content\/uploads\/2010\/01\/paolo_tundo-boccardi.jpg 640w, https:\/\/archivioturi.lavocedelpaese.info\/wp-content\/uploads\/2010\/01\/paolo_tundo-boccardi-300x141.jpg 300w\" sizes=\"auto, (max-width: 320px) 100vw, 320px\" \/> <\/p>\n<p><\/p>\n<div style=\"text-align: center;\">\n<h3>PAOLO TUNDO: &#8216;L&#8217;AUTO MEDICALIZZATA DA TURI NON SI MUOVE. COSTI QUEL CHE COSTI!&#8217;<\/h3>\n<p>\u00a0<\/p>\n<p style=\"text-align: justify;\"><strong>Paolo Tundo<\/strong> alla riscossa. Sulla vicenda Mike (autoambulanza medicalizzata) e consultorio familare di servizio a Turi, il vicesindaco non transige. \u201cLa Mike deve restare a Turi!\u201d. Lo ribadisce in tutte le salse: &#8216;Gi\u00f9 le mani dalla Mike!&#8217;.<\/p>\n<div style=\"text-align: justify;\"><\/div>\n<p style=\"text-align: justify;\">Cos\u00ec, prosegue il botta-risposta, con Tundo che replica picche alla responsabile del 118, dott.sa <strong>Roberta Ladisa<\/strong>. \u201cIo non ce l\u2019ho con lei. Non ho nulla contro la dott.sa Ladisa che a breve, incontrer\u00f2. Lei ha solo esposto un problema ma, non \u00e8 persona autorevole. E\u2019 la direzione generale dell\u2019Asl a dettare delle indicazioni sulla Mike.\u201d<\/p>\n<div style=\"text-align: justify;\"><\/div>\n<p style=\"text-align: justify;\">Intanto, Paolo Tundo, proprio stamani ha depositato all&#8217;ufficio di gabinetto del sindaco una richiesta urgente di convocazione del consiglio comunale. \u201cChiederemo al consiglio, a tutte le forze politiche, compresa l\u2019opposizione, di firmare un documento perch\u00e9 la Mike resti a Turi, proprio com\u2019era stabilito negli <strong>accordi dell\u2019estate scorsa<\/strong>, in conferenza dei sindaci, alla presenza del direttore Pansini, dell\u2019assessore regionale Fiore e del dottor Galasso. Se vogliono trasferire la Mike a Casamassima che lo dicano tramite comunicato scritto. Noi lotteremo fino all\u2019ultimo affinch\u00e9 ci\u00f2 non accada.\u201d<\/p>\n<div style=\"text-align: justify;\"><\/div>\n<p style=\"text-align: justify;\">Ladisa per\u00f2 aveva assicurato dalle nostre colonne: \u201c<strong>La salute dei turesi non \u00e8 assolutamente in pericolo.<\/strong> La Mike si sposta, non \u00e8 fissa. Non \u00e8 il mezzo l&#8217;oggetto del contendere, ma il medico. Se il sistema non funziona andr\u00e0 rivisto, parola dell\u2019assessore regionale Fiore.\u201d<\/p>\n<div style=\"text-align: justify;\"><\/div>\n<p style=\"text-align: justify;\">La secca replica di Tundo: \u201cSciocchezze! Ma che rivisto\u2026 la verit\u00e0 \u00e8 che non si toglie un servizio efficiente, che funziona, con cinque infermieri, quattro medici, addetti, barellieri. Tutto ci\u00f2 non ha senso. Casamassima ha gi\u00e0 un pronto soccorso. Turi invece, non ha nulla. Che senso ha spostare la Mike a Casamassima?<strong> La Mike deve restare a Turi!<\/strong> Fine della storia.\u201d<\/p>\n<p style=\"text-align: justify;\">\u00a0<\/p>\n<p style=\"text-align: justify;\"><a target=\"_blank\" href=\"attualita\/31018-auto-mike-ladisa-turi-non-sara-penalizzata.html\" rel=\"noopener\">VEDI ANCHE LA DOTT.SA LADISA: &#8216;NESSUN PERICOLO&#8217;<\/a><\/p>\n<\/div>\n","protected":false},"excerpt":{"rendered":"<p><img loading=\"lazy\" decoding=\"async\" class=\" alignleft size-full wp-image-1291\" style=\"float: left;\" alt=\"paolo_tundo-boccardi\" src=\"https:\/\/archivioturi.lavocedelpaese.info\/wp-content\/uploads\/2010\/01\/paolo_tundo-boccardi.jpg\" width=\"320\" height=\"150\" srcset=\"https:\/\/archivioturi.lavocedelpaese.info\/wp-content\/uploads\/2010\/01\/paolo_tundo-boccardi.jpg 640w, https:\/\/archivioturi.lavocedelpaese.info\/wp-content\/uploads\/2010\/01\/paolo_tundo-boccardi-300x141.jpg 300w\" sizes=\"auto, (max-width: 320px) 100vw, 320px\" \/> <\/p>\n","protected":false},"author":1,"featured_media":1291,"comment_status":"open","ping_status":"closed","sticky":false,"template":"","format":"standard","meta":{"colormag_page_container_layout":"default_layout","colormag_page_sidebar_layout":"default_layout","footnotes":""},"categories":[7],"tags":[],"class_list":["post-5054","post","type-post","status-publish","format-standard","has-post-thumbnail","hentry","category-attualita"],"_links":{"self":[{"href":"https:\/\/archivioturi.lavocedelpaese.info\/index.php\/wp-json\/wp\/v2\/posts\/5054","targetHints":{"allow":["GET"]}}],"collection":[{"href":"https:\/\/archivioturi.lavocedelpaese.info\/index.php\/wp-json\/wp\/v2\/posts"}],"about":[{"href":"https:\/\/archivioturi.lavocedelpaese.info\/index.php\/wp-json\/wp\/v2\/types\/post"}],"author":[{"embeddable":true,"href":"https:\/\/archivioturi.lavocedelpaese.info\/index.php\/wp-json\/wp\/v2\/users\/1"}],"replies":[{"embeddable":true,"href":"https:\/\/archivioturi.lavocedelpaese.info\/index.php\/wp-json\/wp\/v2\/comments?post=5054"}],"version-history":[{"count":0,"href":"https:\/\/archivioturi.lavocedelpaese.info\/index.php\/wp-json\/wp\/v2\/posts\/5054\/revisions"}],"wp:featuredmedia":[{"embeddable":true,"href":"https:\/\/archivioturi.lavocedelpaese.info\/index.php\/wp-json\/wp\/v2\/media\/1291"}],"wp:attachment":[{"href":"https:\/\/archivioturi.lavocedelpaese.info\/index.php\/wp-json\/wp\/v2\/media?parent=5054"}],"wp:term":[{"taxonomy":"category","embeddable":true,"href":"https:\/\/archivioturi.lavocedelpaese.info\/index.php\/wp-json\/wp\/v2\/categories?post=5054"},{"taxonomy":"post_tag","embeddable":true,"href":"https:\/\/archivioturi.lavocedelpaese.info\/index.php\/wp-json\/wp\/v2\/tags?post=5054"}],"curies":[{"name":"wp","href":"https:\/\/api.w.org\/{rel}","templated":true}]}}