{"id":5053,"date":"2011-01-10T07:33:59","date_gmt":"2011-01-10T07:33:59","guid":{"rendered":"https:\/\/archivioturi.lavocedelpaese.info\/index.php\/2011\/01\/10\/maggioranza-pietosa-la-minoranza-un-puzzle\/"},"modified":"2011-01-10T07:33:59","modified_gmt":"2011-01-10T07:33:59","slug":"maggioranza-pietosa-la-minoranza-un-puzzle","status":"publish","type":"post","link":"https:\/\/archivioturi.lavocedelpaese.info\/index.php\/2011\/01\/10\/maggioranza-pietosa-la-minoranza-un-puzzle\/","title":{"rendered":"MAGGIORANZA PIETOSA! LA MINORANZA? UN PUZZLE"},"content":{"rendered":"<p><img loading=\"lazy\" decoding=\"async\" class=\" size-full wp-image-3554\" height=\"150\" width=\"320\" alt=\"Vignetta_satira2\" src=\"https:\/\/archivioturi.lavocedelpaese.info\/wp-content\/uploads\/2010\/11\/Vignetta_satira2.jpg\" srcset=\"https:\/\/archivioturi.lavocedelpaese.info\/wp-content\/uploads\/2010\/11\/Vignetta_satira2.jpg 640w, https:\/\/archivioturi.lavocedelpaese.info\/wp-content\/uploads\/2010\/11\/Vignetta_satira2-300x141.jpg 300w\" sizes=\"auto, (max-width: 320px) 100vw, 320px\" \/> <\/p>\n<p style=\"text-align: justify;\"><span style=\"font-size: 10pt;\"><span style=\"font-family: verdana, geneva;\"><strong>Vincenzo Gigantelli.<\/strong> Sindaco. All\u2019insegna del cado-non-cado.Mi dimetto e poi mi rimetto in sella. Rimetto il mandato o aspetto che mi mandino a casa. Insomma un anno vissuto stando in bilico. Fra rimpasti venuti male e rimpasti venuti\u2026 malissimo. E si sa: un rimpasto tira l\u2019altro. Dimmi quanti rimpasti hai fatto quest\u2019anno e ti dir\u00f2 che sindaco sei. \u201cE adesso si \u00e8 messa anche Teresita \u00a0a farmi \u00a0la guerra\u2026\u201d\u00a0<strong>Voto: 5.<\/strong><\/span><\/span><\/p>\n<p style=\"text-align: justify;\"><span style=\"font-size: 10pt;\"><span style=\"font-family: verdana, geneva;\"><strong>Paolo Tundo. <\/strong>Vice-sindaco. Ma che sudata! Molto determinato. Si \u00e8 messo a caccia della fascia tricolore. Sar\u00f2 vice-sindaco! Alla\u2026 fascia \u00a0di \u00a0tutti! Paolo \u00e8 il pi\u00f9 disponibile tra tutti gli esponenti del consiglio comunale. Non raggiunge la sufficienza solo perch\u00e9 studia poco. Anche perch\u00e9, prima si fa dare tante deleghe e poi si dimentica di averle.  Voto: 5 e mezzo.<\/span><\/span><\/p>\n<p style=\"text-align: justify;\"><span style=\"font-size: 10pt;\"><span style=\"font-family: verdana, geneva;\"><strong>Vito Totaro.<\/strong><strong> <\/strong>Politico da sempre. Dice spesso di essere pronto a dimettersi. E intanto \u00e8 assessore alla Polizia municipale. Ma si fa vedere poco in ufficio. Forse per timore\u00a0 di incontrare la De Florio. C\u2019\u00e8 chi afferma che faccia una telefonata prima per sincerarsi che non faccia brutti incontri. In consiglio comunale alza e abbassa il braccio. Va in consiglio per fare ginnastica. Ma per diminuire di peso ci vuole ben altro. Di parlare poi \u00e8 secondo solo al mitico Perniola.\u00a0<strong>Voto: 4 e mezzo.<\/strong><\/span><\/span><\/p>\n<p style=\"text-align: justify;\"><span style=\"font-size: 10pt;\"><span style=\"font-family: verdana, geneva;\"><strong>Franco D&#8217;Addabbo.<\/strong><strong> <\/strong>Ex vice-sindaco. Im-prendi-tore. Tutto macerie, cemento e cazzuole. Intenditore di calcestruzzo. Di urbanistica. Di palazzi in costruzione. Di fontane da spostare. Ultimamente sta lavorando molto. Vuole essere il candidato-sindaco del centro-destra. D\u2019Addabbo ha avuto la delega all\u2019attuazione del programma. Il suo. E\u2026 auguri.\u00a0<strong>Voto: 6<\/strong>.<\/span><\/span><\/p>\n<p style=\"text-align: justify;\"><span style=\"font-size: 10pt;\"><span style=\"font-family: verdana, geneva;\"><strong>Gianfranco D&#8217;Autilia.<\/strong><strong> <\/strong>Il passaggio di Gianfranco, da minoranza-opposizione a maggioranza-giunta, \u00e8 stato forse il pi\u00f9 bel \u2018passaggio\u2019 della storia della politica turese. Anche un grande acquisto per la maggioranza. Il miglior acquisto. Servirebbe un D\u2019Autilia al Bari per non retrocedere in B. \u00a0<strong>Voto: nessun voto per chi fa 2 anni da oppositore e poi fa l\u2019assessore della giunta che ha appena finito di attaccare.<\/strong><\/span><\/span><\/p>\n<p style=\"text-align: justify;\"><span style=\"font-size: 10pt;\"><span style=\"font-family: verdana, geneva;\"><strong>Giacomo Valentini.<\/strong><strong> <\/strong>Si cala cos\u00ec bene nel ruolo di assessore all\u2019agricoltura che vorrebbe esserlo a vita. Questo s\u00ec che \u00e8 attaccamento: al ruolo, pi\u00f9 che al lavoro. Si sente, si crede emarginato dal gruppo degli amministratori-decisionisti. E cos\u00ec \u00a0Giacomo, agricoltore-innestatore, innesta l\u2019aut-aut automatico: \u201cO sono assessore o non contate sul mio voto.\u201d E\u2019 testardo e si vede. Naturalmente lo fanno assessore. \u201cE ora\u2026 toglietemi tutto ma lasciatemi il mio B\u00e8\u00e8l (assessorato).\u201d\u00a0<strong>Voto: 5.<\/strong><\/span><\/span><\/p>\n<p style=\"text-align: justify;\"><span style=\"font-size: 10pt;\"><span style=\"font-family: verdana, geneva;\"><strong>Modesto Cazzetta.<\/strong><strong> <\/strong>Dicono di lui che abbia preso delle lezioni da Antonio Tateo per far meglio l\u2019amministratore. Professore-alunno, ma i risultati si vedono poco. Cambia maestro: prende lezioni da D\u2019Addabbo. Ma non va. Forse Modesto si deve applicare meglio e di pi\u00f9. Ha dato speranza a tutti i giovani: \u201cSe Modesto Cazzetta \u00e8 diventato assessore, lo diventeremo anche noi\u201d.\u00a0<strong>Voto: 4.<\/strong><\/span><\/span><\/p>\n<p style=\"text-align: justify;\"><span style=\"font-size: 10pt;\"><span style=\"font-family: verdana, geneva;\"><strong>Antonio Tateo.<\/strong><strong> <\/strong>Soprannominato \u2018l\u2019uomo dei messaggini\u2019. Sar\u00e0 che non vuole spendere soldi in telefonate\u2026 Amministra a sms e a mail. L\u2019uomo dei messaggi ha detto s\u00ec e a giugno, quando fu \u2018trombato\u2019, aggiunse: lascio la politica per sempre. (Ma se il sindaco mi d\u00e0 l\u2019incarico, me lo ri-prendo). Attualmente Tateo sta fuori giunta. Ma si comporta\u00a0 come se fosse \u2018assessore\u00a0 dentro.\u2019\u00a0<strong>Voto: 6 e mezzo.<\/strong><\/span><\/span><\/p>\n<p style=\"text-align: justify;\"><span style=\"font-size: 10pt;\"><span style=\"font-family: verdana, geneva;\"><strong>Teresita De Florio. <\/strong>Un anno vissuto pericolosamente. Diciamola tutta, la dottoressa non ama il ruolo di amministratrice, di mediatrice, di \u201cst\u00f9ta fu\u00e8che\u201d. Il fuoco vuole accenderlo lei. E \u00a0vuole pure soffiare su. Teresita, quanto darebbe per stare seduta fra Tinaresta e Mimmoleogrande! Secondo noi, quel ruolo sarebbe terapeutico e migliorerebbe il suo eloquio, sarebbe meno emotiva, \u00a0\u00a0pi\u00f9 sicura di s\u00e9. Lei invece \u00e8 un tipo\u2018casinista\u2019. Da opposizione. Gi\u00e0 questo ruolo attuale ambiguo, un-piede-di-qui-l\u2019altro-di-l\u00e0, la intriga. Ma sarebbe da fase acuta orgasmica attaccare la maggioranza dalla trincea. Un po\u2019 meno dottoressa, pi\u00f9 ultras. Da curva bianco-rossa. <strong>Voto: 6 e mezzo.<\/strong><\/span><\/span><\/p>\n<p style=\"text-align: justify;\"><span style=\"font-size: 10pt;\"><span style=\"font-family: verdana, geneva;\"><strong>Pino Carenza.<\/strong> Ditemi un motivo serio per cui il \u2018caro\u2019 Carenza si debba dedicare, obtorto collo, ai cani. Si \u00e8 fatto pure la nomea che non vada spesso al canile comunale. C\u2019\u00e8 chi ipotizza che non sappia nemmeno dove sia il canile. Comunque il buon Pino \u00e8 l\u2019unico a non aver reclamato mai un assessorato. E se qualcuno si \u00e8 azzardato a proporglielo, pare che Carenza gli abbia cos\u00ec risposto:\u00a0 \u201cAssess\u00f2rede!\u201d <strong>Voto: 5.<\/strong><\/span><\/span><\/p>\n<p style=\"text-align: justify;\"><span style=\"font-size: 10pt;\"><span style=\"font-family: verdana, geneva;\"><strong>Gianpiero Luisi. <\/strong>Generoso. Ha sostenuto la battaglia della De Florio, pur non essendone molto convinto. Peccato che abbiano cambiato idea entrambi. Ma Luisi l\u2019ha cambiata molto di pi\u00f9 della De Florio\u2026 Di Luisi chi dimenticher\u00e0 il voler fare a tutti i costi l\u2019assessore alla Polizia municipale? Ma, il tempo di accorgersi di non essere portato, lasci\u00f2 l\u2019assessorato che scottava nelle mani di Totaro\u00a0<strong>Voto: 4.<\/strong><\/span><\/span><\/p>\n<p style=\"text-align: justify;\"><span style=\"font-size: 10pt;\"><span style=\"font-family: verdana, geneva;\"><strong>Piero Palasciano.<\/strong><strong> <\/strong>Ci scusiamo con Piero ma \u00e8 stato una delle pi\u00f9 grandi delusioni dell\u2019Amministrazione Giga. Ha iniziato deludendo Leogrande. Poi ha deluso il duo Gigantelli-Boccardi. Infine ha deluso se stesso. Insomma, ribadiamo, \u00e8 stato una delusione. E dispiace che una persona come Piero vada dicendo che lui sia uno dei pochi che sar\u00e0 rieletto. Non sappiamo come siano i Cubani dove Piero va spesso, ma i turesi mica sono cos\u00ec masochisti\u2026 \u00a0<strong>Voto: 4.<\/strong><\/span><\/span><\/p>\n<p style=\"text-align: justify;\"><span style=\"font-size: 10pt;\"><span style=\"font-family: verdana, geneva;\"><strong>Michele Boccardi.<\/strong><strong> <\/strong>Decide tutto lui, nel bene e nel male. A Villa Menelao, sezione di-staccata del comune di Turi, si impegna a risolvere tutti i problemi. Dice di s\u00ec a tutti e alla soluzione di tutto. Quando sono troppi o troppo complicati, spegne i cellulari e alle segretarie dice di dire che non c\u2019\u00e8 per nessuno. Dovrebbe imparare a dire dei \u201cno\u201d. No? Ma<strong> <\/strong>\u00e8 ancora l\u2019uomo della Provvidenza per Turi? La sensazione \u00e8 che, invece di cambiare lui Turi, Turi stia cambiando lui. \u00a0<strong>Voto: 5 e mezzo.<\/strong><\/span><\/span><\/p>\n<p style=\"text-align: justify;\"><span style=\"font-size: 10pt;\"><span style=\"font-family: verdana, geneva;\"><strong>Giuseppe De Novellis.<\/strong><strong> <\/strong>E se si dimettesse da consigliere comunale? Acquisterebbe in simpatia.\u00a0<strong>Voto: Ci penso su.<\/strong><\/span><\/span><\/p>\n<p style=\"text-align: justify;\"><span style=\"font-size: 10pt;\"><span style=\"font-family: verdana, geneva;\"><strong>Dina Spada.<\/strong><strong> <\/strong>Chi se la ricorda? Lei ogni tanto si fa viva. Sta il tempo che vuole nella sala consiliare e va via. Qualcuno pare l\u2019abbia paragonata a Natalino. Solo che la Spada, quando apre bocca, parla ed \u00e8 tagliente, a differenza di Ventrella che a Giga poco manca che gli canti la \u2018ninna-nanna\u2019. Comunque la Spada si sta prendendo la rivincita sulla maggioranza che sta dando ragione a lei, con tre anni di ritardo.\u00a0<strong>Voto: da rivalutare.<\/strong><\/span><\/span><\/p>\n<p style=\"text-align: justify;\"><span style=\"font-size: 10pt;\"><span style=\"font-family: verdana, geneva;\"><strong>Franco Petrera.<\/strong><strong> <\/strong>Trent\u2019anni di consigli comunali. Trent\u2019anni di esperienza politica. E allora? Ma \u00e8 sempre pronto a farsi dare i suggerimenti da Vito Lenato. Diciamo che Petrera, per \u201crendere\u201d,\u00a0 deve sempre potersi appoggiare a qualcuno. Quest\u2019anno lo vediamo che si \u00e8 un po\u2019 incattivito. Francamente non lo vediamo per\u00f2 nelle vesti del \u201clupo cattivo\u201d.\u00a0<strong>Voto: 5 e mezzo.<\/strong><\/span><\/span><\/p>\n<p style=\"text-align: justify;\"><span style=\"font-size: 10pt;\"><span style=\"font-family: verdana, geneva;\"><strong>Domenica Lenato.<\/strong><strong> <\/strong>Promessa della politica turese. Malgrado la presenza a volte ingombrante di pap\u00e0 Vito. E politicamente si ritrova al fianco di Petrera a sostegno di Onofrio Resta, relegata all&#8217;opposizione. Peccato vedere tante qualit\u00e0 inespresse e abbandonate, in attesa di tempi \u00a0migliori.\u00a0<strong>Voto: senza voto.<\/strong><\/span><\/span><\/p>\n<p style=\"text-align: justify;\"><span style=\"font-size: 10pt;\"><span style=\"font-family: verdana, geneva;\"><strong>Natalino Ventrella. <\/strong>Gli piace stare al Centro. Centrista. Centravanti. Centrone. Centro-mediano-metodista. Centrocampista. Centrale di difesa. Nel frattempo \u00e8 diventato Ago-della-Bilancia.<strong> <\/strong>Vulcano di idee. Ne ha pi\u00f9 lui in un minuto che la Giunta Gigantelli in un mese. Tutte le idee sono buone per lui. Basta che respirino\u2026\u00a0<strong>Voto: 5 e mezzo.<\/strong><\/span><\/span><\/p>\n<p style=\"text-align: justify;\"><span style=\"font-size: 10pt;\"><span style=\"font-family: verdana, geneva;\"><strong>Tina Resta.<\/strong><strong> <\/strong> Il suo gioco \u00e8 chiaro: ama tutti e prende le distanze da tutti. Sta maturando la sua candidatura a sindaco. Congratulazioni. Nel frattempo fa tutto il suo dovere, nella minoranza e all\u2019 opposizione. Studia a casa e lotta, attacca in consiglio comunale. Tonica, tosta, tornata la Tina Resta di sempre.\u00a0<strong>Voto: 6 e mezzo.<\/strong><\/span><\/span><\/p>\n<p style=\"text-align: justify;\"><span style=\"font-size: 10pt;\"><span style=\"font-family: verdana, geneva;\"><strong>Mimmo Leogrande.<\/strong><strong> <\/strong>Intelligenza politica di prim&#8217;ordine. Tanto di cappello davanti ad un Mimmo Leogrande che\u00a0 studia le delibere, impara la lezione, prepara le domande, senza essere gratificato\u00a0 economicamente. Circondato da falsi amici. Tradito da Palasciano. Tradito da D\u2019Autilia. Tradito, \u00a0dulcis in fundo e in maniera pi\u00f9 soft, da Teresita De Florio sulla mozione di sfiducia al sindaco Gigantelli.\u00a0<strong>Voto 7.<\/strong><\/span><\/span><\/p>\n<p style=\"text-align: justify;\"><span style=\"font-size: 10pt;\"><span style=\"font-family: verdana, geneva;\"><strong>Nicola Perniola. <\/strong>Invece che a \u201cChi l\u2019ha visto?\u201d, bisognerebbe andare a \u201cChi l\u2019ha sentito?\u201d. Un anno di silenzio.\u00a0<strong>Voto:2 al suo silenzio. <\/strong><\/span><\/span><\/p>\n<p style=\"text-align: justify;\"><span style=\"font-size: 10pt;\"><span style=\"font-family: verdana, geneva;\"><strong>Pietro Risplendente.<\/strong> Mai una frase in pi\u00f9, mai una frase in meno. Sembra programmato per essere perfetto. Finalmente un politico che quando dice di s\u00ec \u00e8 s\u00ec e quando dice di no \u00e8 no. Promette una cosa? La mantiene. Se il Partito democratico locale \u00e8 credibile, tanto merito va a lui. Complimenti.\u00a0<strong>Voto: 6 e mezzo.<\/strong><\/span><\/span><\/p>\n<p style=\"text-align: center;\"><strong><span style=\"font-size: 12pt;\"><span style=\"font-family: verdana, geneva;\"> PREMIO TURI \u201cTESTARDO 2010\u201d A GIACOMO VALENTINI<\/span><\/span><\/strong><\/p>\n<p style=\"text-align: center;\"><strong><span style=\"font-size: 12pt;\"><span style=\"font-family: verdana, geneva;\"><img loading=\"lazy\" decoding=\"async\" class=\" size-full wp-image-5052\" height=\"567\" width=\"480\" src=\"https:\/\/archivioturi.lavocedelpaese.info\/wp-content\/uploads\/2011\/01\/vignetta_10111.jpg\" alt=\"vignetta_10111\" srcset=\"https:\/\/archivioturi.lavocedelpaese.info\/wp-content\/uploads\/2011\/01\/vignetta_10111.jpg 480w, https:\/\/archivioturi.lavocedelpaese.info\/wp-content\/uploads\/2011\/01\/vignetta_10111-254x300.jpg 254w\" sizes=\"auto, (max-width: 480px) 100vw, 480px\" \/><\/span><\/span><\/strong><\/p>\n","protected":false},"excerpt":{"rendered":"<p><img loading=\"lazy\" decoding=\"async\" class=\" size-full wp-image-3554\" height=\"150\" width=\"320\" alt=\"Vignetta_satira2\" src=\"https:\/\/archivioturi.lavocedelpaese.info\/wp-content\/uploads\/2010\/11\/Vignetta_satira2.jpg\" srcset=\"https:\/\/archivioturi.lavocedelpaese.info\/wp-content\/uploads\/2010\/11\/Vignetta_satira2.jpg 640w, https:\/\/archivioturi.lavocedelpaese.info\/wp-content\/uploads\/2010\/11\/Vignetta_satira2-300x141.jpg 300w\" sizes=\"auto, (max-width: 320px) 100vw, 320px\" \/> <\/p>\n","protected":false},"author":1,"featured_media":3554,"comment_status":"open","ping_status":"closed","sticky":false,"template":"","format":"standard","meta":{"colormag_page_container_layout":"default_layout","colormag_page_sidebar_layout":"default_layout","footnotes":""},"categories":[9],"tags":[],"class_list":["post-5053","post","type-post","status-publish","format-standard","has-post-thumbnail","hentry","category-la-voce-del-paese"],"_links":{"self":[{"href":"https:\/\/archivioturi.lavocedelpaese.info\/index.php\/wp-json\/wp\/v2\/posts\/5053","targetHints":{"allow":["GET"]}}],"collection":[{"href":"https:\/\/archivioturi.lavocedelpaese.info\/index.php\/wp-json\/wp\/v2\/posts"}],"about":[{"href":"https:\/\/archivioturi.lavocedelpaese.info\/index.php\/wp-json\/wp\/v2\/types\/post"}],"author":[{"embeddable":true,"href":"https:\/\/archivioturi.lavocedelpaese.info\/index.php\/wp-json\/wp\/v2\/users\/1"}],"replies":[{"embeddable":true,"href":"https:\/\/archivioturi.lavocedelpaese.info\/index.php\/wp-json\/wp\/v2\/comments?post=5053"}],"version-history":[{"count":0,"href":"https:\/\/archivioturi.lavocedelpaese.info\/index.php\/wp-json\/wp\/v2\/posts\/5053\/revisions"}],"wp:featuredmedia":[{"embeddable":true,"href":"https:\/\/archivioturi.lavocedelpaese.info\/index.php\/wp-json\/wp\/v2\/media\/3554"}],"wp:attachment":[{"href":"https:\/\/archivioturi.lavocedelpaese.info\/index.php\/wp-json\/wp\/v2\/media?parent=5053"}],"wp:term":[{"taxonomy":"category","embeddable":true,"href":"https:\/\/archivioturi.lavocedelpaese.info\/index.php\/wp-json\/wp\/v2\/categories?post=5053"},{"taxonomy":"post_tag","embeddable":true,"href":"https:\/\/archivioturi.lavocedelpaese.info\/index.php\/wp-json\/wp\/v2\/tags?post=5053"}],"curies":[{"name":"wp","href":"https:\/\/api.w.org\/{rel}","templated":true}]}}