{"id":5023,"date":"2011-01-06T13:43:35","date_gmt":"2011-01-06T13:43:35","guid":{"rendered":"https:\/\/archivioturi.lavocedelpaese.info\/index.php\/2011\/01\/06\/il-canile-e-bel-oltre-la-sua-capienza-2\/"},"modified":"2011-01-06T13:43:35","modified_gmt":"2011-01-06T13:43:35","slug":"il-canile-e-bel-oltre-la-sua-capienza-2","status":"publish","type":"post","link":"https:\/\/archivioturi.lavocedelpaese.info\/index.php\/2011\/01\/06\/il-canile-e-bel-oltre-la-sua-capienza-2\/","title":{"rendered":"&#8216;IL CANILE \u00c8 BEL OLTRE LA SUA CAPIENZA&#8217;"},"content":{"rendered":"<p><img loading=\"lazy\" decoding=\"async\" class=\" size-full wp-image-1006\" src=\"https:\/\/archivioturi.lavocedelpaese.info\/wp-content\/uploads\/2009\/12\/cane.jpg\" width=\"320\" height=\"150\" alt=\"cane\" \/> <\/p>\n<p style=\"text-align: justify;\"><span style=\"font-size: 10pt;\"><span style=\"font-family: verdana, geneva;\">Riceviamo e Pubblichiamo.<\/span><\/span><\/p>\n<hr style=\"text-align: justify;\" \/>\n<div style=\"text-align: justify;\"><span style=\"font-size: 13px; font-family: verdana, geneva; \">In seguito all\u2019episodio avvenuto sulla SP 215, \u00e8 finalmente emerso un grosso problema che riguarda Turi e tutti i comuni limitrofi: l\u2019assenza delle istituzioni riguardo il problema del randagismo.<\/span><\/div>\n<p style=\"text-align: justify;\"><span style=\"font-size: 10pt;\"><span style=\"font-family: verdana, geneva;\">Il canile comunale \u00e8 ben oltre la sua capienza, in totale i volontari che si occupano di questa struttura comunale sono 2, tranne qualche giorno particolare in cui altri amici e amiche riescono a ritagliare un po\u2019 di tempo per darci una mano. I compiti dei volontari? Sfamare i cani, portarli a passeggio, pulire le gabbie, dare loro medicine, aiutare i veterinari quando sterilizzano e tantissime altre faccende. Ho addirittura costruito delle pensiline per i mesi pi\u00f9 caldi, visto che i cani sono sotto il sole cocente a 40 gradi, le cucce non sono di conforto in questi casi. Ho anche montato delle recinzioni, con delle reti pagate dal comune, ma montate da me, libero cittadino. Ma non sono questi i compiti pi\u00f9 gravosi. Quello che ci strazia l\u2019anima \u00e8 guardare negli occhi queste creature, giorno per giorno sempre pi\u00f9 deluse dalla razza umana. Vorremmo sapere nome e cognome di chi ha concepito un&#8217;area di isolamento cos\u00ec poco dignitosa. Penso che il carcere a regime duro sia una vacanza in Costa Azzurra rispetto a queste gabbie da 1,5 metri quadri. Cosa hanno fatto per meritare questo carcere? Hanno forse delle colpe? Eppure sembra proprio che quel canile sia un posto dimenticato da Dio. E non solo. Dove sono le istituzioni? Personalmente faccio volontariato da un anno e 2 mesi, sono andato in canile ogni giorno, compresi i giorni di Natale, Capodanno e tutte le domeniche. Mai un giorno libero, i cani non vanno in ferie. Non ho mai visto un consigliere comunale, del sindaco non so neanche la faccia, i vigili non hanno la forza di entrare e quando sono accaduti episodi di aggressione intraspecifica \u00e8 toccato a me, volontario, raccogliere le carcasse e sistemarle nel freezer. Ogni mattina mentre percorro gli ultimi 100 metri prima di parcheggiare, ho sempre il timore di trovare qualche scena che neanche Dario Argento ha mai concepito. Chi sono i responsabili di questa situazione? E\u2019 possibile che tutto questo passi completamente inosservato? E\u2019 possibile che il problema del randagismo sia affidato a me e a Maria Rosaria, che si \u00e8 involontariamente ritrovata trascinata in questo inferno da un paio di mesi? Ultimamente ci siamo fatti carico di spese che dovrebbero essere a carico del comune, perch\u00e9 dopo aver capito come funziona la burocrazia turese, abbiamo deciso di tagliare la testa al toro (tranquilli, non \u00e8 il toro sotto l\u2019albero) e di curare i cani a spese nostre. Trovate che sia dignitoso tutto questo?<\/span><\/span><\/p>\n<p style=\"text-align: justify;\"><span style=\"font-size: 10pt;\"><span style=\"font-family: verdana, geneva;\">Pino Carenza ha anche scritto una lettera pubblica, dove fa appello alla sensibilit\u00e0 degli uomini giusti. Spiega anche che il cane poteva essere soccorso e portato nell\u2019ambulatorio del canile, dove ci sono farmaci e il posto per la degenza post-chirurgica. Mi viene naturale la battuta: al canile c\u2019\u00e8 carenza&#8230; di Carenza! Se solo fosse venuto a documentarsi prima di fare tali affermazioni, avrebbe saputo che nell\u2019ambulatorio del canile \u00e8 possibile operare, ma non c\u2019\u00e8 posto per il ricovero. E s\u00ec, abbiamo dei cani persino nel bagno! E poi si parla di farmaci, quali farmaci? Quelli che ho comprato io con i soldi che mi sono stati donati dall\u2019associazione Pelosi Liberation Front oppure i farmaci scaduti da 4 anni che ho trovato nell\u2019ambulatorio e che ho prontamente gettato nella spazzatura?<\/span><\/span><\/p>\n<p style=\"text-align: justify;\"><span style=\"font-size: 10pt;\"><span style=\"font-family: verdana, geneva;\">Con questa lettera vogliamo invitare Pino Carenza al canile sanitario, per cominciare un dialogo serio e costruttivo. Noi siamo li ogni mattina, se serve un recapito telefonico pu\u00f2 telefonarmi al 3486466874.<\/span><\/span><\/p>\n<p style=\"text-align: justify;\"><span style=\"font-size: 10pt;\"><span style=\"font-family: verdana, geneva;\">Spero di ricevere delle risposte immediate, \u00e8 sempre buona norma battere il ferro quando \u00e8 caldo. Passeranno dei giorni e tante parole, ma ho sempre quella triste sensazione che io, da solo, non riuscir\u00f2 a cambiare il mondo.<\/span><\/span><\/p>\n<p style=\"text-align: justify;\"><span style=\"font-size: 10pt;\"><span style=\"font-family: verdana, geneva;\">Inoltre vorrei invitare chiunque ha tempo da dedicare ai cani, a contattarmi per fare volontariato. Non c\u2019\u00e8 bisogno di conoscenze specifiche, non serve una laurea in veterinaria o un certificato da addestratore. Tutti sono in grado di portare a spasso dei cani.<\/span><\/span><\/p>\n<p style=\"text-align: justify;\"><span style=\"font-size: 10pt;\"><span style=\"font-family: verdana, geneva;\"> <\/span><\/span><\/p>\n<p style=\"text-align: justify;\"><span style=\"font-size: 10pt;\"><span style=\"font-family: verdana, geneva;\">A conclusione di questa lettera, vorrei ricordare i miei amici che per colpa di cittadini benpensanti, politici impegnati e animalisti della domenica, non ci sono pi\u00f9.<\/span><\/span><\/p>\n<p style=\"text-align: justify;\"><span style=\"font-size: 10pt;\"><span style=\"font-family: verdana, geneva;\">Ciao Ringhio, Uccio, Snoopy, Tempesta, Stella, Rex, Mac1, Mac2, Bruno e tutti i 20 cuccioli che sono morti senza che nessuno, tranne me, se ne \u00e8 mai accorto<\/span><\/span>.<\/p>\n<p style=\"text-align: right;\"><span style=\"font-size: 10pt;\"><span style=\"font-family: verdana, geneva;\">Gaetano Pirulli<\/span><\/span><\/p>\n","protected":false},"excerpt":{"rendered":"<p><img loading=\"lazy\" decoding=\"async\" class=\" size-full wp-image-1006\" src=\"https:\/\/archivioturi.lavocedelpaese.info\/wp-content\/uploads\/2009\/12\/cane.jpg\" width=\"320\" height=\"150\" alt=\"cane\" \/> <\/p>\n","protected":false},"author":1,"featured_media":1006,"comment_status":"open","ping_status":"closed","sticky":false,"template":"","format":"standard","meta":{"colormag_page_container_layout":"default_layout","colormag_page_sidebar_layout":"default_layout","footnotes":""},"categories":[7],"tags":[],"class_list":["post-5023","post","type-post","status-publish","format-standard","has-post-thumbnail","hentry","category-attualita"],"_links":{"self":[{"href":"https:\/\/archivioturi.lavocedelpaese.info\/index.php\/wp-json\/wp\/v2\/posts\/5023","targetHints":{"allow":["GET"]}}],"collection":[{"href":"https:\/\/archivioturi.lavocedelpaese.info\/index.php\/wp-json\/wp\/v2\/posts"}],"about":[{"href":"https:\/\/archivioturi.lavocedelpaese.info\/index.php\/wp-json\/wp\/v2\/types\/post"}],"author":[{"embeddable":true,"href":"https:\/\/archivioturi.lavocedelpaese.info\/index.php\/wp-json\/wp\/v2\/users\/1"}],"replies":[{"embeddable":true,"href":"https:\/\/archivioturi.lavocedelpaese.info\/index.php\/wp-json\/wp\/v2\/comments?post=5023"}],"version-history":[{"count":0,"href":"https:\/\/archivioturi.lavocedelpaese.info\/index.php\/wp-json\/wp\/v2\/posts\/5023\/revisions"}],"wp:featuredmedia":[{"embeddable":true,"href":"https:\/\/archivioturi.lavocedelpaese.info\/index.php\/wp-json\/wp\/v2\/media\/1006"}],"wp:attachment":[{"href":"https:\/\/archivioturi.lavocedelpaese.info\/index.php\/wp-json\/wp\/v2\/media?parent=5023"}],"wp:term":[{"taxonomy":"category","embeddable":true,"href":"https:\/\/archivioturi.lavocedelpaese.info\/index.php\/wp-json\/wp\/v2\/categories?post=5023"},{"taxonomy":"post_tag","embeddable":true,"href":"https:\/\/archivioturi.lavocedelpaese.info\/index.php\/wp-json\/wp\/v2\/tags?post=5023"}],"curies":[{"name":"wp","href":"https:\/\/api.w.org\/{rel}","templated":true}]}}