{"id":496,"date":"2009-10-19T18:54:06","date_gmt":"2009-10-19T18:54:06","guid":{"rendered":"https:\/\/archivioturi.lavocedelpaese.info\/index.php\/2009\/10\/19\/sabato-tutti-al-qpalazzettoq\/"},"modified":"2009-10-19T18:54:06","modified_gmt":"2009-10-19T18:54:06","slug":"sabato-tutti-al-qpalazzettoq","status":"publish","type":"post","link":"https:\/\/archivioturi.lavocedelpaese.info\/index.php\/2009\/10\/19\/sabato-tutti-al-qpalazzettoq\/","title":{"rendered":"SABATO TUTTI AL &#8220;PALAZZETTO&#8221;"},"content":{"rendered":"<p><img loading=\"lazy\" decoding=\"async\" class=\" alignleft size-full wp-image-492\" style=\"margin: 5px; float: left;\" alt=\"palazzetto\" src=\"https:\/\/archivioturi.lavocedelpaese.info\/wp-content\/uploads\/2009\/10\/palazzetto.jpg\" width=\"320\" height=\"156\" srcset=\"https:\/\/archivioturi.lavocedelpaese.info\/wp-content\/uploads\/2009\/10\/palazzetto.jpg 410w, https:\/\/archivioturi.lavocedelpaese.info\/wp-content\/uploads\/2009\/10\/palazzetto-300x146.jpg 300w\" sizes=\"auto, (max-width: 320px) 100vw, 320px\" \/> <\/p>\n<p>L&#8217;aveva urlato il Team Manager della Villa Menelao Turi, <strong>Stefano Dell&#8217;Aera<\/strong>, durante la diretta video\/radio di sabato scorso, in cui stavamo trasmettendo la <strong>quinta vittoria consecutiva<\/strong> in campionato della pallavolo maschile. Eppure, a noi cronisti, curiosi e ansiosi di divulgare la notizia, ci aveva chiesto di non spargere la voce (figuriamoci, a noi la notizia era arrivata qualche ora prima, tramite &#8220;voci di Palapertini&#8221;). Poco fa l&#8217;abbiamo incontrato e ci ha detto che &#8220;<strong>\u00e8 ufficiale<\/strong>&#8220;!<\/p>\n<p>Di cosa stiamo parlando? Ve lo diciamo tutto d&#8217;un fiato per l&#8217;entusiasmo, prendendo in prestito da OcchioSalato il suo modo di accorpare le parole:<\/p>\n<p><strong>SA-BA-TO-SI-GIO-CA-AL-PA-LA-ZZE-TTOOOOOOOOOOOOO!!! <\/strong><\/p>\n<p>In barba alla divisione in sillabe! Cos\u00ec ci piace di pi\u00f9 <strong>il nostro urlo<\/strong>!<\/p>\n<p>Volevamo condividere con li popolo dei nostri lettori questa notizia. Erano <strong>due anni che si aspettava<\/strong> il momento dell&#8217;inaugurazione, o meglio, della prima partita nella nuova Palestra Polifunzionale, cos\u00ec come tengono a chiamarla i politici turesi. Ma a Turi sar\u00e0 chiamato da qui a mille anni &#8220;Palazzetto&#8221;, ne siamo sicuri.<\/p>\n<p>Non ci sar\u00e0 nessuna manifestazione particolare per presentarlo al pubblico, ma c&#8217;\u00e8 d&#8217;aspettarsi un super-tutto-esaurito sugli spalti: saranno stracolmi di gente che saluter\u00e0 gli azzurri, primi in classifica, dopo due trasferte di fila, con un abbraccio caloroso come non mai.<\/p>\n<p><strong>Giocare in B1, essere primi, sognare in grande e inaugurare il &#8220;Palazzetto&#8221;, non ha prezzo!<\/strong><\/p>\n<p><strong>Turiweb<\/strong>, come al solito, e non poteva essere altrimenti, sabato prossimo <strong>seguir\u00e0 per voi la diretta<\/strong> dando particolare risalto alla descrizione del &#8220;contorno&#8221; della partita.<\/p>\n<p><img loading=\"lazy\" decoding=\"async\" class=\" size-full wp-image-493\" alt=\"palazzetto-bis\" src=\"https:\/\/archivioturi.lavocedelpaese.info\/wp-content\/uploads\/2009\/10\/palazzetto-bis.jpg\" width=\"320\" height=\"203\" srcset=\"https:\/\/archivioturi.lavocedelpaese.info\/wp-content\/uploads\/2009\/10\/palazzetto-bis.jpg 320w, https:\/\/archivioturi.lavocedelpaese.info\/wp-content\/uploads\/2009\/10\/palazzetto-bis-300x190.jpg 300w\" sizes=\"auto, (max-width: 320px) 100vw, 320px\" \/> <img loading=\"lazy\" decoding=\"async\" class=\" size-full wp-image-494\" alt=\"palazzetto-tris\" src=\"https:\/\/archivioturi.lavocedelpaese.info\/wp-content\/uploads\/2009\/10\/palazzetto-tris.jpg\" width=\"320\" height=\"205\" srcset=\"https:\/\/archivioturi.lavocedelpaese.info\/wp-content\/uploads\/2009\/10\/palazzetto-tris.jpg 320w, https:\/\/archivioturi.lavocedelpaese.info\/wp-content\/uploads\/2009\/10\/palazzetto-tris-300x192.jpg 300w\" sizes=\"auto, (max-width: 320px) 100vw, 320px\" \/><\/p>\n<p><img loading=\"lazy\" decoding=\"async\" class=\" size-full wp-image-495\" alt=\"palazzetto-quattro\" src=\"https:\/\/archivioturi.lavocedelpaese.info\/wp-content\/uploads\/2009\/10\/palazzetto-quattro.jpg\" width=\"320\" height=\"213\" srcset=\"https:\/\/archivioturi.lavocedelpaese.info\/wp-content\/uploads\/2009\/10\/palazzetto-quattro.jpg 320w, https:\/\/archivioturi.lavocedelpaese.info\/wp-content\/uploads\/2009\/10\/palazzetto-quattro-300x200.jpg 300w\" sizes=\"auto, (max-width: 320px) 100vw, 320px\" \/><\/p>\n","protected":false},"excerpt":{"rendered":"<p><img loading=\"lazy\" decoding=\"async\" class=\" alignleft size-full wp-image-492\" style=\"margin: 5px; float: left;\" alt=\"palazzetto\" src=\"https:\/\/archivioturi.lavocedelpaese.info\/wp-content\/uploads\/2009\/10\/palazzetto.jpg\" width=\"320\" height=\"156\" srcset=\"https:\/\/archivioturi.lavocedelpaese.info\/wp-content\/uploads\/2009\/10\/palazzetto.jpg 410w, https:\/\/archivioturi.lavocedelpaese.info\/wp-content\/uploads\/2009\/10\/palazzetto-300x146.jpg 300w\" sizes=\"auto, (max-width: 320px) 100vw, 320px\" \/> <\/p>\n","protected":false},"author":1,"featured_media":492,"comment_status":"open","ping_status":"closed","sticky":false,"template":"","format":"standard","meta":{"colormag_page_container_layout":"default_layout","colormag_page_sidebar_layout":"default_layout","footnotes":""},"categories":[5],"tags":[],"class_list":["post-496","post","type-post","status-publish","format-standard","has-post-thumbnail","hentry","category-sport"],"_links":{"self":[{"href":"https:\/\/archivioturi.lavocedelpaese.info\/index.php\/wp-json\/wp\/v2\/posts\/496","targetHints":{"allow":["GET"]}}],"collection":[{"href":"https:\/\/archivioturi.lavocedelpaese.info\/index.php\/wp-json\/wp\/v2\/posts"}],"about":[{"href":"https:\/\/archivioturi.lavocedelpaese.info\/index.php\/wp-json\/wp\/v2\/types\/post"}],"author":[{"embeddable":true,"href":"https:\/\/archivioturi.lavocedelpaese.info\/index.php\/wp-json\/wp\/v2\/users\/1"}],"replies":[{"embeddable":true,"href":"https:\/\/archivioturi.lavocedelpaese.info\/index.php\/wp-json\/wp\/v2\/comments?post=496"}],"version-history":[{"count":0,"href":"https:\/\/archivioturi.lavocedelpaese.info\/index.php\/wp-json\/wp\/v2\/posts\/496\/revisions"}],"wp:featuredmedia":[{"embeddable":true,"href":"https:\/\/archivioturi.lavocedelpaese.info\/index.php\/wp-json\/wp\/v2\/media\/492"}],"wp:attachment":[{"href":"https:\/\/archivioturi.lavocedelpaese.info\/index.php\/wp-json\/wp\/v2\/media?parent=496"}],"wp:term":[{"taxonomy":"category","embeddable":true,"href":"https:\/\/archivioturi.lavocedelpaese.info\/index.php\/wp-json\/wp\/v2\/categories?post=496"},{"taxonomy":"post_tag","embeddable":true,"href":"https:\/\/archivioturi.lavocedelpaese.info\/index.php\/wp-json\/wp\/v2\/tags?post=496"}],"curies":[{"name":"wp","href":"https:\/\/api.w.org\/{rel}","templated":true}]}}