{"id":491,"date":"2009-10-19T18:44:45","date_gmt":"2009-10-19T18:44:45","guid":{"rendered":"https:\/\/archivioturi.lavocedelpaese.info\/index.php\/2009\/10\/19\/de-grisantis-punta-sulla-sicurezza\/"},"modified":"2009-10-19T18:44:45","modified_gmt":"2009-10-19T18:44:45","slug":"de-grisantis-punta-sulla-sicurezza","status":"publish","type":"post","link":"https:\/\/archivioturi.lavocedelpaese.info\/index.php\/2009\/10\/19\/de-grisantis-punta-sulla-sicurezza\/","title":{"rendered":"DE GRISANTIS PUNTA SULLA SICUREZZA"},"content":{"rendered":"<p><img loading=\"lazy\" decoding=\"async\" class=\" alignleft size-full wp-image-87\" style=\"margin: 5px; float: left;\" alt=\"ss172\" src=\"https:\/\/archivioturi.lavocedelpaese.info\/wp-content\/uploads\/2009\/07\/ss172.jpg\" width=\"320\" height=\"156\" srcset=\"https:\/\/archivioturi.lavocedelpaese.info\/wp-content\/uploads\/2009\/07\/ss172.jpg 410w, https:\/\/archivioturi.lavocedelpaese.info\/wp-content\/uploads\/2009\/07\/ss172-300x146.jpg 300w\" sizes=\"auto, (max-width: 320px) 100vw, 320px\" \/> <\/p>\n<p><strong>Come \u00e8 nata l&#8217;idea di metter su un comitato per la sicurezza della S.P. 132 Turi &#8211; Sammichele e della S.S. 172 &#8220;dei Trulli&#8221;?<\/strong><\/p>\n<p>&#8220;Innanzitutto per motivi di sicurezza: troppi morti e feriti lungo le 2 strade.<\/p>\n<p>Inoltre, il Comitato per la messa in sicurezza della S.S. 172 dei Trulli lo costituii nel febbraio scorso per il timore che si stesse perdendo il finanziamento di 50,50 milioni di euro ottenuto nel marzo <st1:metricconverter productid=\"2007 a\" w:st=\"on\">2007  a<\/st1:metricconverter> seguito di tanto impegno da parte dei Sindaci del tempo. Timore che divenne certezza il giorno 08\/3\/2009 quando venni a conoscenza che, con la delibera CIPE (Comitato Interministeriale per la Programmazione Economica) di 2 giorni prima, il Governo aveva destinato ad altre finalit\u00e0 il finanziamento stesso.<\/p>\n<p>Quello, invece, per la messa in sicurezza della S.P. 132 Turi \u2013 Sammichele nacque nel luglio scorso dalla mia convinzione che lo sviluppo economico della nostra Citt\u00e0 passa attraverso 2 strade: la S.S. 172 per il tratto Turi \u2013 Casamassima e la S.P. 132 Turi \u2013 Sammichele. Tutto questo perch\u00e9, un giorno che sar\u00e0 realizzato il PIP (Piano Insediamenti Produttivi), le merci che saranno prodotte in quell\u2019area avranno 2 possibili destinazioni: Bari e Nord Italia (Turi \u2013 Casamassima) e porto di Taranto e svincolo autostrada ad Acquaviva delle Fonti (Turi \u2013 Sammichele).&#8221;<\/p>\n<p><strong>Ci spiega cosa \u00e8 successo ai fondi destinati all&#8217;allargamento della statale dei trulli.<\/strong><\/p>\n<p>&#8220;Come detto, il Governo ha destinato ad altre opere i 650 milioni di euro che erano stati impegnati dal precedente Governo per le infrastrutture in Puglia. E tra quei 650 milioni c\u2019erano i nostri 50,50 milioni di euro.&#8221;<\/p>\n<p><strong>In che modo avete cercato di sensibilizzare la cittadinanza dei Comuni interessati? C&#8217;\u00e8 stato riscontro? Quante firme avete raccolto e quali e quanti Comuni hanno aderito all&#8217;iniziativa?<\/strong><\/p>\n<p>&#8220;Grazie al Comitato x la S.S. 172&#8221; creato su Facebook \u00e8 stato possibile raggiungere i cittadini residenti nei 9 Comuni interessati dalla strada. Successivamente, grazie ai GAL (Gruppi di Animazione Locali) creati nelle singole realt\u00e0 cittadine, \u00e8 stato possibile sensibilizzare, sul singolo territorio, i residenti.<\/p>\n<p>Ad oggi, questa mobilitazione ha prodotto oltre 15.000 firme. Fino alla consegna delle stesse presso il Parlamento, contiamo di raggiungere 20\/25.000 firme.<\/p>\n<p>L\u2019art 50 della Costituzione non lo prevede ma alle firme dei cittadini aggiungeremo anche le delibere dei 9 Comuni, delle 3 Province interessate (Bari, Brindisi e Taranto) e, speriamo, anche quella della Regione. Tutto questo perch\u00e9 il motto del Comitato \u00e8 sempre stato: \u201cI cittadini e le Istituzioni insieme per lo stesso obiettivo\u201c.<\/p>\n<p>Ad oggi hanno deliberato 6 Comuni e la Provincia di Bari. Attendiamo le adesioni degli altri 3 Comuni, delle Province di Taranto e Brindisi e del Consiglio della Regione Puglia che dovrebbero pervenire entro la fine di questo mese.&#8221;<\/p>\n<p><strong>Quando verranno depositate le firme a Roma? Chi far\u00e0 parte della spedizione? I soliti politicanti?<\/strong><\/p>\n<p>&#8220;Sto aspettando la risposta dalle segreterie politiche dei Presidenti Fini e Schifani circa le date per la consegna delle firme.<\/p>\n<p>Spero che vengano i numerosi giovani dei diversi Comuni che sono stati coinvolti nell\u2019iniziativa ed i rappresentanti delle Associazioni che hanno fattivamente collaborato al buon esito del progetto. Penso all\u2019importantissimo contributo dell\u2019Associazione \u201cVivilastrada\u201c di Castellana Grotte ed alle altre Associazioni locali presenti nei singoli territori.<\/p>\n<p><strong>Quante probabilit\u00e0 ci sono che si ottenga qualcosa?<\/strong><\/p>\n<p>&#8220;Sono fiducioso circa il risultato finale. Ritengo che il Parlamento, questa volta, non potr\u00e0 sottrarsi dal prendere in considerazione le istanze di &#8220;sicurezza\u201d e di \u201csviluppo economico\u201d che vengono dai cittadini. In particolare penso che i parlamentari pugliesi, di qualunque schieramento, faranno \u201cgruppo\u201c su questo argomento. Speriamo\u2026&#8221;<\/p>\n<p><strong>Si stanno creando i GAL &#8211; Gruppi di animazione locale &#8211; dei singoli paesi che interessano la statale &#8220;dei trulli&#8221;. Ci spieghi meglio questo importante passaggio.<\/strong><\/p>\n<p>I GAL che si sono informalmente costituiti nei singoli territori stanno avendo la grande funzione di sensibilizzare i propri concittadini circa la problematica della \u201cS.S. 172\u201c e raccogliere le firme.<\/p>\n<p><strong>Una domanda che tutti si pongono: questo suo darsi da fare a livello sovracomunale, porter\u00e0 ad una conseguente candidatura alle prossime elezioni Regionali?<\/strong><\/p>\n<p>&#8220;Io oggi nella mente ho 2 numeri: S.S.172 e S.P. 132 (cio\u00e8 due problemi di interesse generale) e per questi intendo continuare ad impegnarmi.<\/p>\n<p>Piuttosto, invece di chiedersi a cosa porter\u00e0 in termini politici questo mio impegno, perch\u00e9 ognuno di noi non si chiede: quale contributo posso dare per raggiungere gli obiettivi di cui alle 2 petizioni popolari?<\/p>\n<p>Giuseppe Dell\u2019Aera, maratoneta delle Fiamme Gialle e nostro concittadino, ha deciso di partecipare alla maratona di New York portando sulla pettorina la scritta \u201cPer una S.S. 172 dei Trulli pi\u00f9 sicura\u201c. Questi sono i gesti concreti che fanno \u201cvolare alto\u201c, e di questo ringrazio col cuore Giuseppe, sperando che sia un esempio positivo per tutti. Stando lontano, \u00e8 un diverso modo per contribuire alla buona riuscita dell\u2019iniziativa.<\/p>\n<p>Oppure, perch\u00e9 non chiedersi: quali altre iniziative si possono intraprendere a tutela di quell\u2019interesse generale costantemente e quotidianamente mortificato?<\/p>\n<p>Questo \u00e8 un modo positivo di porsi per la crescita di una o pi\u00f9 comunit\u00e0.&#8221;<\/p>\n<p><strong><img loading=\"lazy\" decoding=\"async\" class=\" alignright size-full wp-image-490\" style=\"margin: 5px; float: right;\" alt=\"de-grisantis\" src=\"https:\/\/archivioturi.lavocedelpaese.info\/wp-content\/uploads\/2009\/10\/de-grisantis.jpg\" width=\"320\" height=\"466\" srcset=\"https:\/\/archivioturi.lavocedelpaese.info\/wp-content\/uploads\/2009\/10\/de-grisantis.jpg 320w, https:\/\/archivioturi.lavocedelpaese.info\/wp-content\/uploads\/2009\/10\/de-grisantis-206x300.jpg 206w\" sizes=\"auto, (max-width: 320px) 100vw, 320px\" \/>Parteciper\u00e0 al<\/strong><strong>le primarie del PD del 25 ottobre p.v.? Chi vorrebbe vincesse, anche se non dovesse partecipare?<\/strong><\/p>\n<p>&#8220;Non parteciper\u00f2 alle primarie del PD. Comunque spero che, a prescindere dal vincitore, venga fuori un partito competitivo nella proposta, vivo e spendibile per il futuro. Questo a tutti i livelli. Con l\u2019augurio di vedere le sedi frequentate e che diventino luoghi di riflessione, studio e preparazione della classe dirigente che non c\u2019\u00e8 in tutti i partiti e che rappresenta una fra le emergenze pi\u00f9 importanti nel nostro Paese.&#8221;<\/p>\n<p><strong>Ex Cinema Zaccheo. Lei cosa ne pensa a riguardo? Si tratta davvero di speculazione edilizia come &#8220;urla&#8221; La Puglia Prima di Tutto?<\/strong><\/p>\n<p>&#8220;Che possa rivelarsi l\u2019ennesima \u201cpartita a perdere\u201c per la nostra comunit\u00e0, \u00e8 molto probabile. La vendita del Cinema l\u2019aveva gi\u00e0 programmata la mia Amministrazione. Con il ricavato avevamo previsto la realizzazione di un nuovo cinema \u2013 teatro a Largo Pozzi nell\u2019ex mattatoio o, in alternativa, destinare la disponibilit\u00e0 di quella somma per cofinanziamenti relativi a future opere pubbliche da realizzare. Ad esempio, come fatto in passato, cofinanziamento di 150.000 euro per ottenere un finanziamento a fondo perduto di 1.000.000 di euro per la ristrutturazione delle Chiese.<\/p>\n<p>Quindi la vendita era finalizzata alla crescita della nostra Citt\u00e0 e non, come pensa di fare l\u2019attuale Amministrazione, a ridurre il debito complessivo di qualche decina di migliaia di euro l\u2019anno che non servir\u00e0 ad un bel niente e che bloccher\u00e0 ulteriormente le legittime aspettative di sviluppo che provengono dai cittadini.<\/p>\n<p>La decisione degli attuali amministratori, invece, fornisce la sensazione che vogliano tacitare le proprie coscienze per aver contribuito in modo decisivo al debito pubblico complessivo (con circa 4,5 milioni di euro di mutui contratti con Cassa Depositi e Prestiti secondo il consigliere Natalino Ventrella) quali componenti dell\u2019Amministrazione Stefanachi.<\/p>\n<p>Il problema delle entrate non lo si risolve con le vendite del patrimonio comunale ma creando nuove opportunit\u00e0 di entrate. Gli effetti dell\u2019inerzia dell\u2019Amministrazione sotto questo aspetto li avvertiremo l\u2019anno prossimo quando riascolteremo la storia del \u201ccavallo che cadde tramortito, assetato e successivamente abbandonato\u201c. Cio\u00e8 quella del nostro Comune che cade appesantito dalle spese, senza entrate. E la prossima volta sar\u00e0 molto difficile farlo rialzare.&#8221;<\/p>\n<p>\u00a0<\/p>\n","protected":false},"excerpt":{"rendered":"<p><img loading=\"lazy\" decoding=\"async\" class=\" alignleft size-full wp-image-87\" style=\"margin: 5px; float: left;\" alt=\"ss172\" src=\"https:\/\/archivioturi.lavocedelpaese.info\/wp-content\/uploads\/2009\/07\/ss172.jpg\" width=\"320\" height=\"156\" srcset=\"https:\/\/archivioturi.lavocedelpaese.info\/wp-content\/uploads\/2009\/07\/ss172.jpg 410w, https:\/\/archivioturi.lavocedelpaese.info\/wp-content\/uploads\/2009\/07\/ss172-300x146.jpg 300w\" sizes=\"auto, (max-width: 320px) 100vw, 320px\" \/> <\/p>\n","protected":false},"author":1,"featured_media":87,"comment_status":"open","ping_status":"closed","sticky":false,"template":"","format":"standard","meta":{"colormag_page_container_layout":"default_layout","colormag_page_sidebar_layout":"default_layout","footnotes":""},"categories":[7],"tags":[],"class_list":["post-491","post","type-post","status-publish","format-standard","has-post-thumbnail","hentry","category-attualita"],"_links":{"self":[{"href":"https:\/\/archivioturi.lavocedelpaese.info\/index.php\/wp-json\/wp\/v2\/posts\/491","targetHints":{"allow":["GET"]}}],"collection":[{"href":"https:\/\/archivioturi.lavocedelpaese.info\/index.php\/wp-json\/wp\/v2\/posts"}],"about":[{"href":"https:\/\/archivioturi.lavocedelpaese.info\/index.php\/wp-json\/wp\/v2\/types\/post"}],"author":[{"embeddable":true,"href":"https:\/\/archivioturi.lavocedelpaese.info\/index.php\/wp-json\/wp\/v2\/users\/1"}],"replies":[{"embeddable":true,"href":"https:\/\/archivioturi.lavocedelpaese.info\/index.php\/wp-json\/wp\/v2\/comments?post=491"}],"version-history":[{"count":0,"href":"https:\/\/archivioturi.lavocedelpaese.info\/index.php\/wp-json\/wp\/v2\/posts\/491\/revisions"}],"wp:featuredmedia":[{"embeddable":true,"href":"https:\/\/archivioturi.lavocedelpaese.info\/index.php\/wp-json\/wp\/v2\/media\/87"}],"wp:attachment":[{"href":"https:\/\/archivioturi.lavocedelpaese.info\/index.php\/wp-json\/wp\/v2\/media?parent=491"}],"wp:term":[{"taxonomy":"category","embeddable":true,"href":"https:\/\/archivioturi.lavocedelpaese.info\/index.php\/wp-json\/wp\/v2\/categories?post=491"},{"taxonomy":"post_tag","embeddable":true,"href":"https:\/\/archivioturi.lavocedelpaese.info\/index.php\/wp-json\/wp\/v2\/tags?post=491"}],"curies":[{"name":"wp","href":"https:\/\/api.w.org\/{rel}","templated":true}]}}