{"id":4903,"date":"2009-06-12T03:06:39","date_gmt":"2009-06-12T03:06:39","guid":{"rendered":"https:\/\/archivioturi.lavocedelpaese.info\/index.php\/2009\/06\/12\/turi-la-conferenza-episcopale\/"},"modified":"2009-06-12T03:06:39","modified_gmt":"2009-06-12T03:06:39","slug":"turi-la-conferenza-episcopale","status":"publish","type":"post","link":"https:\/\/archivioturi.lavocedelpaese.info\/index.php\/2009\/06\/12\/turi-la-conferenza-episcopale\/","title":{"rendered":"TURI: LA CONFERENZA EPISCOPALE"},"content":{"rendered":"<p><img loading=\"lazy\" decoding=\"async\" height=\"240\" width=\"320\" style=\"margin: 5px; float: left; width: 320px; height: 240px;\" title=\"foto_di_monica_notarnicola_01.jpg\" alt=\"foto_di_monica_notarnicola_01.jpg\" src=\"images\/stories\/archiviofoto\/foto_di_monica_notarnicola_01.jpg\" \/> <\/p>\n<p align=\"justify\"><strong>Ieri 11 giugno 2009<\/strong> si \u00e8 tenuto presso il Palazzo Marchesale un evento\u00a0 prezioso per tutta la comunit\u00e0 religiosa pugliese: la conferenza episcopale. Ora di arrivo le 9.30. Tanta l\u2019ansia della gente che immaginava gi\u00e0\u00a0 da giorni uno scenario da limousine.<\/p>\n<p align=\"justify\"> In realt\u00e0, <strong>l\u2019 evento spirituale<\/strong> si \u00e8 tenuto nella massima discrezione e riservatezza. La conferenza \u00e8 un evento che si tiene tre volte durante l\u2019 arco dell\u2019anno, in genere presso il Seminario di Molfetta, in cui tutti i vescovi discutono sui problemi che riguardano tutte le chiese della regione.<\/p>\n<p align=\"justify\"> Si prendono tutte le decisioni che concernono l\u2019 unit\u00e0 della varie diocesi. I temi sono sostanzialmente: le disposizioni liturgiche , le norme della conferenza italiana da applicare sul territorio, le questioni relative alle istituzioni religiose, al tribunale ecclesiastico; la riflessione sui problemi della realt\u00e0.<\/p>\n<p align=\"justify\"> <strong>Novit\u00e0\u00a0 l\u2019aver scelto Turi come sede della discussione.<\/strong><\/p>\n<p align=\"justify\"> <strong>L\u2019idea nasce da<\/strong> Monsignor Domenico Padovano Vescovo della diocesi Conversano- Monopoli e da Don <strong>Giovanni Amodio<\/strong>, con la collaborazione dei sacerdoti locali e su invito del Sindaco Vincenzo Gigantelli.<\/p>\n<p align=\"justify\"> La decisione di decentrare la location nasce dall\u2019 esigenza di coinvolgere in modo pi\u00f9 diretto\u00a0 le diocesi e non certamente da finalit\u00e0 turistiche (non sono previste visite guidate della citt\u00e0), anche se poi un po\u2019 di svago non guasta\u00a0 mai, quando si parla di tematiche cos\u00ec pregnanti ed, infatti, ci sar\u00e0 per\u00a0 i 19 vescovi pervenuti, una bella passeggiata ristoratrice\u00a0 in campagna, nei pressi della Masseria Musacco, per assaggiare, magari raccolte direttamente dall\u2019 albero, le nostre invitanti ciliegie ferrovie.<\/p>\n<p align=\"justify\"> <strong>Il messaggio del Vescovo Padovano<\/strong> \u00e8 stato soprattutto rivolto ad una maggiore vigilanza sui problemi economici .E\u2019necessario educare alla solidariet\u00e0 ed evangelizzare meglio i valori etico- cristiani.<br \/> Interessante \u00e8 stato il suo commento sull\u2019agricoltura che, a quanto pare, non ha l\u2019 importanza che merita perch\u00e9 viene trattata come la cenerentola dell\u2019economia, invece di stare al primo posto. L\u2019agricoltore produce ricchezza , pianta un seme nella terra e di l\u00e0 nascono delle floride spighe. Il contadino che produce, non deve far la fame.<\/p>\n<p align=\"justify\"> <strong>Il Vescovo di Lucera,<\/strong> Monsignor Domenico Cornacchia ha aggiunto che dato che la crisi economica equivale ad una crisi etica, morale e spirituale, bisogna affidarsi ad un atteggiamento di sobriet\u00e0. I vescovi sono, comunque, molto fiduciosi che ci sar\u00e0 presto una ripresa in tutti i sensi. Bisogna guardarsi dentro e leggere tutte le situazioni, anche le pi\u00f9 difficili, e sperare.<\/p>\n<p align=\"justify\"> <strong>L\u2019Assessore Giacomo Valentini<\/strong> ha commentato che l\u2019Amministrazione Comunale\u00a0 cercher\u00e0 di ribadire l\u2019 incontro. Oggi pu\u00f2 essere l\u2019 occasione per i vescovi di conoscere la ciliegia di Turi, la prossima volta potrebbe essere la volta del percoco. Con grande emozione ha commentato che un connubio tra amministrazione e clericato cos\u00ec ben riuscito ,non pu\u00f2 che essere il preludio ad altri importanti eventi.<\/p>\n<p align=\"justify\">\u00a0<\/p>\n<p align=\"justify\">{gallery}gallerie\/2009\/EpiscopaleTuri{\/gallery}<\/p>\n","protected":false},"excerpt":{"rendered":"<p><img loading=\"lazy\" decoding=\"async\" height=\"240\" width=\"320\" style=\"margin: 5px; float: left; width: 320px; height: 240px;\" title=\"foto_di_monica_notarnicola_01.jpg\" alt=\"foto_di_monica_notarnicola_01.jpg\" src=\"images\/stories\/archiviofoto\/foto_di_monica_notarnicola_01.jpg\" \/> <\/p>\n","protected":false},"author":1,"featured_media":0,"comment_status":"open","ping_status":"closed","sticky":false,"template":"","format":"standard","meta":{"colormag_page_container_layout":"default_layout","colormag_page_sidebar_layout":"default_layout","footnotes":""},"categories":[7],"tags":[],"class_list":["post-4903","post","type-post","status-publish","format-standard","hentry","category-attualita"],"_links":{"self":[{"href":"https:\/\/archivioturi.lavocedelpaese.info\/index.php\/wp-json\/wp\/v2\/posts\/4903","targetHints":{"allow":["GET"]}}],"collection":[{"href":"https:\/\/archivioturi.lavocedelpaese.info\/index.php\/wp-json\/wp\/v2\/posts"}],"about":[{"href":"https:\/\/archivioturi.lavocedelpaese.info\/index.php\/wp-json\/wp\/v2\/types\/post"}],"author":[{"embeddable":true,"href":"https:\/\/archivioturi.lavocedelpaese.info\/index.php\/wp-json\/wp\/v2\/users\/1"}],"replies":[{"embeddable":true,"href":"https:\/\/archivioturi.lavocedelpaese.info\/index.php\/wp-json\/wp\/v2\/comments?post=4903"}],"version-history":[{"count":0,"href":"https:\/\/archivioturi.lavocedelpaese.info\/index.php\/wp-json\/wp\/v2\/posts\/4903\/revisions"}],"wp:attachment":[{"href":"https:\/\/archivioturi.lavocedelpaese.info\/index.php\/wp-json\/wp\/v2\/media?parent=4903"}],"wp:term":[{"taxonomy":"category","embeddable":true,"href":"https:\/\/archivioturi.lavocedelpaese.info\/index.php\/wp-json\/wp\/v2\/categories?post=4903"},{"taxonomy":"post_tag","embeddable":true,"href":"https:\/\/archivioturi.lavocedelpaese.info\/index.php\/wp-json\/wp\/v2\/tags?post=4903"}],"curies":[{"name":"wp","href":"https:\/\/api.w.org\/{rel}","templated":true}]}}