{"id":487,"date":"2009-10-19T12:10:31","date_gmt":"2009-10-19T12:10:31","guid":{"rendered":"https:\/\/archivioturi.lavocedelpaese.info\/index.php\/2009\/10\/19\/occhio-puntato-alla-classifica-autunnale\/"},"modified":"2009-10-19T12:10:31","modified_gmt":"2009-10-19T12:10:31","slug":"occhio-puntato-alla-classifica-autunnale","status":"publish","type":"post","link":"https:\/\/archivioturi.lavocedelpaese.info\/index.php\/2009\/10\/19\/occhio-puntato-alla-classifica-autunnale\/","title":{"rendered":"OCCHIO PUNTATO ALLA CLASSIFICA AUTUNNALE"},"content":{"rendered":"<p><img loading=\"lazy\" decoding=\"async\" class=\" alignleft size-full wp-image-182\" style=\"margin: 5px; float: left;\" alt=\"occhiosalato\" src=\"https:\/\/archivioturi.lavocedelpaese.info\/wp-content\/uploads\/2009\/08\/occhiosalato.jpg\" width=\"320\" height=\"156\" srcset=\"https:\/\/archivioturi.lavocedelpaese.info\/wp-content\/uploads\/2009\/08\/occhiosalato.jpg 410w, https:\/\/archivioturi.lavocedelpaese.info\/wp-content\/uploads\/2009\/08\/occhiosalato-300x146.jpg 300w\" sizes=\"auto, (max-width: 320px) 100vw, 320px\" \/> <\/p>\n<p><strong>Voto 10: il Paese-Fax-Turiweb.<\/strong> Apprendiamo che all&#8217;assemblea dei giovani del Pdl si \u00e8 detto che la stampa turese \u00e8 contro l&#8217;Amministrazione Gigantelli. Vivaddio! \u00c8 una fortuna che sia cos\u00ec. Diceva Indro Montanelli: il mio giornale, anche adesso che il premier \u00e8 Berlusconi, deve essere sempre all&#8217;opposizione di chi ci governa. Secondo me la stampa locale lo fa in modo troppo soft ma, il paese per motivi \u201cics\u201d, Fax per motivi \u201ciupsilon\u201d, Turiweb per motivi \u201czeta\u201d, potrebbero attaccare questa Amministrazione di pi\u00f9 e meglio, tanti sono i motivi validi per farlo. Ricordiamo che \u00e8 un&#8217;amministrazione basata su Tundo-De Florio-Cazzetta, con un sindaco a mezzo servizio e con D&#8217;Autilia che sembra abbia perso l&#8217;entusiasmo iniziale. Ribadiamo in compenso che Gigantelli \u00e8 stato bravo a volere in Giunta la presenza di quel tutto-fare, pronto-a-tutto, tutt\u00f2logo d&#8217;un Antonio Tateo, assunto per togliere le castagne dal fuoco a tutti i colleghi.<\/p>\n<p><strong>Voto 9: Piero Palasciano. <\/strong>Pediatra. Professionista preparato. Portatore-sano di diagnosi perfette, di terapie mirate, di intuizioni geniali e di consigli medici precisi, decisi, decisivi. Avete presente il Palasciano politico? Ecco, Piero con il camice \u00e8 tutta un&#8217;altra cosa. Gli bastano poche parole al telefono per tranquillizzare madri in sofferenza per febbri alte di stagione. Ha sempre le idee chiare sulla terapia per tutte le evenienze. Ma soprattutto \u00e8 convincente, rilassante, defibrillante. \u00c8 l&#8217;alter ego del Palasciano-politico. Un alter ego che pi\u00f9 alter non si pu\u00f2.<\/p>\n<p><strong>Voto 8: FIDAS. <\/strong>Associazione presente da sempre nel nostro paese. I primi anni, i soliti saputelli da stra-pazzo ipotizzavano che avrebbe chiuso i battenti entro qualche anno. Invece&#8230; Non solo \u00e8 sopravvissuta all&#8217;auto-allontanamento di Aldo Valentini che, per anni, \u00e8 stato al tempo stesso anima, mente e manovalanza dell&#8217;Associazione FIDAS, ma ha continuato a vivere facendo tutto il suo dovere. Intanto l&#8217;Associazione, finita nelle mani di donne intelligenti e umili, \u00e8 andata ancora avanti senza rimpiangere chicchess\u00eca. D&#8217;ora in poi, quando ci diranno che a Turi tutto finisce, che niente dura, sappiamo che esempio fare: l&#8217;esempio della FIDAS. Stima immutata negli anni va dall&#8217;autore di questa rubrica a tutti gli esponenti che si sono succeduti in questi anni nel direttivo.<\/p>\n<p><strong>Voto 7: Pietro Salice<\/strong>&#8211;<strong>Pietro Risplendente. <\/strong>Tanto entusiasmo intorno a Salice eletto segretario 10 mesi fa. Poi giorno dopo giorno l&#8217;inarrestabile calo del desiderio, della voglia di essere protagonisti, di dire la propria. Qualche buona iniziativa e la &#8216;mazzata&#8217; elettorale. In estate se ne va al mare e tira i remi in barca. Va ad aspettare che arrivi ottobre, il mese di fuoco che lo attende, suo malgrado, fino alle Primarie del 25. Ma mentre rallentava Salice, accelerava Risplendente che si dedicava, da unico consigliere comunale del Pd, al partito. Con la stampa si faceva trovare sempre pronto e ben disposto e, a volte, scriveva delle sue riflessioni sul momento politico. Fino a diventare lui il punto di riferimento vero, il segretario aggiunto, quello che era sempre informato su tutto. Ora il duo Pietro &amp; Pietro attende il giorno delle Primarie. E, dopo qualche settimana, l&#8217;elezione del nuovo direttivo. Dopo il doppio segretario ci si aspetta un cambiamento radicale. E un nuovo (e giovane?) segretario, che abbia idee e voglia di lavorare e far bene. Punto.<\/p>\n<p><strong>Voto 6: Natalino Ventrella.<\/strong> SCOOP!!! Abbiamo saputo, grazie ad un nemico (in) Comune, che cosa ha scritto Natalino il Grande in una lettera spedita al dottor Vito Donato Valentini, nella quale cerca di presentarsi e descriversi. Questa sua originale presentazione gli vale la sufficienza. \u201cMi chiam Natalin Ventr\u00e8l. Sono libero professionist, economist, finanz, famos ragionier, grand figlio d&#8217;un Andre\u00f2tt, grand figlio non riconosciut da Mast\u00e8l, grand facc d&#8217;br\u00f2nz, gran parac\u00f9, gran Marni\u00e8, punt d\u00e8bol della opposiz, astensionist, fut\u00f9r cabarett\u00ecst, ecc, ecc&#8230;&#8221;<\/p>\n<p><strong>Voto 5: Natalino Ventrella. <\/strong>Ancora lui! Ma non dovevamo non vederci pi\u00f9? Dobbiamo una spiegazione a chi ci legge. I motivi per cui Natalino ri-compare in classifica sono tre:<\/p>\n<p>1) Natalino non c&#8217;\u00e8 sull&#8217;ultimo numero di Fax. E vi sembra poco? Voi dovete sapere che se Natalino non compare su un organo di informazione, va in crisi di astinenza con sintomi terrificanti: logorrea postprandiale, scurrilit\u00e0 preserale, letargia domenicale, telefonomania notturna, egocentrismo all&#8217;ennesima, ecc.<\/p>\n<p>2) Ha preso a commentare su Turiweb i commenti alla sua intervista. E presto passer\u00e0 a commentare i suoi stessi commenti.<\/p>\n<p>3) Ci \u00e8 simpatico, \u00e8 sincero e cominciamo a pensare che il ragazzo si far\u00e0&#8230; e comunque, ammettiamolo, \u00e8 in lotta per \u201cil Personaggio turese dell&#8217;anno\u201d che proclameremo e premieremo a dicembre (con l&#8217;aiuto di tutti i lettori di Turiweb).<\/p>\n<p><strong>Voto 4: Michele Boccardi. <\/strong>All&#8217;assemblea dei giovani Pidiellini, il prode Michele ha chiamato a raccolta tutti quelli che \u201cvogliono\u201d e ha detto ufficialmente che si candider\u00e0 alle prossime regionali. Ma perch\u00e8 si candider\u00e0? Dopo la dimostrazione di presenza anonima, Boccardi sar\u00e0 ricordato per i suoi silenzi, per essersi spogliato di ogni carica e, infine, per aver promesso che avrebbe fatto da garante del programma elettorale. Che fine ha fatto la sua delega al programma? Bruciata. Gli invidiamo il coraggio che Michele ha e avr\u00e0 nel buttarsi nella mischia. Impagabile infine \u00e8 il fatto che, grazie al suo sforzo economico, la nostra pallavolo maschile \u00e8 in cima alla classifica della B1.<\/p>\n<p><strong>Voto 3: Ex-cinema Zaccheo.<\/strong> \u00c8 l&#8217;argomento del momento. \u00c8 polemica infuocata. E non accenna a diminuire. Noi ci mettiamo del nostro e ci chiediamo: ma chi glielo ha fatto fare a Gigantelli di scrivere nel programma elettorale cosa sarebbe diventato il cinema Zaccheo? Ora Gigantelli non ha tenuto conto di ci\u00f2 lui stesso ha scritto sul suo programma elettorale, non ha chiesto un parere alla popolazione, non ha chiesto un parere al Consiglio comunale se non a cose fatte. Ha fatto di testa sua. E il risultato dovrebbe essere un palazzone di 6 piani con 36 appartamenti. Ci rifiutiamo di pensare che Gigantelli voglia davvero questo. Possiamo sperare che cambi idea?<\/p>\n<p><strong>Voto 2: Piero Palasciano. <\/strong>Il voto \u00e8 al Palasciano improvvisatosi politico e scopertosi impreparato. Indeciso. Insicuro. Incerto. Impaurito. Col senno di poi Piero poteva fare a meno di questa esperienza. Ma, secondo voi, lui pu\u00f2 stare un giorno intero ad un Consiglio comunale per sentire l&#8217;opposizione che si parla addosso e l&#8217;amministrazione che fa finta di ascoltare e poi fa ci\u00f2 che vuole? E cos\u00ec Piero, nella sua testa piena di diagnosi, ricette e paracetamolo, fa ancora fatica a non scambiare PIP per PUG, BOC per POR, Gasp per Gulp. Tutti hanno capito che la politica non \u00e8 per lui, e lui non \u00e8 per la politica. Si perdessero di vista. E noi ci dimenticheremo presto del Palasciano politico&#8230;<\/p>\n<p><strong>Voto 1: Uva Italia.<\/strong> Ex-oro giallo. Ma ora la situazione \u00e8 nera. Con i produttori rossi per la rabbia. La sovrapproduzione \u00e8 l&#8217;unica causa? Certo ne produciamo tanta. E ne mangiamo di meno di una volta. Il prezzo? Una miseria (30\/40 cent. il chilo) per i coltivatori. E appena dentro Turi al primo o al secondo fruttivendolo che trovi il prezzo \u00e8 gi\u00e0 salito a 1 euro e 50. La gente a quei prezzi ne compra meno e la sovrapproduzione si accentua. Insomma, non c&#8217;\u00e8 una cosa che va per questa uva Italia. Ma nessuno si muove. Tutti chiedono, osservano, parlano. E sparlano. Nessuna idea nuova da chi ha il dovere di avere uno straccio di idea. Si spianteranno i &#8216;tendoni&#8217;? E che coltiveremo? Non chiedete al nostro assessore all&#8217;agricoltura, Giacomo Valentini. Lui tanto si sa cosa vi dir\u00e0 di piantare. Indovinate un po&#8217;?<\/p>\n<p><img loading=\"lazy\" decoding=\"async\" class=\" size-full wp-image-486\" alt=\"vignetta-salice\" src=\"https:\/\/archivioturi.lavocedelpaese.info\/wp-content\/uploads\/2009\/10\/vignetta-salice.jpg\" width=\"660\" height=\"582\" srcset=\"https:\/\/archivioturi.lavocedelpaese.info\/wp-content\/uploads\/2009\/10\/vignetta-salice.jpg 660w, https:\/\/archivioturi.lavocedelpaese.info\/wp-content\/uploads\/2009\/10\/vignetta-salice-300x265.jpg 300w\" sizes=\"auto, (max-width: 660px) 100vw, 660px\" \/><\/p>\n","protected":false},"excerpt":{"rendered":"<p><img loading=\"lazy\" decoding=\"async\" class=\" alignleft size-full wp-image-182\" style=\"margin: 5px; float: left;\" alt=\"occhiosalato\" src=\"https:\/\/archivioturi.lavocedelpaese.info\/wp-content\/uploads\/2009\/08\/occhiosalato.jpg\" width=\"320\" height=\"156\" srcset=\"https:\/\/archivioturi.lavocedelpaese.info\/wp-content\/uploads\/2009\/08\/occhiosalato.jpg 410w, https:\/\/archivioturi.lavocedelpaese.info\/wp-content\/uploads\/2009\/08\/occhiosalato-300x146.jpg 300w\" sizes=\"auto, (max-width: 320px) 100vw, 320px\" \/> <\/p>\n","protected":false},"author":1,"featured_media":182,"comment_status":"open","ping_status":"closed","sticky":false,"template":"","format":"standard","meta":{"colormag_page_container_layout":"default_layout","colormag_page_sidebar_layout":"default_layout","footnotes":""},"categories":[7],"tags":[],"class_list":["post-487","post","type-post","status-publish","format-standard","has-post-thumbnail","hentry","category-attualita"],"_links":{"self":[{"href":"https:\/\/archivioturi.lavocedelpaese.info\/index.php\/wp-json\/wp\/v2\/posts\/487","targetHints":{"allow":["GET"]}}],"collection":[{"href":"https:\/\/archivioturi.lavocedelpaese.info\/index.php\/wp-json\/wp\/v2\/posts"}],"about":[{"href":"https:\/\/archivioturi.lavocedelpaese.info\/index.php\/wp-json\/wp\/v2\/types\/post"}],"author":[{"embeddable":true,"href":"https:\/\/archivioturi.lavocedelpaese.info\/index.php\/wp-json\/wp\/v2\/users\/1"}],"replies":[{"embeddable":true,"href":"https:\/\/archivioturi.lavocedelpaese.info\/index.php\/wp-json\/wp\/v2\/comments?post=487"}],"version-history":[{"count":0,"href":"https:\/\/archivioturi.lavocedelpaese.info\/index.php\/wp-json\/wp\/v2\/posts\/487\/revisions"}],"wp:featuredmedia":[{"embeddable":true,"href":"https:\/\/archivioturi.lavocedelpaese.info\/index.php\/wp-json\/wp\/v2\/media\/182"}],"wp:attachment":[{"href":"https:\/\/archivioturi.lavocedelpaese.info\/index.php\/wp-json\/wp\/v2\/media?parent=487"}],"wp:term":[{"taxonomy":"category","embeddable":true,"href":"https:\/\/archivioturi.lavocedelpaese.info\/index.php\/wp-json\/wp\/v2\/categories?post=487"},{"taxonomy":"post_tag","embeddable":true,"href":"https:\/\/archivioturi.lavocedelpaese.info\/index.php\/wp-json\/wp\/v2\/tags?post=487"}],"curies":[{"name":"wp","href":"https:\/\/api.w.org\/{rel}","templated":true}]}}